{"id":9989,"date":"2024-04-09T12:35:33","date_gmt":"2024-04-09T15:35:33","guid":{"rendered":"https:\/\/des-tuc.infd.edu.ar\/sitio\/?p=9989"},"modified":"2024-04-09T14:05:27","modified_gmt":"2024-04-09T17:05:27","slug":"reunion-ministerial","status":"publish","type":"post","link":"https:\/\/des-tuc.infd.edu.ar\/sitio\/reunion-ministerial\/","title":{"rendered":"REUNI\u00d3N MINISTERIAL"},"content":{"rendered":"\n<p>18 de marzo de 2024<\/p>\n\n\n\n<p><img decoding=\"async\" loading=\"lazy\" height=\"16\" width=\"16\" alt=\"&#x1f465;\" src=\"https:\/\/static.xx.fbcdn.net\/images\/emoji.php\/v9\/t2a\/2\/16\/1f465.png\">La ministra de Educaci\u00f3n, <a href=\"https:\/\/www.facebook.com\/susana.montaldo.3?__cft__[0]=AZWKGQzk0MnGc--9bkiNQKI_PuaF_K5nX4BVMgACzyAoKKIa22RITrgtXUiVy5nCLU_DZDvqpr1PuZX3hwQ_MLM2jZ2L8M0l8v2mw0WeWedm3JOOAurOV6A7Im6WNrE5u1sHwmOU7yrsfr5cRX-HuOJG9q1ERnj1iijZOU9MhD_uRFKjyDxY1G_72s-r7kOl9Gw&amp;__tn__=-]K-R\">Susana Montaldo<\/a>, se reuni\u00f3 en el <a href=\"https:\/\/www.facebook.com\/ciidept?__cft__[0]=AZWKGQzk0MnGc--9bkiNQKI_PuaF_K5nX4BVMgACzyAoKKIa22RITrgtXUiVy5nCLU_DZDvqpr1PuZX3hwQ_MLM2jZ2L8M0l8v2mw0WeWedm3JOOAurOV6A7Im6WNrE5u1sHwmOU7yrsfr5cRX-HuOJG9q1ERnj1iijZOU9MhD_uRFKjyDxY1G_72s-r7kOl9Gw&amp;__tn__=-]K-R\">CIIDEPT<\/a> con secretarios de Estado, subsecretarios y directores de las secretar\u00edas de Educaci\u00f3n, de Deportes y de Administraci\u00f3n, para coordinar tareas con los funcionarios y abordar importantes temas para la provincia.<\/p>\n\n\n\n<p><img decoding=\"async\" loading=\"lazy\" height=\"16\" width=\"16\" alt=\"&#x1f91d;\" src=\"https:\/\/static.xx.fbcdn.net\/images\/emoji.php\/v9\/t3\/2\/16\/1f91d.png\">El trabajo conjunto y en equipo es fundamental para lograr una educaci\u00f3n de calidad y segura para la comunidad.<\/p>\n\n\n\n<figure class=\"wp-block-gallery has-nested-images columns-default is-cropped wp-block-gallery-1 is-layout-flex\">\n<figure class=\"wp-block-image size-large\"><img decoding=\"async\" loading=\"lazy\" width=\"1280\" height=\"853\" data-id=\"9991\"  src=\"https:\/\/des-tuc.infd.edu.ar\/sitio\/wp-content\/uploads\/2024\/04\/417553337_815247100643937_5698081955439668665_n.jpg\" alt=\"\" class=\"wp-image-9991\" srcset=\"https:\/\/des-tuc.infd.edu.ar\/sitio\/wp-content\/uploads\/2024\/04\/417553337_815247100643937_5698081955439668665_n.jpg 1280w, https:\/\/des-tuc.infd.edu.ar\/sitio\/wp-content\/uploads\/2024\/04\/417553337_815247100643937_5698081955439668665_n-1000x666.jpg 1000w, https:\/\/des-tuc.infd.edu.ar\/sitio\/wp-content\/uploads\/2024\/04\/417553337_815247100643937_5698081955439668665_n-768x512.jpg 768w\" sizes=\"(max-width: 1280px) 100vw, 1280px\" \/><\/figure>\n\n\n\n<figure class=\"wp-block-image size-large\"><img decoding=\"async\" loading=\"lazy\" width=\"1280\" height=\"853\" data-id=\"9992\"  src=\"https:\/\/des-tuc.infd.edu.ar\/sitio\/wp-content\/uploads\/2024\/04\/419044632_815247180643929_1026270989141802548_n.jpg\" alt=\"\" class=\"wp-image-9992\" srcset=\"https:\/\/des-tuc.infd.edu.ar\/sitio\/wp-content\/uploads\/2024\/04\/419044632_815247180643929_1026270989141802548_n.jpg 1280w, https:\/\/des-tuc.infd.edu.ar\/sitio\/wp-content\/uploads\/2024\/04\/419044632_815247180643929_1026270989141802548_n-1000x666.jpg 1000w, https:\/\/des-tuc.infd.edu.ar\/sitio\/wp-content\/uploads\/2024\/04\/419044632_815247180643929_1026270989141802548_n-768x512.jpg 768w\" sizes=\"(max-width: 1280px) 100vw, 1280px\" \/><\/figure>\n\n\n\n<figure class=\"wp-block-image size-large\"><img decoding=\"async\" loading=\"lazy\" width=\"1280\" height=\"853\" data-id=\"9990\"  src=\"https:\/\/des-tuc.infd.edu.ar\/sitio\/wp-content\/uploads\/2024\/04\/417694507_815247107310603_2517030444067251176_n.jpg\" alt=\"\" class=\"wp-image-9990\" srcset=\"https:\/\/des-tuc.infd.edu.ar\/sitio\/wp-content\/uploads\/2024\/04\/417694507_815247107310603_2517030444067251176_n.jpg 1280w, https:\/\/des-tuc.infd.edu.ar\/sitio\/wp-content\/uploads\/2024\/04\/417694507_815247107310603_2517030444067251176_n-1000x666.jpg 1000w, https:\/\/des-tuc.infd.edu.ar\/sitio\/wp-content\/uploads\/2024\/04\/417694507_815247107310603_2517030444067251176_n-768x512.jpg 768w\" sizes=\"(max-width: 1280px) 100vw, 1280px\" \/><\/figure>\n<\/figure>\n\n\n\n<p>Fuente: <a href=\"https:\/\/www.facebook.com\/educaciontuc\/posts\/pfbid031LStujZhdcQwHcfkxWs4mwxWDZuazFuRTCDqqDnh6R1PhhpYQxWuduZTr7uWKbAql\" target=\"_blank\" rel=\"noreferrer noopener\">https:\/\/www.facebook.com\/educaciontuc\/posts\/pfbid031LStujZhdcQwHcfkxWs4mwxWDZuazFuRTCDqqDnh6R1PhhpYQxWuduZTr7uWKbAql<\/a><\/p>\n","protected":false},"excerpt":{"rendered":"<p>18 de marzo de 2024 La ministra de Educaci\u00f3n, Susana Montaldo, se reuni\u00f3 en el CIIDEPT con secretarios de Estado, subsecretarios y directores de las secretar\u00edas de Educaci\u00f3n, de Deportes y de Administraci\u00f3n, para coordinar tareas con los funcionarios y abordar importantes temas para la provincia. El trabajo conjunto y en equipo es fundamental para &#8230; <a title=\"REUNI\u00d3N MINISTERIAL\" class=\"read-more\" href=\"https:\/\/des-tuc.infd.edu.ar\/sitio\/reunion-ministerial\/\" aria-label=\"More on REUNI\u00d3N MINISTERIAL\">[+]<\/a><\/p>\n","protected":false},"author":543,"featured_media":9993,"comment_status":"closed","ping_status":"closed","sticky":false,"template":"","format":"standard","meta":[],"categories":[7,6],"tags":[],"acf":[],"_links":{"self":[{"href":"https:\/\/des-tuc.infd.edu.ar\/sitio\/wp-json\/wp\/v2\/posts\/9989"}],"collection":[{"href":"https:\/\/des-tuc.infd.edu.ar\/sitio\/wp-json\/wp\/v2\/posts"}],"about":[{"href":"https:\/\/des-tuc.infd.edu.ar\/sitio\/wp-json\/wp\/v2\/types\/post"}],"author":[{"embeddable":true,"href":"https:\/\/des-tuc.infd.edu.ar\/sitio\/wp-json\/wp\/v2\/users\/543"}],"replies":[{"embeddable":true,"href":"https:\/\/des-tuc.infd.edu.ar\/sitio\/wp-json\/wp\/v2\/comments?post=9989"}],"version-history":[{"count":3,"href":"https:\/\/des-tuc.infd.edu.ar\/sitio\/wp-json\/wp\/v2\/posts\/9989\/revisions"}],"predecessor-version":[{"id":9998,"href":"https:\/\/des-tuc.infd.edu.ar\/sitio\/wp-json\/wp\/v2\/posts\/9989\/revisions\/9998"}],"wp:featuredmedia":[{"embeddable":true,"href":"https:\/\/des-tuc.infd.edu.ar\/sitio\/wp-json\/wp\/v2\/media\/9993"}],"wp:attachment":[{"href":"https:\/\/des-tuc.infd.edu.ar\/sitio\/wp-json\/wp\/v2\/media?parent=9989"}],"wp:term":[{"taxonomy":"category","embeddable":true,"href":"https:\/\/des-tuc.infd.edu.ar\/sitio\/wp-json\/wp\/v2\/categories?post=9989"},{"taxonomy":"post_tag","embeddable":true,"href":"https:\/\/des-tuc.infd.edu.ar\/sitio\/wp-json\/wp\/v2\/tags?post=9989"}],"curies":[{"name":"wp","href":"https:\/\/api.w.org\/{rel}","templated":true}]}}