{"id":2090,"date":"2020-03-27T14:42:55","date_gmt":"2020-03-27T17:42:55","guid":{"rendered":"https:\/\/des-tuc.infd.edu.ar\/sitio\/?p=2090"},"modified":"2020-03-27T15:29:11","modified_gmt":"2020-03-27T18:29:11","slug":"balances-de-politicas-estudiantiles-acompanamientos-virtuales-a-los-estudiantes-ies","status":"publish","type":"post","link":"https:\/\/des-tuc.infd.edu.ar\/sitio\/balances-de-politicas-estudiantiles-acompanamientos-virtuales-a-los-estudiantes-ies\/","title":{"rendered":"Balances de Pol\u00edticas Estudiantiles: Acompa\u00f1amientos virtuales a los Estudiantes IES"},"content":{"rendered":"<p>La <strong>Direcci\u00f3n de educaci\u00f3n Superior y Art\u00edstica<\/strong> mantiene el trabajo por coordinaci\u00f3n durante el per\u00edodo de aislamiento social obligatorio. La <a href=\"https:\/\/des-tuc.infd.edu.ar\/sitio\/politicas-estudiantiles-y-becas\/\" target=\"_blank\" rel=\"noopener\">L\u00ednea de Pol\u00edticas Estudiantiles<\/a>, de la<a href=\"https:\/\/des-tuc.infd.edu.ar\/sitio\/coordinacion-territorial\/\" target=\"_blank\" rel=\"noopener\"> Coordinaci\u00f3n Territorial<\/a>, se encuentra realizando una labor clave durante la situaci\u00f3n irregular que la comunidad debe vivir por la pandemia: Seguimiento, coordinaci\u00f3n y gu\u00eda para los estudiantes del Nivel Superior.<\/p>\n<p>A trav\u00e9s de los CIPEs (Coordinadores Institucionales de Pol\u00edticas Estudiantiles) y referentes de Centros de Estudiantes se mantiene la comunicaci\u00f3n con estos espacios para conocer c\u00f3mo atraviesan los estudiantes la experiencia del proceso de ense\u00f1anza y aprendizaje de manera digital.<\/p>\n<p><span style=\"font-weight: 400;\">\u00abEn esta segunda semana, desde el d\u00eda mi\u00e9rcoles 25\/03 hasta la fecha me estoy comunicando con distintos grupos de estudiantes de la provincia y realizando el seguimiento del proceso de devoluciones y consultas de las clases y tareas virtuales\u00bb explic\u00f3 <strong>Lorena Cabrera<\/strong>, referente de la L\u00ednea de Pol\u00edticas Estudiantiles. Y acota que la mayor\u00eda de las aulas virtuales se\u00a0 implementaron durante esta semana, \u00abson pocos los docentes que ya contaban con dicha modalidad; sin embargo, la mayor\u00eda de los IES se organizaron desde un link o p\u00e1gina del instituto y grupos de WhatsApp para enviar los archivos con las clases\u00bb.\u00a0<\/span><\/p>\n<h2>Problemas de conectividad en cuarentena \u00bfC\u00f3mo se trabaja?<\/h2>\n<p><span style=\"font-weight: 400;\">\u00abDebido a diversos problemas de conectividad de muchos estudiantes, los grupos de WhatsApp siguen siendo hasta ahora la opci\u00f3n m\u00e1s popular de comunicaci\u00f3n y env\u00edo de materiales\u00bb, reconoce Cabrera. Esto se debe a que para muchos estudiantes dicho servicio les es gratuito.\u00a0<\/span><\/p>\n<p>La solidaridad es un punto que se destaca en estos tiempos, los estudiantes agradecen a aquellos que tiene conexi\u00f3n constante y pueden revisar notas, descargar material y mantener al tanto al resto del grupo, sobre novedades que hay entorno a tareas.<\/p>\n<p><a href=\"https:\/\/des-tuc.infd.edu.ar\/sitio\/la-desya-puso-a-disposicion-un-link-en-donde-los-estudiantes-del-nivel-superior-encontraran-las-actividades-por-materia\/\" target=\"_blank\" rel=\"noopener\">El link que dispuso la DESyA para los estudiantes de los Institutos de Ense\u00f1anza Superior estatales permanece activo<\/a>, con la posibilidad de ingresar en cualquier momento que se tenga disponible. En el mismo se encuentran registrados todos los IES estatales de la provincia, cada carpeta se subdivide en carreras, a\u00f1os y materias.<\/p>\n","protected":false},"excerpt":{"rendered":"<p>La Direcci\u00f3n de educaci\u00f3n Superior y Art\u00edstica mantiene el trabajo por coordinaci\u00f3n durante el per\u00edodo de aislamiento social obligatorio. La L\u00ednea de Pol\u00edticas Estudiantiles, de la Coordinaci\u00f3n Territorial, se encuentra realizando una labor clave durante la situaci\u00f3n irregular que la comunidad debe vivir por la pandemia: Seguimiento, coordinaci\u00f3n y gu\u00eda para los estudiantes del Nivel &#8230; <a title=\"Balances de Pol\u00edticas Estudiantiles: Acompa\u00f1amientos virtuales a los Estudiantes IES\" class=\"read-more\" href=\"https:\/\/des-tuc.infd.edu.ar\/sitio\/balances-de-politicas-estudiantiles-acompanamientos-virtuales-a-los-estudiantes-ies\/\" aria-label=\"More on Balances de Pol\u00edticas Estudiantiles: Acompa\u00f1amientos virtuales a los Estudiantes IES\">[+]<\/a><\/p>\n","protected":false},"author":408,"featured_media":2091,"comment_status":"open","ping_status":"open","sticky":false,"template":"","format":"standard","meta":[],"categories":[8,7,6],"tags":[23,20],"acf":[],"_links":{"self":[{"href":"https:\/\/des-tuc.infd.edu.ar\/sitio\/wp-json\/wp\/v2\/posts\/2090"}],"collection":[{"href":"https:\/\/des-tuc.infd.edu.ar\/sitio\/wp-json\/wp\/v2\/posts"}],"about":[{"href":"https:\/\/des-tuc.infd.edu.ar\/sitio\/wp-json\/wp\/v2\/types\/post"}],"author":[{"embeddable":true,"href":"https:\/\/des-tuc.infd.edu.ar\/sitio\/wp-json\/wp\/v2\/users\/408"}],"replies":[{"embeddable":true,"href":"https:\/\/des-tuc.infd.edu.ar\/sitio\/wp-json\/wp\/v2\/comments?post=2090"}],"version-history":[{"count":4,"href":"https:\/\/des-tuc.infd.edu.ar\/sitio\/wp-json\/wp\/v2\/posts\/2090\/revisions"}],"predecessor-version":[{"id":2095,"href":"https:\/\/des-tuc.infd.edu.ar\/sitio\/wp-json\/wp\/v2\/posts\/2090\/revisions\/2095"}],"wp:featuredmedia":[{"embeddable":true,"href":"https:\/\/des-tuc.infd.edu.ar\/sitio\/wp-json\/wp\/v2\/media\/2091"}],"wp:attachment":[{"href":"https:\/\/des-tuc.infd.edu.ar\/sitio\/wp-json\/wp\/v2\/media?parent=2090"}],"wp:term":[{"taxonomy":"category","embeddable":true,"href":"https:\/\/des-tuc.infd.edu.ar\/sitio\/wp-json\/wp\/v2\/categories?post=2090"},{"taxonomy":"post_tag","embeddable":true,"href":"https:\/\/des-tuc.infd.edu.ar\/sitio\/wp-json\/wp\/v2\/tags?post=2090"}],"curies":[{"name":"wp","href":"https:\/\/api.w.org\/{rel}","templated":true}]}}