{"id":2055,"date":"2020-03-17T19:17:13","date_gmt":"2020-03-17T22:17:13","guid":{"rendered":"https:\/\/des-tuc.infd.edu.ar\/sitio\/?p=2055"},"modified":"2020-03-18T15:29:15","modified_gmt":"2020-03-18T18:29:15","slug":"se-activo-el-protocolo-de-acompanamiento-a-los-ies-desde-la-desya","status":"publish","type":"post","link":"https:\/\/des-tuc.infd.edu.ar\/sitio\/se-activo-el-protocolo-de-acompanamiento-a-los-ies-desde-la-desya\/","title":{"rendered":"Se activ\u00f3 el protocolo de acompa\u00f1amiento a los IES desde la DESyA"},"content":{"rendered":"<p>Desde la <strong>Direcci\u00f3n de Educaci\u00f3n Superior y Art\u00edstica<\/strong> se dispuso de un equipo para que se encargue exclusivamente de los Institutos de Ense\u00f1anza Superior de gesti\u00f3n estatal, para acompa\u00f1arlos en la presentaci\u00f3n de las clases virtuales en la p\u00e1gina\u00a0<a href=\"https:\/\/conectate.educaciontuc.gov.ar\/\" target=\"_blank\" rel=\"noopener\">Conectate.educaciontuc.gov.ar.<\/a><\/p>\n<p>En la pesta\u00f1a \u00abRecursos\u00bb se encuentra la opci\u00f3n<a href=\"https:\/\/conectate.educaciontuc.gov.ar\/orientaciones-para-estudiantes-y-docentes-de-nivel-superior\/\" target=\"_blank\" rel=\"noopener\"> Superior<\/a>\u00a0donde docentes y estudiantes encontrar\u00e1n informaci\u00f3n de relevancia.<\/p>\n<p>Cada encargado de la DESyA asesora y gu\u00eda a los directivos de cada IES en el env\u00edo de los contenidos correspondientes.\u00a0Las propuestas ser\u00e1n difundidas en la plataforma, para que los estudiantes puedan acceder a las mismas y tener el primer contacto con las disciplinas que les corresponden cursas en el presente a\u00f1o.<\/p>\n<p>Por otra parte, si los docentes ya cuentan con otras formas de estar en contacto con sus estudiantes, ya sea por Drive, Whatsapp o correo electr\u00f3nico, son opciones pertinentes para facilitar una comunicaci\u00f3n m\u00e1s fluida con el grupo-clase.<\/p>\n<p>Todas las medidas resultan de gran valor en el cuidado del proceso de formaci\u00f3n para los estudiantes. Durante estas semanas se fomenta la posibilidad del aprendizaje virtual, un desaf\u00edo para muchos, pero tambi\u00e9n una pr\u00e1ctica ya ejercida por docentes que incorporaron el uso de las TIC como estrategia en sus planificaciones. La oportunidad es para toda la comunidad educativa del Nivel Superior.<\/p>\n","protected":false},"excerpt":{"rendered":"<p>Desde la Direcci\u00f3n de Educaci\u00f3n Superior y Art\u00edstica se dispuso de un equipo para que se encargue exclusivamente de los Institutos de Ense\u00f1anza Superior de gesti\u00f3n estatal, para acompa\u00f1arlos en la presentaci\u00f3n de las clases virtuales en la p\u00e1gina\u00a0Conectate.educaciontuc.gov.ar. En la pesta\u00f1a \u00abRecursos\u00bb se encuentra la opci\u00f3n Superior\u00a0donde docentes y estudiantes encontrar\u00e1n informaci\u00f3n de relevancia. &#8230; <a title=\"Se activ\u00f3 el protocolo de acompa\u00f1amiento a los IES desde la DESyA\" class=\"read-more\" href=\"https:\/\/des-tuc.infd.edu.ar\/sitio\/se-activo-el-protocolo-de-acompanamiento-a-los-ies-desde-la-desya\/\" aria-label=\"More on Se activ\u00f3 el protocolo de acompa\u00f1amiento a los IES desde la DESyA\">[+]<\/a><\/p>\n","protected":false},"author":408,"featured_media":2063,"comment_status":"open","ping_status":"open","sticky":false,"template":"","format":"standard","meta":[],"categories":[6],"tags":[],"acf":[],"_links":{"self":[{"href":"https:\/\/des-tuc.infd.edu.ar\/sitio\/wp-json\/wp\/v2\/posts\/2055"}],"collection":[{"href":"https:\/\/des-tuc.infd.edu.ar\/sitio\/wp-json\/wp\/v2\/posts"}],"about":[{"href":"https:\/\/des-tuc.infd.edu.ar\/sitio\/wp-json\/wp\/v2\/types\/post"}],"author":[{"embeddable":true,"href":"https:\/\/des-tuc.infd.edu.ar\/sitio\/wp-json\/wp\/v2\/users\/408"}],"replies":[{"embeddable":true,"href":"https:\/\/des-tuc.infd.edu.ar\/sitio\/wp-json\/wp\/v2\/comments?post=2055"}],"version-history":[{"count":3,"href":"https:\/\/des-tuc.infd.edu.ar\/sitio\/wp-json\/wp\/v2\/posts\/2055\/revisions"}],"predecessor-version":[{"id":2064,"href":"https:\/\/des-tuc.infd.edu.ar\/sitio\/wp-json\/wp\/v2\/posts\/2055\/revisions\/2064"}],"wp:featuredmedia":[{"embeddable":true,"href":"https:\/\/des-tuc.infd.edu.ar\/sitio\/wp-json\/wp\/v2\/media\/2063"}],"wp:attachment":[{"href":"https:\/\/des-tuc.infd.edu.ar\/sitio\/wp-json\/wp\/v2\/media?parent=2055"}],"wp:term":[{"taxonomy":"category","embeddable":true,"href":"https:\/\/des-tuc.infd.edu.ar\/sitio\/wp-json\/wp\/v2\/categories?post=2055"},{"taxonomy":"post_tag","embeddable":true,"href":"https:\/\/des-tuc.infd.edu.ar\/sitio\/wp-json\/wp\/v2\/tags?post=2055"}],"curies":[{"name":"wp","href":"https:\/\/api.w.org\/{rel}","templated":true}]}}