{"id":2049,"date":"2020-03-16T15:25:59","date_gmt":"2020-03-16T18:25:59","guid":{"rendered":"https:\/\/des-tuc.infd.edu.ar\/sitio\/?p=2049"},"modified":"2020-03-17T20:05:12","modified_gmt":"2020-03-17T23:05:12","slug":"desde-la-desya-se-coordinan-acciones-con-los-institutos-para-garantizar-clases-virtuales-a-los-estudiantes-ies","status":"publish","type":"post","link":"https:\/\/des-tuc.infd.edu.ar\/sitio\/desde-la-desya-se-coordinan-acciones-con-los-institutos-para-garantizar-clases-virtuales-a-los-estudiantes-ies\/","title":{"rendered":"Desde la DESyA se coordinan acciones con los institutos para garantizar clases virtuales a los estudiantes IES"},"content":{"rendered":"<p style=\"font-weight: 400; text-align: left;\">La directora de <strong>Educaci\u00f3n Superior y Art\u00edstica<\/strong>, Lic. <strong>Adriana Cuello<\/strong>, en consideraci\u00f3n a las medidas ordenadas por el Gobierno Nacional y el Provincial con respecto al cierre de las instituciones escolares, coordina con los directivos de los Institutos de Ense\u00f1anza Superior, que mientras dure la suspensi\u00f3n de clases en las instituciones, se garantice la continuidad de la ense\u00f1anza \u00a0mediante la utilizaci\u00f3n de las \u00a0plataformas virtuales que se disponen.<\/p>\n<p>Docentes y directivos cuentan con los siguientes espacios virtuales para concretar el objetivo:<\/p>\n<ul style=\"font-weight: 400;\">\n<li>P\u00e1gina web de la instituci\u00f3n.<\/li>\n<li>Plataforma del Ministerio de Educaci\u00f3n de la Provincia\u00a0<a href=\"http:\/\/conectate.educaciontuc.gov.ar\/\" data-saferedirecturl=\"https:\/\/www.google.com\/url?q=http:\/\/conectate.educaciontuc.gov.ar\/&amp;source=gmail&amp;ust=1584467592637000&amp;usg=AFQjCNFqfG_TWao4WfqdjZ4g7JaH7hFInw\">http:\/\/conectate.educaciontuc.gov.ar\/<\/a><\/li>\n<li>Plataforma virtual del INFOD.<\/li>\n<\/ul>\n<p>En cuanto a la metodolog\u00eda de trabajo ser\u00e1 la siguiente:<\/p>\n<p>a) El docente a cargo de cada espacio curricular y\/o Taller Proped\u00e9utico, elevar\u00e1 al Coordinador de su Profesorado o Tecnicatura la propuesta de clase virtual con el material y las actividades a desarrollar (una propuesta por clase, la cantidad de clases que tenga durante las dos semanas de suspensi\u00f3n de clases en las instituciones).<\/p>\n<p>b) El Coordinador de carrera con un \u00a0referente digital institucional, si es necesario, controlar\u00e1 \u00a0las clases virtuales a medida que las vaya recibiendo \u00a0y subir\u00e1 el material en forma obligatoria a la web de la instituci\u00f3n.<\/p>\n<p>El docente que ya maneje un aula virtual del INFOD se encargar\u00e1 de ese espacio si sus estudiantes tienen acceso al mismo.<\/p>\n<p>&nbsp;<\/p>\n","protected":false},"excerpt":{"rendered":"<p>La directora de Educaci\u00f3n Superior y Art\u00edstica, Lic. Adriana Cuello, en consideraci\u00f3n a las medidas ordenadas por el Gobierno Nacional y el Provincial con respecto al cierre de las instituciones escolares, coordina con los directivos de los Institutos de Ense\u00f1anza Superior, que mientras dure la suspensi\u00f3n de clases en las instituciones, se garantice la continuidad &#8230; <a title=\"Desde la DESyA se coordinan acciones con los institutos para garantizar clases virtuales a los estudiantes IES\" class=\"read-more\" href=\"https:\/\/des-tuc.infd.edu.ar\/sitio\/desde-la-desya-se-coordinan-acciones-con-los-institutos-para-garantizar-clases-virtuales-a-los-estudiantes-ies\/\" aria-label=\"More on Desde la DESyA se coordinan acciones con los institutos para garantizar clases virtuales a los estudiantes IES\">[+]<\/a><\/p>\n","protected":false},"author":408,"featured_media":2050,"comment_status":"open","ping_status":"open","sticky":false,"template":"","format":"standard","meta":[],"categories":[6],"tags":[],"acf":[],"_links":{"self":[{"href":"https:\/\/des-tuc.infd.edu.ar\/sitio\/wp-json\/wp\/v2\/posts\/2049"}],"collection":[{"href":"https:\/\/des-tuc.infd.edu.ar\/sitio\/wp-json\/wp\/v2\/posts"}],"about":[{"href":"https:\/\/des-tuc.infd.edu.ar\/sitio\/wp-json\/wp\/v2\/types\/post"}],"author":[{"embeddable":true,"href":"https:\/\/des-tuc.infd.edu.ar\/sitio\/wp-json\/wp\/v2\/users\/408"}],"replies":[{"embeddable":true,"href":"https:\/\/des-tuc.infd.edu.ar\/sitio\/wp-json\/wp\/v2\/comments?post=2049"}],"version-history":[{"count":3,"href":"https:\/\/des-tuc.infd.edu.ar\/sitio\/wp-json\/wp\/v2\/posts\/2049\/revisions"}],"predecessor-version":[{"id":2062,"href":"https:\/\/des-tuc.infd.edu.ar\/sitio\/wp-json\/wp\/v2\/posts\/2049\/revisions\/2062"}],"wp:featuredmedia":[{"embeddable":true,"href":"https:\/\/des-tuc.infd.edu.ar\/sitio\/wp-json\/wp\/v2\/media\/2050"}],"wp:attachment":[{"href":"https:\/\/des-tuc.infd.edu.ar\/sitio\/wp-json\/wp\/v2\/media?parent=2049"}],"wp:term":[{"taxonomy":"category","embeddable":true,"href":"https:\/\/des-tuc.infd.edu.ar\/sitio\/wp-json\/wp\/v2\/categories?post=2049"},{"taxonomy":"post_tag","embeddable":true,"href":"https:\/\/des-tuc.infd.edu.ar\/sitio\/wp-json\/wp\/v2\/tags?post=2049"}],"curies":[{"name":"wp","href":"https:\/\/api.w.org\/{rel}","templated":true}]}}