{"id":2038,"date":"2020-03-13T20:06:48","date_gmt":"2020-03-13T23:06:48","guid":{"rendered":"https:\/\/des-tuc.infd.edu.ar\/sitio\/?p=2038"},"modified":"2020-03-16T12:24:42","modified_gmt":"2020-03-16T15:24:42","slug":"acompanar-y-dar-respuesta-en-territorio-a-cada-ies-de-la-provincia","status":"publish","type":"post","link":"https:\/\/des-tuc.infd.edu.ar\/sitio\/acompanar-y-dar-respuesta-en-territorio-a-cada-ies-de-la-provincia\/","title":{"rendered":"\u00abAcompa\u00f1ar y dar respuesta en territorio a cada IES de la provincia\u00bb\u00a0"},"content":{"rendered":"<p style=\"text-align: left;\">El 2020 se define como el a\u00f1o de presencia territorial hacia los IES de la provincia. <em>\u00abAcompa\u00f1ar y dar respuesta en territorio a cada IES de la provincia\u00bb<\/em> sostuvo en el cierre del ciclo del 2019, la directora de Nivel, Lic.<strong> Adriana Cuello<\/strong>. Bajo ese precepto la\u00a0semana pasada se puso en acci\u00f3n las visitas territoriales en capital.\u00a0 En capital, los IES de la <strong>Escuela Normal y Lola Mora<\/strong> fueron los primeros en contar con la participaci\u00f3n del equipo de la DESyA, como parte de la agenda de marzo. P<a href=\"https:\/\/des-tuc.infd.edu.ar\/sitio\/acompanamiento-territorial-de-la-desya-al-ies-villa-quinteros\/\" target=\"_blank\" rel=\"noopener\">reviamente se acompa\u00f1\u00f3 en los Talleres para Ingresantes en el IES Villa Quinteros, en el departamento Monteros.<\/a><\/p>\n<p>Con la creaci\u00f3n de la <a href=\"https:\/\/des-tuc.infd.edu.ar\/sitio\/coordinacion-territorial\/\" target=\"_blank\" rel=\"noopener\">Coordinaci\u00f3n Territorial<\/a> desde la <strong>Direcci\u00f3n de Educaci\u00f3n Superior y Art\u00edstica<\/strong> se dispuso como objetivo la presencia y acompa\u00f1amiento en cada instituci\u00f3n del Nivel Superior que as\u00ed lo requiera, a fin de dar respuesta inmediata a las problem\u00e1ticas que surjan.<\/p>\n<p>Cada instituci\u00f3n cuenta con sus particularidades que hacen a su idiosincrasia, lo que tambi\u00e9n determina que las acciones y dificultades que surgen sean \u00fanica y deben evaluarse a partir de la realidad institucional. Desde la DESyA se inici\u00f3 en 2019 un acompa\u00f1amiento directo a los establecimientos educativos, con la participaci\u00f3n de los diferentes equipos con los que cuenta.<\/p>\n<p>Con m\u00e1s de 20 visitas a diferentes IES de la provincia, y con un acompa\u00f1amiento constante en algunos de ellos, el Equipo Territorial alcanz\u00f3 en 2019: 3.836 kil\u00f3metros recorridos dentro de la provincia, para llegar a cada uno de los institutos. En 2020 proyecta triplicar su asistencia en los establecimientos educativos, para fortalecer la coordinaci\u00f3n institucional en el plano comunicativo, administrativo y respaldo pedag\u00f3gico.<\/p>\n<figure id=\"attachment_2041\" aria-describedby=\"caption-attachment-2041\" style=\"width: 990px\" class=\"wp-caption alignnone\"><img decoding=\"async\" loading=\"lazy\" class=\"wp-image-2041 size-medium\" src=\"https:\/\/des-tuc.infd.edu.ar\/sitio\/wp-content\/uploads\/2020\/03\/Visita-Territorial-IES-Lola-Mora-1000x486.jpg\" alt=\"\" width=\"1000\" height=\"486\" srcset=\"https:\/\/des-tuc.infd.edu.ar\/sitio\/wp-content\/uploads\/2020\/03\/Visita-Territorial-IES-Lola-Mora-1000x486.jpg 1000w, https:\/\/des-tuc.infd.edu.ar\/sitio\/wp-content\/uploads\/2020\/03\/Visita-Territorial-IES-Lola-Mora-768x373.jpg 768w, https:\/\/des-tuc.infd.edu.ar\/sitio\/wp-content\/uploads\/2020\/03\/Visita-Territorial-IES-Lola-Mora.jpg 1003w\" sizes=\"(max-width: 1000px) 100vw, 1000px\" \/><figcaption id=\"caption-attachment-2041\" class=\"wp-caption-text\">Visita Territorial al IES Lola Mora.<\/figcaption><\/figure>\n<p>&nbsp;<\/p>\n<p>&nbsp;<\/p>\n","protected":false},"excerpt":{"rendered":"<p>El 2020 se define como el a\u00f1o de presencia territorial hacia los IES de la provincia. \u00abAcompa\u00f1ar y dar respuesta en territorio a cada IES de la provincia\u00bb sostuvo en el cierre del ciclo del 2019, la directora de Nivel, Lic. Adriana Cuello. Bajo ese precepto la\u00a0semana pasada se puso en acci\u00f3n las visitas territoriales &#8230; <a title=\"\u00abAcompa\u00f1ar y dar respuesta en territorio a cada IES de la provincia\u00bb\u00a0\" class=\"read-more\" href=\"https:\/\/des-tuc.infd.edu.ar\/sitio\/acompanar-y-dar-respuesta-en-territorio-a-cada-ies-de-la-provincia\/\" aria-label=\"More on \u00abAcompa\u00f1ar y dar respuesta en territorio a cada IES de la provincia\u00bb\u00a0\">[+]<\/a><\/p>\n","protected":false},"author":408,"featured_media":2040,"comment_status":"open","ping_status":"open","sticky":false,"template":"","format":"standard","meta":[],"categories":[6],"tags":[],"acf":[],"_links":{"self":[{"href":"https:\/\/des-tuc.infd.edu.ar\/sitio\/wp-json\/wp\/v2\/posts\/2038"}],"collection":[{"href":"https:\/\/des-tuc.infd.edu.ar\/sitio\/wp-json\/wp\/v2\/posts"}],"about":[{"href":"https:\/\/des-tuc.infd.edu.ar\/sitio\/wp-json\/wp\/v2\/types\/post"}],"author":[{"embeddable":true,"href":"https:\/\/des-tuc.infd.edu.ar\/sitio\/wp-json\/wp\/v2\/users\/408"}],"replies":[{"embeddable":true,"href":"https:\/\/des-tuc.infd.edu.ar\/sitio\/wp-json\/wp\/v2\/comments?post=2038"}],"version-history":[{"count":6,"href":"https:\/\/des-tuc.infd.edu.ar\/sitio\/wp-json\/wp\/v2\/posts\/2038\/revisions"}],"predecessor-version":[{"id":2048,"href":"https:\/\/des-tuc.infd.edu.ar\/sitio\/wp-json\/wp\/v2\/posts\/2038\/revisions\/2048"}],"wp:featuredmedia":[{"embeddable":true,"href":"https:\/\/des-tuc.infd.edu.ar\/sitio\/wp-json\/wp\/v2\/media\/2040"}],"wp:attachment":[{"href":"https:\/\/des-tuc.infd.edu.ar\/sitio\/wp-json\/wp\/v2\/media?parent=2038"}],"wp:term":[{"taxonomy":"category","embeddable":true,"href":"https:\/\/des-tuc.infd.edu.ar\/sitio\/wp-json\/wp\/v2\/categories?post=2038"},{"taxonomy":"post_tag","embeddable":true,"href":"https:\/\/des-tuc.infd.edu.ar\/sitio\/wp-json\/wp\/v2\/tags?post=2038"}],"curies":[{"name":"wp","href":"https:\/\/api.w.org\/{rel}","templated":true}]}}