{"id":2033,"date":"2020-03-13T19:03:24","date_gmt":"2020-03-13T22:03:24","guid":{"rendered":"https:\/\/des-tuc.infd.edu.ar\/sitio\/?p=2033"},"modified":"2020-03-13T19:06:48","modified_gmt":"2020-03-13T22:06:48","slug":"se-disena-la-agenda-de-capacitacion-en-derechos-humanos","status":"publish","type":"post","link":"https:\/\/des-tuc.infd.edu.ar\/sitio\/se-disena-la-agenda-de-capacitacion-en-derechos-humanos\/","title":{"rendered":"Se dise\u00f1a la agenda de capacitaci\u00f3n en Derechos Humanos"},"content":{"rendered":"<p>El 12 de marzo de concret\u00f3 una nueva reuni\u00f3n del <strong>Equipo de Desarrollo Curricular, <\/strong>de la <a href=\"https:\/\/des-tuc.infd.edu.ar\/sitio\/coordinacion-pedagogica\/\" target=\"_blank\" rel=\"noopener\">Coordinaci\u00f3n Pedag\u00f3gica<\/a> de la DESyA, junto con el <strong>Equipo de Educaci\u00f3n y Memoria de la Direcci\u00f3n de Asistencia T\u00e9cnico Pedag\u00f3gica<\/strong> (DATP) del Ministerio de Educaci\u00f3n de Tucum\u00e1n.<\/p>\n<p>Se dio inicio a la organizaci\u00f3n de la mesa de trabajo para coordinar propuestas de capacitaci\u00f3n en Derechos Humanos. En esta actividad tiene una activa participaci\u00f3n el equipo de la Escuelita de Famaill\u00e1, espacio de memoria desde el cual se proyectan acciones de difusi\u00f3n sobre el lugar, el trabajo que se lleva a cabo y es de inter\u00e9s nacional.<\/p>\n<p>Todas estas entidades delinean una agenda bajo los preceptos de reflexi\u00f3n, debate, en el marco de la memoria colectiva y en pos de reforzar el valor de las instituciones democr\u00e1ticas desde el espacio del aula con estudiantes en proceso de formaci\u00f3n docente.<\/p>\n","protected":false},"excerpt":{"rendered":"<p>El 12 de marzo de concret\u00f3 una nueva reuni\u00f3n del Equipo de Desarrollo Curricular, de la Coordinaci\u00f3n Pedag\u00f3gica de la DESyA, junto con el Equipo de Educaci\u00f3n y Memoria de la Direcci\u00f3n de Asistencia T\u00e9cnico Pedag\u00f3gica (DATP) del Ministerio de Educaci\u00f3n de Tucum\u00e1n. Se dio inicio a la organizaci\u00f3n de la mesa de trabajo para &#8230; <a title=\"Se dise\u00f1a la agenda de capacitaci\u00f3n en Derechos Humanos\" class=\"read-more\" href=\"https:\/\/des-tuc.infd.edu.ar\/sitio\/se-disena-la-agenda-de-capacitacion-en-derechos-humanos\/\" aria-label=\"More on Se dise\u00f1a la agenda de capacitaci\u00f3n en Derechos Humanos\">[+]<\/a><\/p>\n","protected":false},"author":408,"featured_media":2034,"comment_status":"open","ping_status":"open","sticky":false,"template":"","format":"standard","meta":[],"categories":[6],"tags":[24],"acf":[],"_links":{"self":[{"href":"https:\/\/des-tuc.infd.edu.ar\/sitio\/wp-json\/wp\/v2\/posts\/2033"}],"collection":[{"href":"https:\/\/des-tuc.infd.edu.ar\/sitio\/wp-json\/wp\/v2\/posts"}],"about":[{"href":"https:\/\/des-tuc.infd.edu.ar\/sitio\/wp-json\/wp\/v2\/types\/post"}],"author":[{"embeddable":true,"href":"https:\/\/des-tuc.infd.edu.ar\/sitio\/wp-json\/wp\/v2\/users\/408"}],"replies":[{"embeddable":true,"href":"https:\/\/des-tuc.infd.edu.ar\/sitio\/wp-json\/wp\/v2\/comments?post=2033"}],"version-history":[{"count":2,"href":"https:\/\/des-tuc.infd.edu.ar\/sitio\/wp-json\/wp\/v2\/posts\/2033\/revisions"}],"predecessor-version":[{"id":2037,"href":"https:\/\/des-tuc.infd.edu.ar\/sitio\/wp-json\/wp\/v2\/posts\/2033\/revisions\/2037"}],"wp:featuredmedia":[{"embeddable":true,"href":"https:\/\/des-tuc.infd.edu.ar\/sitio\/wp-json\/wp\/v2\/media\/2034"}],"wp:attachment":[{"href":"https:\/\/des-tuc.infd.edu.ar\/sitio\/wp-json\/wp\/v2\/media?parent=2033"}],"wp:term":[{"taxonomy":"category","embeddable":true,"href":"https:\/\/des-tuc.infd.edu.ar\/sitio\/wp-json\/wp\/v2\/categories?post=2033"},{"taxonomy":"post_tag","embeddable":true,"href":"https:\/\/des-tuc.infd.edu.ar\/sitio\/wp-json\/wp\/v2\/tags?post=2033"}],"curies":[{"name":"wp","href":"https:\/\/api.w.org\/{rel}","templated":true}]}}