{"id":2026,"date":"2020-03-13T18:32:07","date_gmt":"2020-03-13T21:32:07","guid":{"rendered":"https:\/\/des-tuc.infd.edu.ar\/sitio\/?p=2026"},"modified":"2020-03-13T18:34:03","modified_gmt":"2020-03-13T21:34:03","slug":"el-ies-coviello-pone-en-marcha-la-organizacion-de-su-centro-de-estudiantes","status":"publish","type":"post","link":"https:\/\/des-tuc.infd.edu.ar\/sitio\/el-ies-coviello-pone-en-marcha-la-organizacion-de-su-centro-de-estudiantes\/","title":{"rendered":"El IES Coviello pone en marcha la organizaci\u00f3n de su Centro de Estudiantes"},"content":{"rendered":"<p>La semana pasada inici\u00f3 el acompa\u00f1amiento en instituciones por parte de la <a href=\"https:\/\/des-tuc.infd.edu.ar\/sitio\/coordinacion-territorial\/\" target=\"_blank\" rel=\"noopener\">Coordinaci\u00f3n Territorial<\/a> de la <strong>Direcci\u00f3n del Educaci\u00f3n Superior y Art\u00edsica<\/strong>. El<strong> IES Alfredo Coviello<\/strong> recibi\u00f3 al equipo de la <strong>L\u00ednea de Pol\u00edticas Estudiantiles<\/strong> dependiente de Terriorial.<\/p>\n<p>La visita tuvo como objetivo planificar\u00a0la conformaci\u00f3n del Centro de Estudiantes, como tambi\u00e9n la presentaci\u00f3n y acompa\u00f1amiento de los Talleres Proped\u00e9uticos junto con los estudiantes referentes del instituto.<\/p>\n<p>La implementaci\u00f3n de los\u00a0<strong>Cursos Introductorios y Talleres Proped\u00e9uticos <\/strong>fue dispuesto como parte de las pol\u00edticas educativas, desde la L\u00ednea en todas las carreras de Institutos de Educaci\u00f3n Superior, como instancias de recepci\u00f3n de los estudiantes ingresantes con el objetivo de reducir la deserci\u00f3n durante el primer a\u00f1o de la formaci\u00f3n.<\/p>\n<p>Mientras que la conformaci\u00f3n de los Centros de Estudiantes, promueve la experiencia del ejercicio democr\u00e1tico, como parte de la formaci\u00f3n ciudadana en todos los niveles educativo y fundamental en instancia de formaci\u00f3n profesional docente y t\u00e9cnica.<\/p>\n<p>&nbsp;<\/p>\n","protected":false},"excerpt":{"rendered":"<p>La semana pasada inici\u00f3 el acompa\u00f1amiento en instituciones por parte de la Coordinaci\u00f3n Territorial de la Direcci\u00f3n del Educaci\u00f3n Superior y Art\u00edsica. El IES Alfredo Coviello recibi\u00f3 al equipo de la L\u00ednea de Pol\u00edticas Estudiantiles dependiente de Terriorial. La visita tuvo como objetivo planificar\u00a0la conformaci\u00f3n del Centro de Estudiantes, como tambi\u00e9n la presentaci\u00f3n y acompa\u00f1amiento &#8230; <a title=\"El IES Coviello pone en marcha la organizaci\u00f3n de su Centro de Estudiantes\" class=\"read-more\" href=\"https:\/\/des-tuc.infd.edu.ar\/sitio\/el-ies-coviello-pone-en-marcha-la-organizacion-de-su-centro-de-estudiantes\/\" aria-label=\"More on El IES Coviello pone en marcha la organizaci\u00f3n de su Centro de Estudiantes\">[+]<\/a><\/p>\n","protected":false},"author":408,"featured_media":2028,"comment_status":"open","ping_status":"open","sticky":false,"template":"","format":"standard","meta":[],"categories":[7],"tags":[],"acf":[],"_links":{"self":[{"href":"https:\/\/des-tuc.infd.edu.ar\/sitio\/wp-json\/wp\/v2\/posts\/2026"}],"collection":[{"href":"https:\/\/des-tuc.infd.edu.ar\/sitio\/wp-json\/wp\/v2\/posts"}],"about":[{"href":"https:\/\/des-tuc.infd.edu.ar\/sitio\/wp-json\/wp\/v2\/types\/post"}],"author":[{"embeddable":true,"href":"https:\/\/des-tuc.infd.edu.ar\/sitio\/wp-json\/wp\/v2\/users\/408"}],"replies":[{"embeddable":true,"href":"https:\/\/des-tuc.infd.edu.ar\/sitio\/wp-json\/wp\/v2\/comments?post=2026"}],"version-history":[{"count":3,"href":"https:\/\/des-tuc.infd.edu.ar\/sitio\/wp-json\/wp\/v2\/posts\/2026\/revisions"}],"predecessor-version":[{"id":2032,"href":"https:\/\/des-tuc.infd.edu.ar\/sitio\/wp-json\/wp\/v2\/posts\/2026\/revisions\/2032"}],"wp:featuredmedia":[{"embeddable":true,"href":"https:\/\/des-tuc.infd.edu.ar\/sitio\/wp-json\/wp\/v2\/media\/2028"}],"wp:attachment":[{"href":"https:\/\/des-tuc.infd.edu.ar\/sitio\/wp-json\/wp\/v2\/media?parent=2026"}],"wp:term":[{"taxonomy":"category","embeddable":true,"href":"https:\/\/des-tuc.infd.edu.ar\/sitio\/wp-json\/wp\/v2\/categories?post=2026"},{"taxonomy":"post_tag","embeddable":true,"href":"https:\/\/des-tuc.infd.edu.ar\/sitio\/wp-json\/wp\/v2\/tags?post=2026"}],"curies":[{"name":"wp","href":"https:\/\/api.w.org\/{rel}","templated":true}]}}