{"id":2019,"date":"2020-03-10T18:30:47","date_gmt":"2020-03-10T21:30:47","guid":{"rendered":"https:\/\/des-tuc.infd.edu.ar\/sitio\/?p=2019"},"modified":"2020-03-10T18:30:47","modified_gmt":"2020-03-10T21:30:47","slug":"acompanamiento-territorial-de-la-desya-al-ies-villa-quinteros","status":"publish","type":"post","link":"https:\/\/des-tuc.infd.edu.ar\/sitio\/acompanamiento-territorial-de-la-desya-al-ies-villa-quinteros\/","title":{"rendered":"Acompa\u00f1amiento territorial de la DESyA al IES Villa Quinteros"},"content":{"rendered":"<p>Como parte de los objetivos de la <strong>Direcci\u00f3n de Educaci\u00f3n Superior y Art\u00edstica<\/strong>, la creaci\u00f3n de la <a href=\"https:\/\/des-tuc.infd.edu.ar\/sitio\/coordinacion-territorial\/\" target=\"_blank\" rel=\"noopener\">Coordinaci\u00f3n Territorial<\/a> apunta a mantener el contacto directo del equipo institucional del Ministerio de Educaci\u00f3n con los establecimientos de formaci\u00f3n. Una de las primeras visitas que se realizaron en 2020 fue al sur de la provincia, en el <strong>IES VIlla Quinteros<\/strong>, ubicado en la comuna monteriza de igual nombre.<\/p>\n<p>El equipo Territorial acompa\u00f1\u00f3 a autoridades y docentes en uno de los talleres para ingresantes. Una oportunidad, que permiti\u00f3 a estudiantes y comunidad educativa tomar contacto directo con la Direcci\u00f3n y conocer los alcances de la misma.<\/p>\n<p>En la oportunidad se pudo dialogar con el director de la instituci\u00f3n, prof. <strong>Rub\u00e9n Musa<\/strong>, y coordinar acciones conjuntas, que tendr\u00e1n al IES VIlla Quinteros como protagonista de futuros eventos.<\/p>\n","protected":false},"excerpt":{"rendered":"<p>Como parte de los objetivos de la Direcci\u00f3n de Educaci\u00f3n Superior y Art\u00edstica, la creaci\u00f3n de la Coordinaci\u00f3n Territorial apunta a mantener el contacto directo del equipo institucional del Ministerio de Educaci\u00f3n con los establecimientos de formaci\u00f3n. Una de las primeras visitas que se realizaron en 2020 fue al sur de la provincia, en el &#8230; <a title=\"Acompa\u00f1amiento territorial de la DESyA al IES Villa Quinteros\" class=\"read-more\" href=\"https:\/\/des-tuc.infd.edu.ar\/sitio\/acompanamiento-territorial-de-la-desya-al-ies-villa-quinteros\/\" aria-label=\"More on Acompa\u00f1amiento territorial de la DESyA al IES Villa Quinteros\">[+]<\/a><\/p>\n","protected":false},"author":408,"featured_media":2021,"comment_status":"open","ping_status":"open","sticky":false,"template":"","format":"standard","meta":[],"categories":[7],"tags":[23],"acf":[],"_links":{"self":[{"href":"https:\/\/des-tuc.infd.edu.ar\/sitio\/wp-json\/wp\/v2\/posts\/2019"}],"collection":[{"href":"https:\/\/des-tuc.infd.edu.ar\/sitio\/wp-json\/wp\/v2\/posts"}],"about":[{"href":"https:\/\/des-tuc.infd.edu.ar\/sitio\/wp-json\/wp\/v2\/types\/post"}],"author":[{"embeddable":true,"href":"https:\/\/des-tuc.infd.edu.ar\/sitio\/wp-json\/wp\/v2\/users\/408"}],"replies":[{"embeddable":true,"href":"https:\/\/des-tuc.infd.edu.ar\/sitio\/wp-json\/wp\/v2\/comments?post=2019"}],"version-history":[{"count":1,"href":"https:\/\/des-tuc.infd.edu.ar\/sitio\/wp-json\/wp\/v2\/posts\/2019\/revisions"}],"predecessor-version":[{"id":2020,"href":"https:\/\/des-tuc.infd.edu.ar\/sitio\/wp-json\/wp\/v2\/posts\/2019\/revisions\/2020"}],"wp:featuredmedia":[{"embeddable":true,"href":"https:\/\/des-tuc.infd.edu.ar\/sitio\/wp-json\/wp\/v2\/media\/2021"}],"wp:attachment":[{"href":"https:\/\/des-tuc.infd.edu.ar\/sitio\/wp-json\/wp\/v2\/media?parent=2019"}],"wp:term":[{"taxonomy":"category","embeddable":true,"href":"https:\/\/des-tuc.infd.edu.ar\/sitio\/wp-json\/wp\/v2\/categories?post=2019"},{"taxonomy":"post_tag","embeddable":true,"href":"https:\/\/des-tuc.infd.edu.ar\/sitio\/wp-json\/wp\/v2\/tags?post=2019"}],"curies":[{"name":"wp","href":"https:\/\/api.w.org\/{rel}","templated":true}]}}