{"id":2009,"date":"2020-03-09T19:30:04","date_gmt":"2020-03-09T22:30:04","guid":{"rendered":"https:\/\/des-tuc.infd.edu.ar\/sitio\/?p=2009"},"modified":"2020-03-12T17:22:26","modified_gmt":"2020-03-12T20:22:26","slug":"capital-tuvo-la-1-jornada-de-coordinadores-de-profesorados","status":"publish","type":"post","link":"https:\/\/des-tuc.infd.edu.ar\/sitio\/capital-tuvo-la-1-jornada-de-coordinadores-de-profesorados\/","title":{"rendered":"Capital tuvo la 1\u00b0 Jornada de Coordinadores de Pr\u00e1ctica Profesional Docente"},"content":{"rendered":"<p style=\"text-align: left;\">El CIIDEPT fue el lugar elegido para la<strong> 1\u00b0 Jornada de Coordinadores de Pr\u00e1ctica Profesional Docente <\/strong>organizada\u00a0por la l\u00ednea de Pr\u00e1ctica Profesional de la Direcci\u00f3n de educaci\u00f3n Superior y Art\u00edstica. La misma estuvo destinada a coordinadores y docentes de pr\u00e1ctica de zona capital, con un total de 55 asistentes.<\/p>\n<p>La Jornada tuvo como prop\u00f3sito reforzar la funci\u00f3n del o los coordinadores de pr\u00e1ctica en las carreras de formaci\u00f3n docente que tiene Tucum\u00e1n. Para ello, se debati\u00f3 entorno a tem\u00e1ticas puntuales que involucra de forma directa al rol del coordinador de pr\u00e1ctica: <a href=\"https:\/\/drive.google.com\/file\/d\/1cxV7NLPHsWYdcbt-V9aNNL8w_pZRb8zd\/view\" target=\"_blank\" rel=\"noopener\">Reglamento Jurisdiccional de Pr\u00e1ctica y Residencia Docente<\/a>,<a href=\"https:\/\/des-tuc.infd.edu.ar\/sitio\/sistema-de-correlatividades-de-las-carreras-de-formacion-docente\/\" target=\"_blank\" rel=\"noopener\"> Sistema de Correlativas<\/a>, Normativas de los sujetos involucrados en Pr\u00e1ctica.<\/p>\n<p>La reuni\u00f3n cont\u00f3 de tres momentos. El primero destinado a la presentaci\u00f3n formal de la Jornada, la cual ser\u00e1 replicada tambi\u00e9n en otros puntos de la provincia. El segundo momento estuvo destinado a la explicaci\u00f3n de puntos neur\u00e1lgicos de las pr\u00e1cticas Profesionales 2020. Por \u00faltimo, se abri\u00f3 el debate con el objetivo de posibilitar que coordinadores y profesores de pr\u00e1ctica expongan experiencias y situaciones dadas por la experiencia en el rol.<\/p>\n<p>&nbsp;<\/p>\n<p><img decoding=\"async\" loading=\"lazy\" class=\"alignnone size-medium wp-image-2010\" src=\"https:\/\/des-tuc.infd.edu.ar\/sitio\/wp-content\/uploads\/2020\/03\/1ra-Jornada-de-Pr\u00e1cticas-profesionales-1000x523.png\" alt=\"\" width=\"1000\" height=\"523\" srcset=\"https:\/\/des-tuc.infd.edu.ar\/sitio\/wp-content\/uploads\/2020\/03\/1ra-Jornada-de-Pr\u00e1cticas-profesionales-1000x523.png 1000w, https:\/\/des-tuc.infd.edu.ar\/sitio\/wp-content\/uploads\/2020\/03\/1ra-Jornada-de-Pr\u00e1cticas-profesionales-768x402.png 768w, https:\/\/des-tuc.infd.edu.ar\/sitio\/wp-content\/uploads\/2020\/03\/1ra-Jornada-de-Pr\u00e1cticas-profesionales.png 1200w\" sizes=\"(max-width: 1000px) 100vw, 1000px\" \/><\/p>\n","protected":false},"excerpt":{"rendered":"<p>El CIIDEPT fue el lugar elegido para la 1\u00b0 Jornada de Coordinadores de Pr\u00e1ctica Profesional Docente organizada\u00a0por la l\u00ednea de Pr\u00e1ctica Profesional de la Direcci\u00f3n de educaci\u00f3n Superior y Art\u00edstica. La misma estuvo destinada a coordinadores y docentes de pr\u00e1ctica de zona capital, con un total de 55 asistentes. La Jornada tuvo como prop\u00f3sito reforzar &#8230; <a title=\"Capital tuvo la 1\u00b0 Jornada de Coordinadores de Pr\u00e1ctica Profesional Docente\" class=\"read-more\" href=\"https:\/\/des-tuc.infd.edu.ar\/sitio\/capital-tuvo-la-1-jornada-de-coordinadores-de-profesorados\/\" aria-label=\"More on Capital tuvo la 1\u00b0 Jornada de Coordinadores de Pr\u00e1ctica Profesional Docente\">[+]<\/a><\/p>\n","protected":false},"author":408,"featured_media":2013,"comment_status":"open","ping_status":"open","sticky":false,"template":"","format":"standard","meta":[],"categories":[6],"tags":[],"acf":[],"_links":{"self":[{"href":"https:\/\/des-tuc.infd.edu.ar\/sitio\/wp-json\/wp\/v2\/posts\/2009"}],"collection":[{"href":"https:\/\/des-tuc.infd.edu.ar\/sitio\/wp-json\/wp\/v2\/posts"}],"about":[{"href":"https:\/\/des-tuc.infd.edu.ar\/sitio\/wp-json\/wp\/v2\/types\/post"}],"author":[{"embeddable":true,"href":"https:\/\/des-tuc.infd.edu.ar\/sitio\/wp-json\/wp\/v2\/users\/408"}],"replies":[{"embeddable":true,"href":"https:\/\/des-tuc.infd.edu.ar\/sitio\/wp-json\/wp\/v2\/comments?post=2009"}],"version-history":[{"count":5,"href":"https:\/\/des-tuc.infd.edu.ar\/sitio\/wp-json\/wp\/v2\/posts\/2009\/revisions"}],"predecessor-version":[{"id":2025,"href":"https:\/\/des-tuc.infd.edu.ar\/sitio\/wp-json\/wp\/v2\/posts\/2009\/revisions\/2025"}],"wp:featuredmedia":[{"embeddable":true,"href":"https:\/\/des-tuc.infd.edu.ar\/sitio\/wp-json\/wp\/v2\/media\/2013"}],"wp:attachment":[{"href":"https:\/\/des-tuc.infd.edu.ar\/sitio\/wp-json\/wp\/v2\/media?parent=2009"}],"wp:term":[{"taxonomy":"category","embeddable":true,"href":"https:\/\/des-tuc.infd.edu.ar\/sitio\/wp-json\/wp\/v2\/categories?post=2009"},{"taxonomy":"post_tag","embeddable":true,"href":"https:\/\/des-tuc.infd.edu.ar\/sitio\/wp-json\/wp\/v2\/tags?post=2009"}],"curies":[{"name":"wp","href":"https:\/\/api.w.org\/{rel}","templated":true}]}}