{"id":1998,"date":"2020-03-09T18:39:17","date_gmt":"2020-03-09T21:39:17","guid":{"rendered":"https:\/\/des-tuc.infd.edu.ar\/sitio\/?p=1998"},"modified":"2020-03-09T18:39:17","modified_gmt":"2020-03-09T21:39:17","slug":"nuevas-proyecciones-para-las-tecnicaturas-en-2020","status":"publish","type":"post","link":"https:\/\/des-tuc.infd.edu.ar\/sitio\/nuevas-proyecciones-para-las-tecnicaturas-en-2020\/","title":{"rendered":"Nuevas proyecciones para las Tecnicaturas en 2020"},"content":{"rendered":"<p>La semana pasada el equipo de Coordinaci\u00f3n de Tecnicaturas se reuni\u00f3 a fin de establecer nuevas pautas para las 51 Tecnicaturas que ofrece el <strong>Nivel Superior del Ministerio de Educaci\u00f3n de Tucum\u00e1n<\/strong>.<\/p>\n<p>Entre los temas tratados se estableci\u00f3: Confecci\u00f3n de formulario 501. Establecimiento de acuerdos para confecci\u00f3n de los mismos y documentaci\u00f3n respaldatoria para presentar. Adem\u00e1s, se acord\u00f3 el proceso de unificaci\u00f3n de tecnicaturas. Y la modalidad de trabajo a partir de hoy para poder iniciar el expediente.<\/p>\n<p>Por \u00faltimo, se explic\u00f3 el marco legal que avalan las tecnicaturas y resoluci\u00f3n pedag\u00f3gica y resoluci\u00f3n de ampliatoria de cohortes.<\/p>\n","protected":false},"excerpt":{"rendered":"<p>La semana pasada el equipo de Coordinaci\u00f3n de Tecnicaturas se reuni\u00f3 a fin de establecer nuevas pautas para las 51 Tecnicaturas que ofrece el Nivel Superior del Ministerio de Educaci\u00f3n de Tucum\u00e1n. Entre los temas tratados se estableci\u00f3: Confecci\u00f3n de formulario 501. Establecimiento de acuerdos para confecci\u00f3n de los mismos y documentaci\u00f3n respaldatoria para presentar. &#8230; <a title=\"Nuevas proyecciones para las Tecnicaturas en 2020\" class=\"read-more\" href=\"https:\/\/des-tuc.infd.edu.ar\/sitio\/nuevas-proyecciones-para-las-tecnicaturas-en-2020\/\" aria-label=\"More on Nuevas proyecciones para las Tecnicaturas en 2020\">[+]<\/a><\/p>\n","protected":false},"author":408,"featured_media":2006,"comment_status":"open","ping_status":"open","sticky":false,"template":"","format":"standard","meta":[],"categories":[6],"tags":[],"acf":[],"_links":{"self":[{"href":"https:\/\/des-tuc.infd.edu.ar\/sitio\/wp-json\/wp\/v2\/posts\/1998"}],"collection":[{"href":"https:\/\/des-tuc.infd.edu.ar\/sitio\/wp-json\/wp\/v2\/posts"}],"about":[{"href":"https:\/\/des-tuc.infd.edu.ar\/sitio\/wp-json\/wp\/v2\/types\/post"}],"author":[{"embeddable":true,"href":"https:\/\/des-tuc.infd.edu.ar\/sitio\/wp-json\/wp\/v2\/users\/408"}],"replies":[{"embeddable":true,"href":"https:\/\/des-tuc.infd.edu.ar\/sitio\/wp-json\/wp\/v2\/comments?post=1998"}],"version-history":[{"count":2,"href":"https:\/\/des-tuc.infd.edu.ar\/sitio\/wp-json\/wp\/v2\/posts\/1998\/revisions"}],"predecessor-version":[{"id":2007,"href":"https:\/\/des-tuc.infd.edu.ar\/sitio\/wp-json\/wp\/v2\/posts\/1998\/revisions\/2007"}],"wp:featuredmedia":[{"embeddable":true,"href":"https:\/\/des-tuc.infd.edu.ar\/sitio\/wp-json\/wp\/v2\/media\/2006"}],"wp:attachment":[{"href":"https:\/\/des-tuc.infd.edu.ar\/sitio\/wp-json\/wp\/v2\/media?parent=1998"}],"wp:term":[{"taxonomy":"category","embeddable":true,"href":"https:\/\/des-tuc.infd.edu.ar\/sitio\/wp-json\/wp\/v2\/categories?post=1998"},{"taxonomy":"post_tag","embeddable":true,"href":"https:\/\/des-tuc.infd.edu.ar\/sitio\/wp-json\/wp\/v2\/tags?post=1998"}],"curies":[{"name":"wp","href":"https:\/\/api.w.org\/{rel}","templated":true}]}}