{"id":1919,"date":"2020-02-21T17:32:37","date_gmt":"2020-02-21T20:32:37","guid":{"rendered":"https:\/\/des-tuc.infd.edu.ar\/sitio\/?p=1919"},"modified":"2020-02-21T17:53:31","modified_gmt":"2020-02-21T20:53:31","slug":"reunion-informativa-para-directores-de-los-ies-de-la-provincia","status":"publish","type":"post","link":"https:\/\/des-tuc.infd.edu.ar\/sitio\/reunion-informativa-para-directores-de-los-ies-de-la-provincia\/","title":{"rendered":"Reuni\u00f3n informativa para directores de los IES de la provincia"},"content":{"rendered":"<p>El mi\u00e9rcoles se desarroll\u00f3 en el CIIDEPT la primera reuni\u00f3n con directivos de los Institutos de Ense\u00f1anza Superior de Tuucm\u00e1n, convocada desde la DESyA. Se pudo contar con la presencia de autoridades de establecimientos p\u00fablicos y privados del Nivel Superior con el fin de informar las proyecciones 2020 desde el equipo de la DESyA.<\/p>\n<p>En el encuentro fueron recibidos por la\u00a0Lic. <strong>Isabel Cristina Amate Perez<\/strong>,\u00a0Secretar\u00eda de Estado de Gesti\u00f3n Educativa y la Lic. <strong>Adriana Cuello,<\/strong> directora de la DESyA quienes agradecieron el trabajo diario de directivos y personal de cada establecimiento educativo para poder satisfacer la demanda y contribuir a una formaci\u00f3n de calidad para los futuros profesionales docentes y t\u00e9cnicos superiores.<\/p>\n<p>Los directivos y representantes de cada instituci\u00f3n pudieron interiorizarse en la reuni\u00f3n sobre la nueva organizaci\u00f3n de la Direcci\u00f3n de Nivel, como de las nuevas propuestas a concretar en el nuevo Ciclo Lectivo. Uno de los puntos de mayor relevancia tuvo que ver con el espacio de Pr\u00e1ctica Profesional y la\u00a0figura del Coordinador de Pr\u00e1cticas que se encuentra respaldada en sus funciones y perfil en el caso de Formaci\u00f3n Docente, en el Reglamento Provincial de Pr\u00e1cticas &#8211; Resoluci\u00f3n 1612\/5, Capitulo II;\u00a0 y en la Formaci\u00f3n T\u00e9cnico Profesional, en la Res. Minist N\u00b01372\/5 MEd, Anexo 1.<\/p>\n<p><img decoding=\"async\" loading=\"lazy\" class=\"alignnone size-full wp-image-1924\" src=\"https:\/\/des-tuc.infd.edu.ar\/sitio\/wp-content\/uploads\/2020\/02\/1-reuni\u00f3n-directores-2020.jpg\" alt=\"\" width=\"960\" height=\"640\" srcset=\"https:\/\/des-tuc.infd.edu.ar\/sitio\/wp-content\/uploads\/2020\/02\/1-reuni\u00f3n-directores-2020.jpg 960w, https:\/\/des-tuc.infd.edu.ar\/sitio\/wp-content\/uploads\/2020\/02\/1-reuni\u00f3n-directores-2020-768x512.jpg 768w\" sizes=\"(max-width: 960px) 100vw, 960px\" \/><\/p>\n<p>Se despejaron dudas planteadas por los representantes de Pr\u00e1ctica y se record\u00f3 que los profesores de pr\u00e1cticas cuentan con un porcentaje de horas fuera del instituto formador para realizar tareas como la prevista.\u00a0 \u00a0El coordinador se posiciona como un facilitador y articulador entre las acciones propuestas por el IES y las instituciones asociadas en el marco del Proyecto Institucional de Pr\u00e1cticas. Contar con este perfil en las instituciones formadoras, permitir\u00e1 vehiculizar acciones que fortalecer\u00e1n los procesos formativos de nuestros estudiantes.<\/p>\n<p>Los directivos, adem\u00e1s fueron informados sobre el Marco Jurisdiccional que establece los lineamientos generales<br \/>\npara la elaboraci\u00f3n de los Acuerdos de Convivencia Institucional y la posterior actualizaci\u00f3n del<br \/>\nRAI. Resultados de las encuestas a estudiantes aplicadas en el 2019. Como tambi\u00e9n,\u00a0del proyecto \u201cM\u00e1s eficiencia, menos papel\u201d que fue muy bien recepcionado y considerado como un avance de relevancia en el uso de las TIC a favor del proceso administrativo.<\/p>\n<p>Por \u00faltimo, se dio a conocer las propuestas para los estudiantes desde Pol\u00edticas Estudiantil, el espacio de las Radios Socioeducativas como derecho de uso y la oferta de becas para garantizar el avance de las trayectorias formativas.<\/p>\n","protected":false},"excerpt":{"rendered":"<p>El mi\u00e9rcoles se desarroll\u00f3 en el CIIDEPT la primera reuni\u00f3n con directivos de los Institutos de Ense\u00f1anza Superior de Tuucm\u00e1n, convocada desde la DESyA. Se pudo contar con la presencia de autoridades de establecimientos p\u00fablicos y privados del Nivel Superior con el fin de informar las proyecciones 2020 desde el equipo de la DESyA. En &#8230; <a title=\"Reuni\u00f3n informativa para directores de los IES de la provincia\" class=\"read-more\" href=\"https:\/\/des-tuc.infd.edu.ar\/sitio\/reunion-informativa-para-directores-de-los-ies-de-la-provincia\/\" aria-label=\"More on Reuni\u00f3n informativa para directores de los IES de la provincia\">[+]<\/a><\/p>\n","protected":false},"author":408,"featured_media":1920,"comment_status":"open","ping_status":"open","sticky":false,"template":"","format":"standard","meta":[],"categories":[6],"tags":[],"acf":[],"_links":{"self":[{"href":"https:\/\/des-tuc.infd.edu.ar\/sitio\/wp-json\/wp\/v2\/posts\/1919"}],"collection":[{"href":"https:\/\/des-tuc.infd.edu.ar\/sitio\/wp-json\/wp\/v2\/posts"}],"about":[{"href":"https:\/\/des-tuc.infd.edu.ar\/sitio\/wp-json\/wp\/v2\/types\/post"}],"author":[{"embeddable":true,"href":"https:\/\/des-tuc.infd.edu.ar\/sitio\/wp-json\/wp\/v2\/users\/408"}],"replies":[{"embeddable":true,"href":"https:\/\/des-tuc.infd.edu.ar\/sitio\/wp-json\/wp\/v2\/comments?post=1919"}],"version-history":[{"count":3,"href":"https:\/\/des-tuc.infd.edu.ar\/sitio\/wp-json\/wp\/v2\/posts\/1919\/revisions"}],"predecessor-version":[{"id":1925,"href":"https:\/\/des-tuc.infd.edu.ar\/sitio\/wp-json\/wp\/v2\/posts\/1919\/revisions\/1925"}],"wp:featuredmedia":[{"embeddable":true,"href":"https:\/\/des-tuc.infd.edu.ar\/sitio\/wp-json\/wp\/v2\/media\/1920"}],"wp:attachment":[{"href":"https:\/\/des-tuc.infd.edu.ar\/sitio\/wp-json\/wp\/v2\/media?parent=1919"}],"wp:term":[{"taxonomy":"category","embeddable":true,"href":"https:\/\/des-tuc.infd.edu.ar\/sitio\/wp-json\/wp\/v2\/categories?post=1919"},{"taxonomy":"post_tag","embeddable":true,"href":"https:\/\/des-tuc.infd.edu.ar\/sitio\/wp-json\/wp\/v2\/tags?post=1919"}],"curies":[{"name":"wp","href":"https:\/\/api.w.org\/{rel}","templated":true}]}}