{"id":1916,"date":"2020-02-18T13:51:16","date_gmt":"2020-02-18T16:51:16","guid":{"rendered":"https:\/\/des-tuc.infd.edu.ar\/sitio\/?p=1916"},"modified":"2020-02-18T13:51:16","modified_gmt":"2020-02-18T16:51:16","slug":"primera-reunion-de-directivos-con-la-mirada-puesta-en-la-practica-profesional","status":"publish","type":"post","link":"https:\/\/des-tuc.infd.edu.ar\/sitio\/primera-reunion-de-directivos-con-la-mirada-puesta-en-la-practica-profesional\/","title":{"rendered":"Primera reuni\u00f3n de directivos con la mirada puesta en la Pr\u00e1ctica Profesional"},"content":{"rendered":"<p><strong>La Agenda 2020 dar\u00e1 comienzo con la Primera Reuni\u00f3n\u00a0de Directores\u00a0de\u00a0Institutos de Educaci\u00f3n Superior de Gesti\u00f3n Estatal y de Gesti\u00f3n Privada<\/strong>, en las instalaciones del\u00a0<strong>CIIDEPT<\/strong>. Se destaca que a dicho encuentro\u00a0se convoc\u00f3 tambi\u00e9n\u00a0a los\u00a0<strong>Coordinadores de Pr\u00e1cticas\u00a0<\/strong>ya que\u00a0entre las acciones del nuevo a\u00f1o, figuran aspectos vinculados al Eje de la Pr\u00e1ctica, eje que desde el 2019\u00a0 se vienen fortaleciendo a trav\u00e9s de acciones dise\u00f1adas a los efectos.<\/p>\n<p>El coordinador se posiciona como un facilitador y articulador entre las acciones propuestas por el IES y las instituciones asociadas en el marco del Proyecto Institucional de Pr\u00e1cticas. Contar con este perfil en las instituciones formadoras, permitir\u00e1 vehiculizar acciones que fortalecer\u00e1n los procesos formativos de nuestros estudiantes.<\/p>\n<p style=\"text-align: left;\">La reuni\u00f3n ser\u00e1\u00a0mi\u00e9rcoles 19 de febrero,\u00a0a\u00a0horas 16:00.\u00a0Entre los temas a desarrollar se encuentran:\u00a0Presentaci\u00f3n del nuevo Organigrama de la DESyA, Presentaci\u00f3n del Acuerdo logrado en el 2019 y cronograma de su implementaci\u00f3n en el 2020, Presentaci\u00f3n del Plan de fortalecimiento de saberes y pr\u00e1cticas de LEO: Taller Proped\u00e9utico y Evaluaci\u00f3n Diagn\u00f3stica,\u00a0Informaci\u00f3n referida al Marco Jurisdiccional.<\/p>\n<p>Adem\u00e1s con los IES de Gesti\u00f3n Estatal se realizar\u00e1 la\u00a0Presentaci\u00f3n del proyecto \u201cM\u00e1s eficiencia, menos papel\u201d y el\u00a0Buz\u00f3n de propuestas y sugerencias de los Directores y Coordinadores para el a\u00f1o 2020. Mientras que para los\u00a0IES de Gesti\u00f3n Privada se tratar\u00e1n cuestiones espec\u00edficas a los mismos.<\/p>\n","protected":false},"excerpt":{"rendered":"<p>La Agenda 2020 dar\u00e1 comienzo con la Primera Reuni\u00f3n\u00a0de Directores\u00a0de\u00a0Institutos de Educaci\u00f3n Superior de Gesti\u00f3n Estatal y de Gesti\u00f3n Privada, en las instalaciones del\u00a0CIIDEPT. Se destaca que a dicho encuentro\u00a0se convoc\u00f3 tambi\u00e9n\u00a0a los\u00a0Coordinadores de Pr\u00e1cticas\u00a0ya que\u00a0entre las acciones del nuevo a\u00f1o, figuran aspectos vinculados al Eje de la Pr\u00e1ctica, eje que desde el 2019\u00a0 se &#8230; <a title=\"Primera reuni\u00f3n de directivos con la mirada puesta en la Pr\u00e1ctica Profesional\" class=\"read-more\" href=\"https:\/\/des-tuc.infd.edu.ar\/sitio\/primera-reunion-de-directivos-con-la-mirada-puesta-en-la-practica-profesional\/\" aria-label=\"More on Primera reuni\u00f3n de directivos con la mirada puesta en la Pr\u00e1ctica Profesional\">[+]<\/a><\/p>\n","protected":false},"author":408,"featured_media":1711,"comment_status":"open","ping_status":"open","sticky":false,"template":"","format":"standard","meta":[],"categories":[6],"tags":[],"acf":[],"_links":{"self":[{"href":"https:\/\/des-tuc.infd.edu.ar\/sitio\/wp-json\/wp\/v2\/posts\/1916"}],"collection":[{"href":"https:\/\/des-tuc.infd.edu.ar\/sitio\/wp-json\/wp\/v2\/posts"}],"about":[{"href":"https:\/\/des-tuc.infd.edu.ar\/sitio\/wp-json\/wp\/v2\/types\/post"}],"author":[{"embeddable":true,"href":"https:\/\/des-tuc.infd.edu.ar\/sitio\/wp-json\/wp\/v2\/users\/408"}],"replies":[{"embeddable":true,"href":"https:\/\/des-tuc.infd.edu.ar\/sitio\/wp-json\/wp\/v2\/comments?post=1916"}],"version-history":[{"count":1,"href":"https:\/\/des-tuc.infd.edu.ar\/sitio\/wp-json\/wp\/v2\/posts\/1916\/revisions"}],"predecessor-version":[{"id":1917,"href":"https:\/\/des-tuc.infd.edu.ar\/sitio\/wp-json\/wp\/v2\/posts\/1916\/revisions\/1917"}],"wp:featuredmedia":[{"embeddable":true,"href":"https:\/\/des-tuc.infd.edu.ar\/sitio\/wp-json\/wp\/v2\/media\/1711"}],"wp:attachment":[{"href":"https:\/\/des-tuc.infd.edu.ar\/sitio\/wp-json\/wp\/v2\/media?parent=1916"}],"wp:term":[{"taxonomy":"category","embeddable":true,"href":"https:\/\/des-tuc.infd.edu.ar\/sitio\/wp-json\/wp\/v2\/categories?post=1916"},{"taxonomy":"post_tag","embeddable":true,"href":"https:\/\/des-tuc.infd.edu.ar\/sitio\/wp-json\/wp\/v2\/tags?post=1916"}],"curies":[{"name":"wp","href":"https:\/\/api.w.org\/{rel}","templated":true}]}}