{"id":1857,"date":"2019-12-12T17:34:13","date_gmt":"2019-12-12T20:34:13","guid":{"rendered":"https:\/\/des-tuc.infd.edu.ar\/sitio\/?p=1857"},"modified":"2019-12-12T17:34:13","modified_gmt":"2019-12-12T20:34:13","slug":"las-emisoras-socioeducativas-del-nivel-superior-participaron-de-la-jornada-de-radio","status":"publish","type":"post","link":"https:\/\/des-tuc.infd.edu.ar\/sitio\/las-emisoras-socioeducativas-del-nivel-superior-participaron-de-la-jornada-de-radio\/","title":{"rendered":"Las emisoras Socioeducativas del Nivel Superior participaron de la Jornada de Radio"},"content":{"rendered":"<p>Docentes, estudiantes y referentes del Nivel Superior participaron de la Jornada de Radio a cargo de la l\u00ednea de Radios Escolares de la Secretar\u00eda de Gesti\u00f3n Educativa, la cual tuvo como objetivo poner el com\u00fan las experiencias radiales que se ejecutaron en los diferentes niveles del Ministerio de Educaci\u00f3n, como tambi\u00e9n formar parte de las charlas y talleres dispuestos para la oportunidad.<\/p>\n<p>La primera parte del encuentro se plantearon tres ejes tem\u00e1ticos: \u00abLa importancia del buen sonido, c\u00f3mo suena esta radio\u00bb a cargo del sonidista\u00a0<strong>Juan Manuel Albornoz; <\/strong>\u00abC\u00f3mo ser creativos con los contenidos. Ideas para pensar en contexto\u00bb por\u00a0 la licenciada\u00a0<strong>Natacha <\/strong><strong>Melo\u00a0 y<\/strong>\u00a0\u00abSomos un equipo, nos fortalecemos colaborativamente\u00bb ofrecida por la docente\u00a0<strong>Carolina Gallo.<\/strong><\/p>\n<p>Luego se concret\u00f3 la instancia de taller y debate sobre las herramientas adquiridas en la primera instancia. Al finalizare, el broche de oro lo dio Silvia Bacher con la\u00a0Charla: \u201cLa radio en la escuela. La radio hace escuela y la escuela es pura radio\u201d, que favoreci\u00f3 abrir el debate nuevamente con los docentes.<\/p>\n<figure id=\"attachment_1860\" aria-describedby=\"caption-attachment-1860\" style=\"width: 990px\" class=\"wp-caption alignnone\"><img decoding=\"async\" loading=\"lazy\" class=\"wp-image-1860 size-medium\" src=\"https:\/\/des-tuc.infd.edu.ar\/sitio\/wp-content\/uploads\/2019\/12\/Jornada-de-Radio-2-1000x563.jpeg\" alt=\"\" width=\"1000\" height=\"563\" srcset=\"https:\/\/des-tuc.infd.edu.ar\/sitio\/wp-content\/uploads\/2019\/12\/Jornada-de-Radio-2-1000x563.jpeg 1000w, https:\/\/des-tuc.infd.edu.ar\/sitio\/wp-content\/uploads\/2019\/12\/Jornada-de-Radio-2-768x432.jpeg 768w, https:\/\/des-tuc.infd.edu.ar\/sitio\/wp-content\/uploads\/2019\/12\/Jornada-de-Radio-2-1900x1069.jpeg 1900w\" sizes=\"(max-width: 1000px) 100vw, 1000px\" \/><figcaption id=\"caption-attachment-1860\" class=\"wp-caption-text\">Talleres de la Jornada de Radio<\/figcaption><\/figure>\n<p>Las Radios Socioeducativas presentan la particularidad de ser 4 emisoras emplazadas en 4 puntos estrat\u00e9gicos del territorio provincial (Frecuencia IES de Villa Quinteros, FM IES de La Cocha, Radio Las Am\u00e9ricas de Burruyacu y Dionisio de Colalao del Valle) que durante estos cuatro a\u00f1os supieron reconstruirse sin el apoyo nacional, con el pleno acompa\u00f1amiento del Nivel Superior, sus directivos, docentes, referentes, estudiantes y las voces de las diferentes comunidades.<\/p>\n<p>En la oportunidad los representantes de las Radios IES comentaron el trayecto recorrido, a sus pares, para contribuir en uno de los puntos centrales de la Jornada: pensar las radios como redes en colaboraci\u00f3n y transversal a los niveles educativos.<\/p>\n<figure id=\"attachment_1861\" aria-describedby=\"caption-attachment-1861\" style=\"width: 793px\" class=\"wp-caption alignnone\"><img decoding=\"async\" loading=\"lazy\" class=\"wp-image-1861 size-medium\" src=\"https:\/\/des-tuc.infd.edu.ar\/sitio\/wp-content\/uploads\/2019\/12\/9b2a59d0-bf7d-4328-93dc-380caf845e6c-803x1000.jpg\" alt=\"\" width=\"803\" height=\"1000\" srcset=\"https:\/\/des-tuc.infd.edu.ar\/sitio\/wp-content\/uploads\/2019\/12\/9b2a59d0-bf7d-4328-93dc-380caf845e6c-803x1000.jpg 803w, https:\/\/des-tuc.infd.edu.ar\/sitio\/wp-content\/uploads\/2019\/12\/9b2a59d0-bf7d-4328-93dc-380caf845e6c-768x956.jpg 768w, https:\/\/des-tuc.infd.edu.ar\/sitio\/wp-content\/uploads\/2019\/12\/9b2a59d0-bf7d-4328-93dc-380caf845e6c.jpg 1028w\" sizes=\"(max-width: 803px) 100vw, 803px\" \/><figcaption id=\"caption-attachment-1861\" class=\"wp-caption-text\">Entrevista de Radio Frecuencia IES al ministro de Educaci\u00f3n sobre el trabajo para el 2020 de las emisoras socioeducativas.<\/figcaption><\/figure>\n<p>&nbsp;<\/p>\n","protected":false},"excerpt":{"rendered":"<p>Docentes, estudiantes y referentes del Nivel Superior participaron de la Jornada de Radio a cargo de la l\u00ednea de Radios Escolares de la Secretar\u00eda de Gesti\u00f3n Educativa, la cual tuvo como objetivo poner el com\u00fan las experiencias radiales que se ejecutaron en los diferentes niveles del Ministerio de Educaci\u00f3n, como tambi\u00e9n formar parte de las &#8230; <a title=\"Las emisoras Socioeducativas del Nivel Superior participaron de la Jornada de Radio\" class=\"read-more\" href=\"https:\/\/des-tuc.infd.edu.ar\/sitio\/las-emisoras-socioeducativas-del-nivel-superior-participaron-de-la-jornada-de-radio\/\" aria-label=\"More on Las emisoras Socioeducativas del Nivel Superior participaron de la Jornada de Radio\">[+]<\/a><\/p>\n","protected":false},"author":408,"featured_media":1859,"comment_status":"open","ping_status":"open","sticky":false,"template":"","format":"standard","meta":[],"categories":[6],"tags":[],"acf":[],"_links":{"self":[{"href":"https:\/\/des-tuc.infd.edu.ar\/sitio\/wp-json\/wp\/v2\/posts\/1857"}],"collection":[{"href":"https:\/\/des-tuc.infd.edu.ar\/sitio\/wp-json\/wp\/v2\/posts"}],"about":[{"href":"https:\/\/des-tuc.infd.edu.ar\/sitio\/wp-json\/wp\/v2\/types\/post"}],"author":[{"embeddable":true,"href":"https:\/\/des-tuc.infd.edu.ar\/sitio\/wp-json\/wp\/v2\/users\/408"}],"replies":[{"embeddable":true,"href":"https:\/\/des-tuc.infd.edu.ar\/sitio\/wp-json\/wp\/v2\/comments?post=1857"}],"version-history":[{"count":2,"href":"https:\/\/des-tuc.infd.edu.ar\/sitio\/wp-json\/wp\/v2\/posts\/1857\/revisions"}],"predecessor-version":[{"id":1862,"href":"https:\/\/des-tuc.infd.edu.ar\/sitio\/wp-json\/wp\/v2\/posts\/1857\/revisions\/1862"}],"wp:featuredmedia":[{"embeddable":true,"href":"https:\/\/des-tuc.infd.edu.ar\/sitio\/wp-json\/wp\/v2\/media\/1859"}],"wp:attachment":[{"href":"https:\/\/des-tuc.infd.edu.ar\/sitio\/wp-json\/wp\/v2\/media?parent=1857"}],"wp:term":[{"taxonomy":"category","embeddable":true,"href":"https:\/\/des-tuc.infd.edu.ar\/sitio\/wp-json\/wp\/v2\/categories?post=1857"},{"taxonomy":"post_tag","embeddable":true,"href":"https:\/\/des-tuc.infd.edu.ar\/sitio\/wp-json\/wp\/v2\/tags?post=1857"}],"curies":[{"name":"wp","href":"https:\/\/api.w.org\/{rel}","templated":true}]}}