{"id":1849,"date":"2019-12-12T15:08:21","date_gmt":"2019-12-12T18:08:21","guid":{"rendered":"https:\/\/des-tuc.infd.edu.ar\/sitio\/?p=1849"},"modified":"2019-12-12T15:20:53","modified_gmt":"2019-12-12T18:20:53","slug":"pensar-la-formacion-docente-con-perspectiva-de-genero","status":"publish","type":"post","link":"https:\/\/des-tuc.infd.edu.ar\/sitio\/pensar-la-formacion-docente-con-perspectiva-de-genero\/","title":{"rendered":"Pensar la formaci\u00f3n docente con perspectiva de g\u00e9nero"},"content":{"rendered":"<p>Se llev\u00f3 a cabo la <strong>Jornada de G\u00e9nero<\/strong> dirigida a directivos y docentes del Nivel Superior. La finalidad fue sensibilizar sobre la necesidad de abrir el \u00e1mbito educativo al debate y la construcci\u00f3n de contenidos con perspectiva de g\u00e9nero. El encuentro propici\u00f3 momentos de reflexi\u00f3n, an\u00e1lisis y reedificaci\u00f3n de conceptos.<\/p>\n<p>Los presentes pudieron avanzar en discernir todos los espacios posibles para visibilizar en el \u00e1mbito cultural educativo las problem\u00e1ticas, los cambios estructurales que propone el pensar los contenidos con perspectiva de g\u00e9nero, entre ellos: La literatura, el cine y el propio curr\u00edculo oficial.<\/p>\n<p>Los disparadores de la Jornada fueron diversos materiales te\u00f3ricos y el aporte de charlas a cargo de la pedagoga <strong>Silvina Vaca Oviedo<\/strong>, la docente <strong>Jorgelina Chaya<\/strong> y el pedagogo <strong>Lucas Stambole<\/strong>. Tres profesionales con basta experiencia en el campo docente y de investigaci\u00f3n sobre el tema.<\/p>\n<p>El p\u00fablico educativo al concluir la actividad solicit\u00f3 nuevos espacios de debates como el que se propici\u00f3. Es as\u00ed que desde la <strong>Direcci\u00f3n de Educaci\u00f3n Superior y Art\u00edstica<\/strong> se proyecta una agenda 2020 a partir de la demanda y la certeza que el \u00e1mbito educativo es el \u00f3ptimo para la construcci\u00f3n y desconstrucci\u00f3n de estructuras reproducidas hist\u00f3ricamente y que ya no tienen cabida para las nuevas generaciones.<\/p>\n<p><img decoding=\"async\" loading=\"lazy\" class=\"alignnone size-medium wp-image-1855\" src=\"https:\/\/des-tuc.infd.edu.ar\/sitio\/wp-content\/uploads\/2019\/12\/Jornada-de-G\u00e9nero-2-1000x750.jpeg\" alt=\"\" width=\"1000\" height=\"750\" srcset=\"https:\/\/des-tuc.infd.edu.ar\/sitio\/wp-content\/uploads\/2019\/12\/Jornada-de-G\u00e9nero-2-1000x750.jpeg 1000w, https:\/\/des-tuc.infd.edu.ar\/sitio\/wp-content\/uploads\/2019\/12\/Jornada-de-G\u00e9nero-2-768x576.jpeg 768w, https:\/\/des-tuc.infd.edu.ar\/sitio\/wp-content\/uploads\/2019\/12\/Jornada-de-G\u00e9nero-2.jpeg 1280w\" sizes=\"(max-width: 1000px) 100vw, 1000px\" \/><\/p>\n","protected":false},"excerpt":{"rendered":"<p>Se llev\u00f3 a cabo la Jornada de G\u00e9nero dirigida a directivos y docentes del Nivel Superior. La finalidad fue sensibilizar sobre la necesidad de abrir el \u00e1mbito educativo al debate y la construcci\u00f3n de contenidos con perspectiva de g\u00e9nero. El encuentro propici\u00f3 momentos de reflexi\u00f3n, an\u00e1lisis y reedificaci\u00f3n de conceptos. Los presentes pudieron avanzar en &#8230; <a title=\"Pensar la formaci\u00f3n docente con perspectiva de g\u00e9nero\" class=\"read-more\" href=\"https:\/\/des-tuc.infd.edu.ar\/sitio\/pensar-la-formacion-docente-con-perspectiva-de-genero\/\" aria-label=\"More on Pensar la formaci\u00f3n docente con perspectiva de g\u00e9nero\">[+]<\/a><\/p>\n","protected":false},"author":408,"featured_media":1850,"comment_status":"open","ping_status":"open","sticky":false,"template":"","format":"standard","meta":[],"categories":[7],"tags":[],"acf":[],"_links":{"self":[{"href":"https:\/\/des-tuc.infd.edu.ar\/sitio\/wp-json\/wp\/v2\/posts\/1849"}],"collection":[{"href":"https:\/\/des-tuc.infd.edu.ar\/sitio\/wp-json\/wp\/v2\/posts"}],"about":[{"href":"https:\/\/des-tuc.infd.edu.ar\/sitio\/wp-json\/wp\/v2\/types\/post"}],"author":[{"embeddable":true,"href":"https:\/\/des-tuc.infd.edu.ar\/sitio\/wp-json\/wp\/v2\/users\/408"}],"replies":[{"embeddable":true,"href":"https:\/\/des-tuc.infd.edu.ar\/sitio\/wp-json\/wp\/v2\/comments?post=1849"}],"version-history":[{"count":2,"href":"https:\/\/des-tuc.infd.edu.ar\/sitio\/wp-json\/wp\/v2\/posts\/1849\/revisions"}],"predecessor-version":[{"id":1856,"href":"https:\/\/des-tuc.infd.edu.ar\/sitio\/wp-json\/wp\/v2\/posts\/1849\/revisions\/1856"}],"wp:featuredmedia":[{"embeddable":true,"href":"https:\/\/des-tuc.infd.edu.ar\/sitio\/wp-json\/wp\/v2\/media\/1850"}],"wp:attachment":[{"href":"https:\/\/des-tuc.infd.edu.ar\/sitio\/wp-json\/wp\/v2\/media?parent=1849"}],"wp:term":[{"taxonomy":"category","embeddable":true,"href":"https:\/\/des-tuc.infd.edu.ar\/sitio\/wp-json\/wp\/v2\/categories?post=1849"},{"taxonomy":"post_tag","embeddable":true,"href":"https:\/\/des-tuc.infd.edu.ar\/sitio\/wp-json\/wp\/v2\/tags?post=1849"}],"curies":[{"name":"wp","href":"https:\/\/api.w.org\/{rel}","templated":true}]}}