{"id":1840,"date":"2019-12-11T17:40:13","date_gmt":"2019-12-11T20:40:13","guid":{"rendered":"https:\/\/des-tuc.infd.edu.ar\/sitio\/?p=1840"},"modified":"2019-12-11T17:40:13","modified_gmt":"2019-12-11T20:40:13","slug":"acompanamiento-territorial-a-la-presentacion-de-vinos-del-ies-de-colalao-del-valle","status":"publish","type":"post","link":"https:\/\/des-tuc.infd.edu.ar\/sitio\/acompanamiento-territorial-a-la-presentacion-de-vinos-del-ies-de-colalao-del-valle\/","title":{"rendered":"Acompa\u00f1amiento territorial a la presentaci\u00f3n de vinos del IES de Colalao del Valle"},"content":{"rendered":"<p>Desde la l\u00ednea de<strong> Formaci\u00f3n de Formadores de la Direcci\u00f3n de Educaci\u00f3n Superior y Art\u00edstica<\/strong> asistieron a la presentaci\u00f3n y degustaci\u00f3n de la producci\u00f3n de vinos realizados desde la<strong> carrera de Enolog\u00eda y Viticultura del Instituto de Ense\u00f1anza Superior.\u00a0<\/strong><\/p>\n<p>La jornada permiti\u00f3 por un lado la difusi\u00f3n de la carrera como tambi\u00e9n pensar la producci\u00f3n en el plano econ\u00f3mico. Por ello la presentaci\u00f3n de \u201cAtardecer, cultura, vino e historia\u201d\u00a0 fue para referentes del sistema productivo de la zona, como empresarios y difusores. Se destaca adem\u00e1s la presencia de representantes\u00a0 de los IES de Taf\u00ed del Valle y Amaicha, familiares de los estudiantes y vecinos de la comunidad.<\/p>\n<p>&nbsp;<\/p>\n","protected":false},"excerpt":{"rendered":"<p>Desde la l\u00ednea de Formaci\u00f3n de Formadores de la Direcci\u00f3n de Educaci\u00f3n Superior y Art\u00edstica asistieron a la presentaci\u00f3n y degustaci\u00f3n de la producci\u00f3n de vinos realizados desde la carrera de Enolog\u00eda y Viticultura del Instituto de Ense\u00f1anza Superior.\u00a0 La jornada permiti\u00f3 por un lado la difusi\u00f3n de la carrera como tambi\u00e9n pensar la producci\u00f3n &#8230; <a title=\"Acompa\u00f1amiento territorial a la presentaci\u00f3n de vinos del IES de Colalao del Valle\" class=\"read-more\" href=\"https:\/\/des-tuc.infd.edu.ar\/sitio\/acompanamiento-territorial-a-la-presentacion-de-vinos-del-ies-de-colalao-del-valle\/\" aria-label=\"More on Acompa\u00f1amiento territorial a la presentaci\u00f3n de vinos del IES de Colalao del Valle\">[+]<\/a><\/p>\n","protected":false},"author":408,"featured_media":1841,"comment_status":"open","ping_status":"open","sticky":false,"template":"","format":"standard","meta":[],"categories":[8],"tags":[],"acf":[],"_links":{"self":[{"href":"https:\/\/des-tuc.infd.edu.ar\/sitio\/wp-json\/wp\/v2\/posts\/1840"}],"collection":[{"href":"https:\/\/des-tuc.infd.edu.ar\/sitio\/wp-json\/wp\/v2\/posts"}],"about":[{"href":"https:\/\/des-tuc.infd.edu.ar\/sitio\/wp-json\/wp\/v2\/types\/post"}],"author":[{"embeddable":true,"href":"https:\/\/des-tuc.infd.edu.ar\/sitio\/wp-json\/wp\/v2\/users\/408"}],"replies":[{"embeddable":true,"href":"https:\/\/des-tuc.infd.edu.ar\/sitio\/wp-json\/wp\/v2\/comments?post=1840"}],"version-history":[{"count":1,"href":"https:\/\/des-tuc.infd.edu.ar\/sitio\/wp-json\/wp\/v2\/posts\/1840\/revisions"}],"predecessor-version":[{"id":1842,"href":"https:\/\/des-tuc.infd.edu.ar\/sitio\/wp-json\/wp\/v2\/posts\/1840\/revisions\/1842"}],"wp:featuredmedia":[{"embeddable":true,"href":"https:\/\/des-tuc.infd.edu.ar\/sitio\/wp-json\/wp\/v2\/media\/1841"}],"wp:attachment":[{"href":"https:\/\/des-tuc.infd.edu.ar\/sitio\/wp-json\/wp\/v2\/media?parent=1840"}],"wp:term":[{"taxonomy":"category","embeddable":true,"href":"https:\/\/des-tuc.infd.edu.ar\/sitio\/wp-json\/wp\/v2\/categories?post=1840"},{"taxonomy":"post_tag","embeddable":true,"href":"https:\/\/des-tuc.infd.edu.ar\/sitio\/wp-json\/wp\/v2\/tags?post=1840"}],"curies":[{"name":"wp","href":"https:\/\/api.w.org\/{rel}","templated":true}]}}