{"id":1831,"date":"2019-12-11T16:44:11","date_gmt":"2019-12-11T19:44:11","guid":{"rendered":"https:\/\/des-tuc.infd.edu.ar\/sitio\/?p=1831"},"modified":"2019-12-11T16:44:11","modified_gmt":"2019-12-11T19:44:11","slug":"desde-educacion-intercultural-bilingue-se-proyecta-incorporar-la-tematica-en-los-espacios-curriculares-de-los-ies","status":"publish","type":"post","link":"https:\/\/des-tuc.infd.edu.ar\/sitio\/desde-educacion-intercultural-bilingue-se-proyecta-incorporar-la-tematica-en-los-espacios-curriculares-de-los-ies\/","title":{"rendered":"Desde Educaci\u00f3n Intercultural Biling\u00fce se proyecta incorporar la tem\u00e1tica en los espacios curriculares de los IES"},"content":{"rendered":"<p><strong>Las l\u00edneas de Pr\u00e1ctica Profesional y Desarrollo Curricular de la Direcci\u00f3n de Educaci\u00f3n Superior y Art\u00edstica<\/strong> participaron del desarrollo de la agenda 2020 de la modalidad de gesti\u00f3n de <strong>Educaci\u00f3n Intercultural\u00a0Biling\u00fce dependiente de la Direcci\u00f3n de Asistencia T\u00e9cnica Pedag\u00f3gica<\/strong>.<\/p>\n<p>La nueva agenda se programa en funci\u00f3n de los dos encuentros realizados, <a href=\"https:\/\/des-tuc.infd.edu.ar\/sitio\/se-realizo-el-1o-encuentro-provincial-de-educacion-intercultural-en-el-ies-villa-quinteros\/\" target=\"_blank\" rel=\"noopener\">uno en el IES de Villa Quinteros<\/a> y<a href=\"https:\/\/des-tuc.infd.edu.ar\/sitio\/exitoso-encuentro-provincial-de-educacion-intercultural\/\" target=\"_blank\" rel=\"noopener\"> el otro que se concret\u00f3 en el IES\u00a0Profesor Manuel Marchetti ,\u00a0<\/a>las evaluaciones, como tambi\u00e9n las demandas solicitadas por los docentes y estudiantes. Todo el material recopilado constituy\u00f3 la piedra basal para la construcci\u00f3n de la nueva propuesta 2020.<\/p>\n<p>La pr\u00f3xima semana se llevar\u00e1 a cabo una nueva reuni\u00f3n de equipo en el cual se trabajar\u00e1 los lineamientos a seguir con el fin de revisar los dise\u00f1os de formaci\u00f3n docente para evaluar la posibilidad de incorporar tem\u00e1ticas referidas a la Educaci\u00f3n Intercultural\u00a0Biling\u00fce en los actuales espacios curriculares.<\/p>\n<p>El objetivo es fortalecer la Formaci\u00f3n Docente Inicial, conformar una mesa de trabajo con las comunidades de los pueblos para concretar acciones, armar un banco de recursos digitales y socializar los contenidos producidos hacia el interior de los Institutos de Ense\u00f1anza Superior.<\/p>\n","protected":false},"excerpt":{"rendered":"<p>Las l\u00edneas de Pr\u00e1ctica Profesional y Desarrollo Curricular de la Direcci\u00f3n de Educaci\u00f3n Superior y Art\u00edstica participaron del desarrollo de la agenda 2020 de la modalidad de gesti\u00f3n de Educaci\u00f3n Intercultural\u00a0Biling\u00fce dependiente de la Direcci\u00f3n de Asistencia T\u00e9cnica Pedag\u00f3gica. La nueva agenda se programa en funci\u00f3n de los dos encuentros realizados, uno en el IES &#8230; <a title=\"Desde Educaci\u00f3n Intercultural Biling\u00fce se proyecta incorporar la tem\u00e1tica en los espacios curriculares de los IES\" class=\"read-more\" href=\"https:\/\/des-tuc.infd.edu.ar\/sitio\/desde-educacion-intercultural-bilingue-se-proyecta-incorporar-la-tematica-en-los-espacios-curriculares-de-los-ies\/\" aria-label=\"More on Desde Educaci\u00f3n Intercultural Biling\u00fce se proyecta incorporar la tem\u00e1tica en los espacios curriculares de los IES\">[+]<\/a><\/p>\n","protected":false},"author":408,"featured_media":1836,"comment_status":"open","ping_status":"open","sticky":false,"template":"","format":"standard","meta":[],"categories":[7],"tags":[],"acf":[],"_links":{"self":[{"href":"https:\/\/des-tuc.infd.edu.ar\/sitio\/wp-json\/wp\/v2\/posts\/1831"}],"collection":[{"href":"https:\/\/des-tuc.infd.edu.ar\/sitio\/wp-json\/wp\/v2\/posts"}],"about":[{"href":"https:\/\/des-tuc.infd.edu.ar\/sitio\/wp-json\/wp\/v2\/types\/post"}],"author":[{"embeddable":true,"href":"https:\/\/des-tuc.infd.edu.ar\/sitio\/wp-json\/wp\/v2\/users\/408"}],"replies":[{"embeddable":true,"href":"https:\/\/des-tuc.infd.edu.ar\/sitio\/wp-json\/wp\/v2\/comments?post=1831"}],"version-history":[{"count":3,"href":"https:\/\/des-tuc.infd.edu.ar\/sitio\/wp-json\/wp\/v2\/posts\/1831\/revisions"}],"predecessor-version":[{"id":1838,"href":"https:\/\/des-tuc.infd.edu.ar\/sitio\/wp-json\/wp\/v2\/posts\/1831\/revisions\/1838"}],"wp:featuredmedia":[{"embeddable":true,"href":"https:\/\/des-tuc.infd.edu.ar\/sitio\/wp-json\/wp\/v2\/media\/1836"}],"wp:attachment":[{"href":"https:\/\/des-tuc.infd.edu.ar\/sitio\/wp-json\/wp\/v2\/media?parent=1831"}],"wp:term":[{"taxonomy":"category","embeddable":true,"href":"https:\/\/des-tuc.infd.edu.ar\/sitio\/wp-json\/wp\/v2\/categories?post=1831"},{"taxonomy":"post_tag","embeddable":true,"href":"https:\/\/des-tuc.infd.edu.ar\/sitio\/wp-json\/wp\/v2\/tags?post=1831"}],"curies":[{"name":"wp","href":"https:\/\/api.w.org\/{rel}","templated":true}]}}