{"id":1826,"date":"2019-12-11T15:35:54","date_gmt":"2019-12-11T18:35:54","guid":{"rendered":"https:\/\/des-tuc.infd.edu.ar\/sitio\/?p=1826"},"modified":"2019-12-11T16:32:50","modified_gmt":"2019-12-11T19:32:50","slug":"la-desya-participo-del-balance-y-proyecciones-2020-de-educovial","status":"publish","type":"post","link":"https:\/\/des-tuc.infd.edu.ar\/sitio\/la-desya-participo-del-balance-y-proyecciones-2020-de-educovial\/","title":{"rendered":"La DESyA particip\u00f3 del balance y proyecciones 2020 de EducoVial"},"content":{"rendered":"<p>Desde el \u00e1rea del <strong>Observatorio de Convivencia de la Direcci\u00f3n de Educaci\u00f3n Superior y Art\u00edstica<\/strong> se particip\u00f3 de la mesa de trabajo convocada por la <strong>Secretar\u00eda de Bienestar<\/strong>\u00a0 encargada del <em>Programa \u00abEducoVial\u00bb<\/em> que inici\u00f3 en febrero de 2019. El objetivo de la reuni\u00f3n fue realizar un balance del a\u00f1o trascurrido y proyectar la agenda 2020.<\/p>\n<p>La mesa de trabajo se constituy\u00f3 adem\u00e1s por referentes de otras entidades como de Estrellas Amarillas, de los diferentes Niveles Educativos, con el fin de favorecer a una agenda interinstitucional para el 2020. En este sentido, desde el \u00e1rea del<strong> Observatorio de Convivencia<\/strong> se propuso un ciclo de charlas y conferencias con profesionales del \u00e1mbito legal y de salud para insertar en la agenda de los Institutos de Ense\u00f1anza Superior a partir del pr\u00f3ximo a\u00f1o.<\/p>\n<p>El segundo encuentro se realizar\u00e1 ma\u00f1ana,\u00a0 jueves 12 de diciembre en el CIIDEPT,\u00a0 en donde todas las partes implicadas har\u00e1n la presentaci\u00f3n de sus iniciativas para aportar a los contenidos del pr\u00f3ximo a\u00f1o.<\/p>\n<p><a href=\"http:\/\/www.educaciontuc.gov.ar\/nsitio\/?p=26925\" target=\"_blank\" rel=\"noopener\">En el lanzamiento del Programa,<\/a> el ministro <strong>Juan Pablo Lichtmajer<\/strong> hab\u00eda indicado \u201cEl objetivo es que la v\u00eda p\u00fablica, manejar, subirse a un colectivo, a un taxi, caminar por la calle, sea algo m\u00e1s f\u00e1cil, mejor, m\u00e1s respetuoso y m\u00e1s gentil. Ese cambio empieza en la escuela: miles de chicos van a ser parte del programa de promotores de Educaci\u00f3n Vial, porque queremos vivir mejor. Esto no es un hecho aislado, miles de escuelas de la provincia ense\u00f1ando Educaci\u00f3n Vial porque ah\u00ed es donde todo empieza, para luego llevarla a la calle porque sabemos que esto es una causa de muertes y tragedias en la Argentina. Por la escuela empieza la calidad de vida, con los chicos tenemos a los mejores concientizadores que una sociedad puede tener\u201d.<\/p>\n","protected":false},"excerpt":{"rendered":"<p>Desde el \u00e1rea del Observatorio de Convivencia de la Direcci\u00f3n de Educaci\u00f3n Superior y Art\u00edstica se particip\u00f3 de la mesa de trabajo convocada por la Secretar\u00eda de Bienestar\u00a0 encargada del Programa \u00abEducoVial\u00bb que inici\u00f3 en febrero de 2019. El objetivo de la reuni\u00f3n fue realizar un balance del a\u00f1o trascurrido y proyectar la agenda 2020. &#8230; <a title=\"La DESyA particip\u00f3 del balance y proyecciones 2020 de EducoVial\" class=\"read-more\" href=\"https:\/\/des-tuc.infd.edu.ar\/sitio\/la-desya-participo-del-balance-y-proyecciones-2020-de-educovial\/\" aria-label=\"More on La DESyA particip\u00f3 del balance y proyecciones 2020 de EducoVial\">[+]<\/a><\/p>\n","protected":false},"author":408,"featured_media":1827,"comment_status":"open","ping_status":"open","sticky":false,"template":"","format":"standard","meta":[],"categories":[7],"tags":[],"acf":[],"_links":{"self":[{"href":"https:\/\/des-tuc.infd.edu.ar\/sitio\/wp-json\/wp\/v2\/posts\/1826"}],"collection":[{"href":"https:\/\/des-tuc.infd.edu.ar\/sitio\/wp-json\/wp\/v2\/posts"}],"about":[{"href":"https:\/\/des-tuc.infd.edu.ar\/sitio\/wp-json\/wp\/v2\/types\/post"}],"author":[{"embeddable":true,"href":"https:\/\/des-tuc.infd.edu.ar\/sitio\/wp-json\/wp\/v2\/users\/408"}],"replies":[{"embeddable":true,"href":"https:\/\/des-tuc.infd.edu.ar\/sitio\/wp-json\/wp\/v2\/comments?post=1826"}],"version-history":[{"count":4,"href":"https:\/\/des-tuc.infd.edu.ar\/sitio\/wp-json\/wp\/v2\/posts\/1826\/revisions"}],"predecessor-version":[{"id":1835,"href":"https:\/\/des-tuc.infd.edu.ar\/sitio\/wp-json\/wp\/v2\/posts\/1826\/revisions\/1835"}],"wp:featuredmedia":[{"embeddable":true,"href":"https:\/\/des-tuc.infd.edu.ar\/sitio\/wp-json\/wp\/v2\/media\/1827"}],"wp:attachment":[{"href":"https:\/\/des-tuc.infd.edu.ar\/sitio\/wp-json\/wp\/v2\/media?parent=1826"}],"wp:term":[{"taxonomy":"category","embeddable":true,"href":"https:\/\/des-tuc.infd.edu.ar\/sitio\/wp-json\/wp\/v2\/categories?post=1826"},{"taxonomy":"post_tag","embeddable":true,"href":"https:\/\/des-tuc.infd.edu.ar\/sitio\/wp-json\/wp\/v2\/tags?post=1826"}],"curies":[{"name":"wp","href":"https:\/\/api.w.org\/{rel}","templated":true}]}}