{"id":1757,"date":"2019-11-06T14:54:16","date_gmt":"2019-11-06T17:54:16","guid":{"rendered":"https:\/\/des-tuc.infd.edu.ar\/sitio\/?p=1757"},"modified":"2019-11-06T15:30:48","modified_gmt":"2019-11-06T18:30:48","slug":"exitoso-encuentro-provincial-de-educacion-intercultural","status":"publish","type":"post","link":"https:\/\/des-tuc.infd.edu.ar\/sitio\/exitoso-encuentro-provincial-de-educacion-intercultural\/","title":{"rendered":"Exitoso Encuentro Provincial de Educaci\u00f3n Intercultural"},"content":{"rendered":"<p>La semana pasada se concret\u00f3 el <strong>2\u00ba Encuentro\u00a0Provincial de Educaci\u00f3n Intercultural en el IES Profesor Manuel Marchetti,<\/strong> bajo el lema <em>\u00abEl desaf\u00edo de pensar la formaci\u00f3n docente con los pueblos originarios\u00bb<\/em>. Luego de un camino recorrido, este segundo encuentro se plante\u00f3 nuevos desaf\u00edos en la posibilidad y el deber de construir un enfoque educativo de car\u00e1cter inclusivo, a partir del respeto y la valoraci\u00f3n de la diversidad cultural.<\/p>\n<p>Con una exitosa convocatoria, se cont\u00f3 con la participaci\u00f3n de docentes de los espacios de: Literaturas del NOA, Lenguas y culturas de los Pueblos Originarios, y Pr\u00e1ctica IV; estudiantes de 4to a\u00f1o de los IES de los Profesorados de Educaci\u00f3n Secundaria en Lengua y Literatura, Historia, Educaci\u00f3n Inicial y Primaria.<\/p>\n<p><img decoding=\"async\" loading=\"lazy\" class=\"alignnone size-medium wp-image-1759\" src=\"https:\/\/des-tuc.infd.edu.ar\/sitio\/wp-content\/uploads\/2019\/11\/2\u00ba-Encuentro-Intercultural-2-1000x563.jpg\" alt=\"\" width=\"1000\" height=\"563\" srcset=\"https:\/\/des-tuc.infd.edu.ar\/sitio\/wp-content\/uploads\/2019\/11\/2\u00ba-Encuentro-Intercultural-2-1000x563.jpg 1000w, https:\/\/des-tuc.infd.edu.ar\/sitio\/wp-content\/uploads\/2019\/11\/2\u00ba-Encuentro-Intercultural-2-768x432.jpg 768w, https:\/\/des-tuc.infd.edu.ar\/sitio\/wp-content\/uploads\/2019\/11\/2\u00ba-Encuentro-Intercultural-2.jpg 1280w\" sizes=\"(max-width: 1000px) 100vw, 1000px\" \/><\/p>\n<p>Adem\u00e1s estuvieron presente los Caciques de las Comunidades ind\u00edgenas de la provincia, como <strong>Delfin Ger\u00f3nimo<\/strong>, miembro del Concejo de los Quilmes. <strong>Equipo T\u00e9cnico de la Direcci\u00f3n de Nivel Superior y Modalidad de Educaci\u00f3n Intercultural Biling\u00fce.\u00a0<\/strong><\/p>\n<p>La jornada permiti\u00f3 la reflexi\u00f3n, el debate, la revisi\u00f3n hist\u00f3rica y de nuevos paradigmas, para analizar las construcciones simb\u00f3licas, el ser de los pueblos ind\u00edgenas, la riqueza cultural, siempre vinculados a los derechos de los mismos. As\u00ed tambi\u00e9n el camino a seguir y la responsabilidad educativa formal en ampliar el abanico informativo y cultural desde las aulas.<\/p>\n<p><img decoding=\"async\" loading=\"lazy\" class=\"alignnone size-medium wp-image-1760\" src=\"https:\/\/des-tuc.infd.edu.ar\/sitio\/wp-content\/uploads\/2019\/11\/2\u00ba-Encuentro-Intercultural-1-1000x562.jpg\" alt=\"\" width=\"1000\" height=\"562\" srcset=\"https:\/\/des-tuc.infd.edu.ar\/sitio\/wp-content\/uploads\/2019\/11\/2\u00ba-Encuentro-Intercultural-1-1000x562.jpg 1000w, https:\/\/des-tuc.infd.edu.ar\/sitio\/wp-content\/uploads\/2019\/11\/2\u00ba-Encuentro-Intercultural-1-768x431.jpg 768w, https:\/\/des-tuc.infd.edu.ar\/sitio\/wp-content\/uploads\/2019\/11\/2\u00ba-Encuentro-Intercultural-1.jpg 1280w\" sizes=\"(max-width: 1000px) 100vw, 1000px\" \/>Los asistentes fueron invitados a realizar el saludo simb\u00f3lico al Dios Inti, guiados en su significado.<\/p>\n","protected":false},"excerpt":{"rendered":"<p>La semana pasada se concret\u00f3 el 2\u00ba Encuentro\u00a0Provincial de Educaci\u00f3n Intercultural en el IES Profesor Manuel Marchetti, bajo el lema \u00abEl desaf\u00edo de pensar la formaci\u00f3n docente con los pueblos originarios\u00bb. Luego de un camino recorrido, este segundo encuentro se plante\u00f3 nuevos desaf\u00edos en la posibilidad y el deber de construir un enfoque educativo de &#8230; <a title=\"Exitoso Encuentro Provincial de Educaci\u00f3n Intercultural\" class=\"read-more\" href=\"https:\/\/des-tuc.infd.edu.ar\/sitio\/exitoso-encuentro-provincial-de-educacion-intercultural\/\" aria-label=\"More on Exitoso Encuentro Provincial de Educaci\u00f3n Intercultural\">[+]<\/a><\/p>\n","protected":false},"author":408,"featured_media":1758,"comment_status":"open","ping_status":"open","sticky":false,"template":"","format":"standard","meta":[],"categories":[6],"tags":[],"acf":[],"_links":{"self":[{"href":"https:\/\/des-tuc.infd.edu.ar\/sitio\/wp-json\/wp\/v2\/posts\/1757"}],"collection":[{"href":"https:\/\/des-tuc.infd.edu.ar\/sitio\/wp-json\/wp\/v2\/posts"}],"about":[{"href":"https:\/\/des-tuc.infd.edu.ar\/sitio\/wp-json\/wp\/v2\/types\/post"}],"author":[{"embeddable":true,"href":"https:\/\/des-tuc.infd.edu.ar\/sitio\/wp-json\/wp\/v2\/users\/408"}],"replies":[{"embeddable":true,"href":"https:\/\/des-tuc.infd.edu.ar\/sitio\/wp-json\/wp\/v2\/comments?post=1757"}],"version-history":[{"count":3,"href":"https:\/\/des-tuc.infd.edu.ar\/sitio\/wp-json\/wp\/v2\/posts\/1757\/revisions"}],"predecessor-version":[{"id":1765,"href":"https:\/\/des-tuc.infd.edu.ar\/sitio\/wp-json\/wp\/v2\/posts\/1757\/revisions\/1765"}],"wp:featuredmedia":[{"embeddable":true,"href":"https:\/\/des-tuc.infd.edu.ar\/sitio\/wp-json\/wp\/v2\/media\/1758"}],"wp:attachment":[{"href":"https:\/\/des-tuc.infd.edu.ar\/sitio\/wp-json\/wp\/v2\/media?parent=1757"}],"wp:term":[{"taxonomy":"category","embeddable":true,"href":"https:\/\/des-tuc.infd.edu.ar\/sitio\/wp-json\/wp\/v2\/categories?post=1757"},{"taxonomy":"post_tag","embeddable":true,"href":"https:\/\/des-tuc.infd.edu.ar\/sitio\/wp-json\/wp\/v2\/tags?post=1757"}],"curies":[{"name":"wp","href":"https:\/\/api.w.org\/{rel}","templated":true}]}}