{"id":1596,"date":"2019-09-03T15:28:49","date_gmt":"2019-09-03T18:28:49","guid":{"rendered":"https:\/\/des-tuc.infd.edu.ar\/sitio\/?p=1596"},"modified":"2019-09-05T09:51:08","modified_gmt":"2019-09-05T12:51:08","slug":"se-realizo-el-1o-encuentro-provincial-de-educacion-intercultural-en-el-ies-villa-quinteros","status":"publish","type":"post","link":"https:\/\/des-tuc.infd.edu.ar\/sitio\/se-realizo-el-1o-encuentro-provincial-de-educacion-intercultural-en-el-ies-villa-quinteros\/","title":{"rendered":"Se realiz\u00f3 el 1\u00ba Encuentro Provincial de Educaci\u00f3n Intercultural en el IES Villa Quinteros"},"content":{"rendered":"<p>La <strong>Direcci\u00f3n de Educaci\u00f3n Superior y Art\u00edstica<\/strong> en conjunto con la <strong>Direcci\u00f3n de Asistencia T\u00e9cnica Pedag\u00f3gica (<\/strong>DATP) a trav\u00e9s de la Modalidad de Educaci\u00f3n Intercultural Biling\u00fce organizaron el \u00ab<strong>Primer Encuentro Provincial de Educaci\u00f3n Intercultural: El Desaf\u00edo de pensar la escuela con los pueblos originarios\u00bb<\/strong>.<\/p>\n<p>La actividad se concret\u00f3 el 20 de agosto en las instalaciones del <strong>Instituto de Ense\u00f1anza Superior Villa Quinteros<\/strong>, en la comuna monteriza sure\u00f1a de Villa Quinteros.<\/p>\n<p>Participaron docentes y estudiantes de 4to a\u00f1o de los Profesorados de Educaci\u00f3n Secundaria en Lengua y Literatura del sur de la provincia. En especial a los docentes a cargo de los espacios curriculares de <strong>Lenguas y Culturas de los Pueblos Originarios, Literatura del NOA y Pr\u00e1ctica IV<\/strong>.<\/p>\n<p>En una jornada que invit\u00f3 a la reflexi\u00f3n sobre los usos ling\u00fc\u00edsticos y el reconocimiento de las\u00a0 diversas culturas de Tucum\u00e1n, se cont\u00f3 con la participaci\u00f3n especial de <strong>referentes de los Pueblos Originarios de Lules, Colalao y de la Naci\u00f3n Diaguita<\/strong>. Adem\u00e1s\u00a0los especialistas <strong>Dra. Luc\u00eda Reyes de Deu<\/strong>, de Brandeys University, quien particip\u00f3 en la elaboraci\u00f3n de los <strong>Dise\u00f1os Curriculares para el Profesorado en Educaci\u00f3n Secundaria en Lengua y Literatura<\/strong>; como tambi\u00e9n estuvieron presente Equipo T\u00e9cnicos del \u00e1rea Desarrollo Curricular\u00a0 y Pr\u00e1cticas de la DESYA y de la Modalidad de Educaci\u00f3n Intercultural\u00a0Biling\u00fce de la DATP.<\/p>\n<p>En el trascurso de la propuesta se realiz\u00f3 una Ceremonia de Tradicional a la Pachamama y Mesas Paneles con los representantes de los Pueblos Originarios , intercambio de postura entre los convocados y exposici\u00f3n art\u00edstica acorde a la tem\u00e1tica que fue centro de discusi\u00f3n y an\u00e1lisis.<\/p>\n","protected":false},"excerpt":{"rendered":"<p>La Direcci\u00f3n de Educaci\u00f3n Superior y Art\u00edstica en conjunto con la Direcci\u00f3n de Asistencia T\u00e9cnica Pedag\u00f3gica (DATP) a trav\u00e9s de la Modalidad de Educaci\u00f3n Intercultural Biling\u00fce organizaron el \u00abPrimer Encuentro Provincial de Educaci\u00f3n Intercultural: El Desaf\u00edo de pensar la escuela con los pueblos originarios\u00bb. La actividad se concret\u00f3 el 20 de agosto en las instalaciones &#8230; <a title=\"Se realiz\u00f3 el 1\u00ba Encuentro Provincial de Educaci\u00f3n Intercultural en el IES Villa Quinteros\" class=\"read-more\" href=\"https:\/\/des-tuc.infd.edu.ar\/sitio\/se-realizo-el-1o-encuentro-provincial-de-educacion-intercultural-en-el-ies-villa-quinteros\/\" aria-label=\"More on Se realiz\u00f3 el 1\u00ba Encuentro Provincial de Educaci\u00f3n Intercultural en el IES Villa Quinteros\">[+]<\/a><\/p>\n","protected":false},"author":408,"featured_media":1620,"comment_status":"open","ping_status":"open","sticky":false,"template":"","format":"standard","meta":[],"categories":[6],"tags":[],"acf":[],"_links":{"self":[{"href":"https:\/\/des-tuc.infd.edu.ar\/sitio\/wp-json\/wp\/v2\/posts\/1596"}],"collection":[{"href":"https:\/\/des-tuc.infd.edu.ar\/sitio\/wp-json\/wp\/v2\/posts"}],"about":[{"href":"https:\/\/des-tuc.infd.edu.ar\/sitio\/wp-json\/wp\/v2\/types\/post"}],"author":[{"embeddable":true,"href":"https:\/\/des-tuc.infd.edu.ar\/sitio\/wp-json\/wp\/v2\/users\/408"}],"replies":[{"embeddable":true,"href":"https:\/\/des-tuc.infd.edu.ar\/sitio\/wp-json\/wp\/v2\/comments?post=1596"}],"version-history":[{"count":2,"href":"https:\/\/des-tuc.infd.edu.ar\/sitio\/wp-json\/wp\/v2\/posts\/1596\/revisions"}],"predecessor-version":[{"id":1598,"href":"https:\/\/des-tuc.infd.edu.ar\/sitio\/wp-json\/wp\/v2\/posts\/1596\/revisions\/1598"}],"wp:featuredmedia":[{"embeddable":true,"href":"https:\/\/des-tuc.infd.edu.ar\/sitio\/wp-json\/wp\/v2\/media\/1620"}],"wp:attachment":[{"href":"https:\/\/des-tuc.infd.edu.ar\/sitio\/wp-json\/wp\/v2\/media?parent=1596"}],"wp:term":[{"taxonomy":"category","embeddable":true,"href":"https:\/\/des-tuc.infd.edu.ar\/sitio\/wp-json\/wp\/v2\/categories?post=1596"},{"taxonomy":"post_tag","embeddable":true,"href":"https:\/\/des-tuc.infd.edu.ar\/sitio\/wp-json\/wp\/v2\/tags?post=1596"}],"curies":[{"name":"wp","href":"https:\/\/api.w.org\/{rel}","templated":true}]}}