{"id":1589,"date":"2019-05-22T16:40:04","date_gmt":"2019-05-22T19:40:04","guid":{"rendered":"https:\/\/des-tuc.infd.edu.ar\/sitio\/?p=1589"},"modified":"2019-09-02T16:49:48","modified_gmt":"2019-09-02T19:49:48","slug":"1ra-jornada-provincial-de-abordaje-de-practicas-y-residencias-docentes","status":"publish","type":"post","link":"https:\/\/des-tuc.infd.edu.ar\/sitio\/1ra-jornada-provincial-de-abordaje-de-practicas-y-residencias-docentes\/","title":{"rendered":"1ra Jornada Provincial de Abordaje de Pr\u00e1cticas y Residencias Docentes"},"content":{"rendered":"<div>Se concret\u00f3 en la Universidad Tecnol\u00f3gica de Tucum\u00e1n la <strong>1\u00ba Jornada Provincial de Abordaje de Pr\u00e1cticas y Residencias Docentes<\/strong>, organizada por la\u00a0Direcci\u00f3n de Educaci\u00f3n Superior y Art\u00edstica.<\/div>\n<div><\/div>\n<div><\/div>\n<div>La propuesta estuvo destinada a profesores de Pr\u00e1cticas y Residencias Docentes de 1er a 4to a\u00f1o de los distintos profesorados de instituciones publicas de gesti\u00f3n estatal y privada de la provincia.<\/div>\n<div><\/div>\n<div><\/div>\n<div>La Jornada cont\u00f3 con tres objetivos principales, primero: Analizar y reflexionar sobre el sentido del eje de la Pr\u00e1ctica en la formaci\u00f3n docente. Adem\u00e1s generar espacios de discusi\u00f3n sobre la posibilidad formativa de otros espacios para el desarrollo de la pr\u00e1ctica y residencia. Por \u00faltimo, posibilitar un espacio de discusi\u00f3n y an\u00e1lisis de la Resoluci\u00f3n Ministerial N\u00b0 1612 Reglamento de Practicas.<\/div>\n","protected":false},"excerpt":{"rendered":"<p>Se concret\u00f3 en la Universidad Tecnol\u00f3gica de Tucum\u00e1n la 1\u00ba Jornada Provincial de Abordaje de Pr\u00e1cticas y Residencias Docentes, organizada por la\u00a0Direcci\u00f3n de Educaci\u00f3n Superior y Art\u00edstica. La propuesta estuvo destinada a profesores de Pr\u00e1cticas y Residencias Docentes de 1er a 4to a\u00f1o de los distintos profesorados de instituciones publicas de gesti\u00f3n estatal y privada &#8230; <a title=\"1ra Jornada Provincial de Abordaje de Pr\u00e1cticas y Residencias Docentes\" class=\"read-more\" href=\"https:\/\/des-tuc.infd.edu.ar\/sitio\/1ra-jornada-provincial-de-abordaje-de-practicas-y-residencias-docentes\/\" aria-label=\"More on 1ra Jornada Provincial de Abordaje de Pr\u00e1cticas y Residencias Docentes\">[+]<\/a><\/p>\n","protected":false},"author":408,"featured_media":1570,"comment_status":"open","ping_status":"open","sticky":false,"template":"","format":"standard","meta":[],"categories":[1],"tags":[],"acf":[],"_links":{"self":[{"href":"https:\/\/des-tuc.infd.edu.ar\/sitio\/wp-json\/wp\/v2\/posts\/1589"}],"collection":[{"href":"https:\/\/des-tuc.infd.edu.ar\/sitio\/wp-json\/wp\/v2\/posts"}],"about":[{"href":"https:\/\/des-tuc.infd.edu.ar\/sitio\/wp-json\/wp\/v2\/types\/post"}],"author":[{"embeddable":true,"href":"https:\/\/des-tuc.infd.edu.ar\/sitio\/wp-json\/wp\/v2\/users\/408"}],"replies":[{"embeddable":true,"href":"https:\/\/des-tuc.infd.edu.ar\/sitio\/wp-json\/wp\/v2\/comments?post=1589"}],"version-history":[{"count":4,"href":"https:\/\/des-tuc.infd.edu.ar\/sitio\/wp-json\/wp\/v2\/posts\/1589\/revisions"}],"predecessor-version":[{"id":1593,"href":"https:\/\/des-tuc.infd.edu.ar\/sitio\/wp-json\/wp\/v2\/posts\/1589\/revisions\/1593"}],"wp:featuredmedia":[{"embeddable":true,"href":"https:\/\/des-tuc.infd.edu.ar\/sitio\/wp-json\/wp\/v2\/media\/1570"}],"wp:attachment":[{"href":"https:\/\/des-tuc.infd.edu.ar\/sitio\/wp-json\/wp\/v2\/media?parent=1589"}],"wp:term":[{"taxonomy":"category","embeddable":true,"href":"https:\/\/des-tuc.infd.edu.ar\/sitio\/wp-json\/wp\/v2\/categories?post=1589"},{"taxonomy":"post_tag","embeddable":true,"href":"https:\/\/des-tuc.infd.edu.ar\/sitio\/wp-json\/wp\/v2\/tags?post=1589"}],"curies":[{"name":"wp","href":"https:\/\/api.w.org\/{rel}","templated":true}]}}