{"id":1586,"date":"2019-07-30T15:58:05","date_gmt":"2019-07-30T18:58:05","guid":{"rendered":"https:\/\/des-tuc.infd.edu.ar\/sitio\/?p=1586"},"modified":"2019-09-02T17:01:35","modified_gmt":"2019-09-02T20:01:35","slug":"pueblos-originarios-y-literatura-del-noa-experiencias-docentes","status":"publish","type":"post","link":"https:\/\/des-tuc.infd.edu.ar\/sitio\/pueblos-originarios-y-literatura-del-noa-experiencias-docentes\/","title":{"rendered":"Pueblos originarios y Literatura del NOA: Experiencias docentes"},"content":{"rendered":"<p>Se concret\u00f3 en el CIIDEPT la <strong>Mesa de Trabajo y Socializaci\u00f3n de Experiencias<\/strong> con docentes de Lenguas y Culturas de los Pueblos Originarios, como tambi\u00e9n de Literatura del NOA.<\/p>\n<p>Del encuentro participaron docentes del <strong>Profesorado en Educaci\u00f3n Secundaria en Lengua y Literatura<\/strong> de instituciones p\u00fablicas y privadas a cargo de ambos espacios referidos. Adem\u00e1s formaron parte\u00a0representantes de la Modalidad Intercultural Biling\u00fce y referentes de las Comunidades Originarias.<\/p>\n<p>En un intenso trabajo de coordinaci\u00f3n entre todas las partes involucradas se trabaj\u00f3 en el desarrollo del \u00abPrimer Encuentro de Educaci\u00f3n Intercultural: El desaf\u00edo de pensar la escuela con los pueblos originarios\u00bb que se realizar\u00eda luego en Villa Quinteros.<\/p>\n<p>&nbsp;<\/p>\n<p>&nbsp;<\/p>\n","protected":false},"excerpt":{"rendered":"<p>Se concret\u00f3 en el CIIDEPT la Mesa de Trabajo y Socializaci\u00f3n de Experiencias con docentes de Lenguas y Culturas de los Pueblos Originarios, como tambi\u00e9n de Literatura del NOA. Del encuentro participaron docentes del Profesorado en Educaci\u00f3n Secundaria en Lengua y Literatura de instituciones p\u00fablicas y privadas a cargo de ambos espacios referidos. Adem\u00e1s formaron &#8230; <a title=\"Pueblos originarios y Literatura del NOA: Experiencias docentes\" class=\"read-more\" href=\"https:\/\/des-tuc.infd.edu.ar\/sitio\/pueblos-originarios-y-literatura-del-noa-experiencias-docentes\/\" aria-label=\"More on Pueblos originarios y Literatura del NOA: Experiencias docentes\">[+]<\/a><\/p>\n","protected":false},"author":408,"featured_media":1576,"comment_status":"open","ping_status":"open","sticky":false,"template":"","format":"standard","meta":[],"categories":[1],"tags":[],"acf":[],"_links":{"self":[{"href":"https:\/\/des-tuc.infd.edu.ar\/sitio\/wp-json\/wp\/v2\/posts\/1586"}],"collection":[{"href":"https:\/\/des-tuc.infd.edu.ar\/sitio\/wp-json\/wp\/v2\/posts"}],"about":[{"href":"https:\/\/des-tuc.infd.edu.ar\/sitio\/wp-json\/wp\/v2\/types\/post"}],"author":[{"embeddable":true,"href":"https:\/\/des-tuc.infd.edu.ar\/sitio\/wp-json\/wp\/v2\/users\/408"}],"replies":[{"embeddable":true,"href":"https:\/\/des-tuc.infd.edu.ar\/sitio\/wp-json\/wp\/v2\/comments?post=1586"}],"version-history":[{"count":3,"href":"https:\/\/des-tuc.infd.edu.ar\/sitio\/wp-json\/wp\/v2\/posts\/1586\/revisions"}],"predecessor-version":[{"id":1595,"href":"https:\/\/des-tuc.infd.edu.ar\/sitio\/wp-json\/wp\/v2\/posts\/1586\/revisions\/1595"}],"wp:featuredmedia":[{"embeddable":true,"href":"https:\/\/des-tuc.infd.edu.ar\/sitio\/wp-json\/wp\/v2\/media\/1576"}],"wp:attachment":[{"href":"https:\/\/des-tuc.infd.edu.ar\/sitio\/wp-json\/wp\/v2\/media?parent=1586"}],"wp:term":[{"taxonomy":"category","embeddable":true,"href":"https:\/\/des-tuc.infd.edu.ar\/sitio\/wp-json\/wp\/v2\/categories?post=1586"},{"taxonomy":"post_tag","embeddable":true,"href":"https:\/\/des-tuc.infd.edu.ar\/sitio\/wp-json\/wp\/v2\/tags?post=1586"}],"curies":[{"name":"wp","href":"https:\/\/api.w.org\/{rel}","templated":true}]}}