{"id":1549,"date":"2019-07-19T10:22:35","date_gmt":"2019-07-19T13:22:35","guid":{"rendered":"https:\/\/des-tuc.infd.edu.ar\/sitio\/?p=1549"},"modified":"2019-07-19T11:24:47","modified_gmt":"2019-07-19T14:24:47","slug":"desfile-del-9-de-julio","status":"publish","type":"post","link":"https:\/\/des-tuc.infd.edu.ar\/sitio\/desfile-del-9-de-julio\/","title":{"rendered":"DESFILE DEL 9 DE JULIO"},"content":{"rendered":"<p>La Direcci\u00f3n de Educaci\u00f3n\u00a0 Superior y Art\u00edstica particip\u00f3 junto a representantes de Instituciones Educativas del nivel, del desfile que, con motivo de la conmemoraci\u00f3n de un nuevo aniversario de la Declaraci\u00f3n de la Independencia de nuestro pa\u00eds,\u00a0 se realiz\u00f3 en el Parque 9 de julio con la presencia de autoridades de nuestra provincia.<\/p>\n<p>Las Instituciones estuvieron representadas por las autoridades de las mismas, acompa\u00f1adas por\u00a0 docentes, estudiantes y sus respectivos abanderados y escoltas.<\/p>\n<p>&nbsp;<\/p>\n<p><img decoding=\"async\" loading=\"lazy\" class=\"alignnone size-medium wp-image-1550\" src=\"https:\/\/des-tuc.infd.edu.ar\/sitio\/wp-content\/uploads\/2019\/07\/9-de-julio-1-1000x750.jpg\" alt=\"\" width=\"1000\" height=\"750\" srcset=\"https:\/\/des-tuc.infd.edu.ar\/sitio\/wp-content\/uploads\/2019\/07\/9-de-julio-1-1000x750.jpg 1000w, https:\/\/des-tuc.infd.edu.ar\/sitio\/wp-content\/uploads\/2019\/07\/9-de-julio-1-768x576.jpg 768w, https:\/\/des-tuc.infd.edu.ar\/sitio\/wp-content\/uploads\/2019\/07\/9-de-julio-1.jpg 1280w\" sizes=\"(max-width: 1000px) 100vw, 1000px\" \/> <img decoding=\"async\" loading=\"lazy\" class=\"alignnone size-medium wp-image-1551\" src=\"https:\/\/des-tuc.infd.edu.ar\/sitio\/wp-content\/uploads\/2019\/07\/9-de-julio-2-1000x750.jpg\" alt=\"\" width=\"1000\" height=\"750\" srcset=\"https:\/\/des-tuc.infd.edu.ar\/sitio\/wp-content\/uploads\/2019\/07\/9-de-julio-2-1000x750.jpg 1000w, https:\/\/des-tuc.infd.edu.ar\/sitio\/wp-content\/uploads\/2019\/07\/9-de-julio-2-768x576.jpg 768w, https:\/\/des-tuc.infd.edu.ar\/sitio\/wp-content\/uploads\/2019\/07\/9-de-julio-2.jpg 1032w\" sizes=\"(max-width: 1000px) 100vw, 1000px\" \/> <img decoding=\"async\" loading=\"lazy\" class=\"alignnone size-medium wp-image-1552\" src=\"https:\/\/des-tuc.infd.edu.ar\/sitio\/wp-content\/uploads\/2019\/07\/9-de-julio-3-1000x500.jpg\" alt=\"\" width=\"1000\" height=\"500\" srcset=\"https:\/\/des-tuc.infd.edu.ar\/sitio\/wp-content\/uploads\/2019\/07\/9-de-julio-3-1000x500.jpg 1000w, https:\/\/des-tuc.infd.edu.ar\/sitio\/wp-content\/uploads\/2019\/07\/9-de-julio-3-768x384.jpg 768w, https:\/\/des-tuc.infd.edu.ar\/sitio\/wp-content\/uploads\/2019\/07\/9-de-julio-3.jpg 1040w\" sizes=\"(max-width: 1000px) 100vw, 1000px\" \/> <img decoding=\"async\" loading=\"lazy\" class=\"alignnone size-medium wp-image-1553\" src=\"https:\/\/des-tuc.infd.edu.ar\/sitio\/wp-content\/uploads\/2019\/07\/9-de-julio-lola-mora-1000x750.jpg\" alt=\"\" width=\"1000\" height=\"750\" srcset=\"https:\/\/des-tuc.infd.edu.ar\/sitio\/wp-content\/uploads\/2019\/07\/9-de-julio-lola-mora-1000x750.jpg 1000w, https:\/\/des-tuc.infd.edu.ar\/sitio\/wp-content\/uploads\/2019\/07\/9-de-julio-lola-mora-768x576.jpg 768w, https:\/\/des-tuc.infd.edu.ar\/sitio\/wp-content\/uploads\/2019\/07\/9-de-julio-lola-mora.jpg 1032w\" sizes=\"(max-width: 1000px) 100vw, 1000px\" \/> <img decoding=\"async\" loading=\"lazy\" class=\"alignnone size-medium wp-image-1554\" src=\"https:\/\/des-tuc.infd.edu.ar\/sitio\/wp-content\/uploads\/2019\/07\/9-de-julio.jpg\" alt=\"\" width=\"960\" height=\"720\" srcset=\"https:\/\/des-tuc.infd.edu.ar\/sitio\/wp-content\/uploads\/2019\/07\/9-de-julio.jpg 960w, https:\/\/des-tuc.infd.edu.ar\/sitio\/wp-content\/uploads\/2019\/07\/9-de-julio-768x576.jpg 768w\" sizes=\"(max-width: 960px) 100vw, 960px\" \/><img decoding=\"async\" loading=\"lazy\" class=\"alignnone size-medium wp-image-1555\" src=\"https:\/\/des-tuc.infd.edu.ar\/sitio\/wp-content\/uploads\/2019\/07\/9-de-julio--1000x750.jpg\" alt=\"\" width=\"1000\" height=\"750\" srcset=\"https:\/\/des-tuc.infd.edu.ar\/sitio\/wp-content\/uploads\/2019\/07\/9-de-julio--1000x750.jpg 1000w, https:\/\/des-tuc.infd.edu.ar\/sitio\/wp-content\/uploads\/2019\/07\/9-de-julio--768x576.jpg 768w, https:\/\/des-tuc.infd.edu.ar\/sitio\/wp-content\/uploads\/2019\/07\/9-de-julio-.jpg 1032w\" sizes=\"(max-width: 1000px) 100vw, 1000px\" \/><\/p>\n","protected":false},"excerpt":{"rendered":"<p>La Direcci\u00f3n de Educaci\u00f3n\u00a0 Superior y Art\u00edstica particip\u00f3 junto a representantes de Instituciones Educativas del nivel, del desfile que, con motivo de la conmemoraci\u00f3n de un nuevo aniversario de la Declaraci\u00f3n de la Independencia de nuestro pa\u00eds,\u00a0 se realiz\u00f3 en el Parque 9 de julio con la presencia de autoridades de nuestra provincia. Las Instituciones &#8230; <a title=\"DESFILE DEL 9 DE JULIO\" class=\"read-more\" href=\"https:\/\/des-tuc.infd.edu.ar\/sitio\/desfile-del-9-de-julio\/\" aria-label=\"More on DESFILE DEL 9 DE JULIO\">[+]<\/a><\/p>\n","protected":false},"author":330,"featured_media":0,"comment_status":"open","ping_status":"open","sticky":false,"template":"","format":"standard","meta":[],"categories":[7,6],"tags":[],"acf":[],"_links":{"self":[{"href":"https:\/\/des-tuc.infd.edu.ar\/sitio\/wp-json\/wp\/v2\/posts\/1549"}],"collection":[{"href":"https:\/\/des-tuc.infd.edu.ar\/sitio\/wp-json\/wp\/v2\/posts"}],"about":[{"href":"https:\/\/des-tuc.infd.edu.ar\/sitio\/wp-json\/wp\/v2\/types\/post"}],"author":[{"embeddable":true,"href":"https:\/\/des-tuc.infd.edu.ar\/sitio\/wp-json\/wp\/v2\/users\/330"}],"replies":[{"embeddable":true,"href":"https:\/\/des-tuc.infd.edu.ar\/sitio\/wp-json\/wp\/v2\/comments?post=1549"}],"version-history":[{"count":3,"href":"https:\/\/des-tuc.infd.edu.ar\/sitio\/wp-json\/wp\/v2\/posts\/1549\/revisions"}],"predecessor-version":[{"id":1559,"href":"https:\/\/des-tuc.infd.edu.ar\/sitio\/wp-json\/wp\/v2\/posts\/1549\/revisions\/1559"}],"wp:attachment":[{"href":"https:\/\/des-tuc.infd.edu.ar\/sitio\/wp-json\/wp\/v2\/media?parent=1549"}],"wp:term":[{"taxonomy":"category","embeddable":true,"href":"https:\/\/des-tuc.infd.edu.ar\/sitio\/wp-json\/wp\/v2\/categories?post=1549"},{"taxonomy":"post_tag","embeddable":true,"href":"https:\/\/des-tuc.infd.edu.ar\/sitio\/wp-json\/wp\/v2\/tags?post=1549"}],"curies":[{"name":"wp","href":"https:\/\/api.w.org\/{rel}","templated":true}]}}