{"id":1535,"date":"2019-07-18T12:29:43","date_gmt":"2019-07-18T15:29:43","guid":{"rendered":"https:\/\/des-tuc.infd.edu.ar\/sitio\/?p=1535"},"modified":"2019-07-19T11:25:02","modified_gmt":"2019-07-19T14:25:02","slug":"lanzamiento-observatorio-de-convivencia-educacion-superior","status":"publish","type":"post","link":"https:\/\/des-tuc.infd.edu.ar\/sitio\/lanzamiento-observatorio-de-convivencia-educacion-superior\/","title":{"rendered":"Lanzamiento Observatorio de Convivencia Educaci\u00f3n Superior"},"content":{"rendered":"<p>La Direcci\u00f3n de Educaci\u00f3n Superior y Art\u00edstica en articulaci\u00f3n con la Direcci\u00f3n de Asistencia T\u00e9cnica Pedag\u00f3gica realiz\u00f3 el Lanzamiento del Observatorio de Convivencia de Educaci\u00f3n Superior. Participaron del evento Directivos, Docentes, Coordinadores Institucionales de Pol\u00edticas Estudiantiles -CIPE, alumnos representantes del Centro de Estudiantes de Institutos de Educaci\u00f3n Superior, de carreras de Formaci\u00f3n Docente y Formaci\u00f3n T\u00e9cnico Profesional.<\/p>\n<p>Se desarrollaron dos intensas jornadas de trabajo distribuidas por circuitos:<\/p>\n<ul>\n<li>Circuitos I, II y II el d\u00eda 6 de junio del corriente a\u00f1o en instalaciones del CIIDEPT<\/li>\n<li>Circuitos IV y V el d\u00eda 14 de Junio del corriente a\u00f1o en Escuela de Comercio Gral. San Mart\u00edn de Monteros.<\/li>\n<\/ul>\n<p>El objetivo es que cada instituci\u00f3n conforme al interior de la misma un \u00d3rgano colegiado de car\u00e1cter consultivo a fin de\u00a0\u00a0<span style=\"font-weight: 400;\">contribuir a la mejora del desarrollo de la actividad\u00a0 en cada instituci\u00f3n, mediante la evaluaci\u00f3n y el diagn\u00f3stico de la convivencia institucional, el an\u00e1lisis de los conflictos,\u00a0la propuesta de medidas para la prevenci\u00f3n de la violencia y toda otra situaci\u00f3n que ponga en peligro la integridad de las personas que interact\u00faan en la comunidad educativa.\u00a0<\/span><\/p>\n<p>&nbsp;<\/p>\n<p><img decoding=\"async\" loading=\"lazy\" class=\"alignnone size-medium wp-image-1536\" src=\"https:\/\/des-tuc.infd.edu.ar\/sitio\/wp-content\/uploads\/2019\/07\/Observatorio-2-1000x563.jpg\" alt=\"\" width=\"1000\" height=\"563\" srcset=\"https:\/\/des-tuc.infd.edu.ar\/sitio\/wp-content\/uploads\/2019\/07\/Observatorio-2-1000x563.jpg 1000w, https:\/\/des-tuc.infd.edu.ar\/sitio\/wp-content\/uploads\/2019\/07\/Observatorio-2-768x432.jpg 768w, https:\/\/des-tuc.infd.edu.ar\/sitio\/wp-content\/uploads\/2019\/07\/Observatorio-2-1900x1069.jpg 1900w\" sizes=\"(max-width: 1000px) 100vw, 1000px\" \/><img decoding=\"async\" loading=\"lazy\" class=\"alignnone size-medium wp-image-1540\" src=\"https:\/\/des-tuc.infd.edu.ar\/sitio\/wp-content\/uploads\/2019\/07\/observatorio-monteros-1000x417.jpg\" alt=\"\" width=\"1000\" height=\"417\" srcset=\"https:\/\/des-tuc.infd.edu.ar\/sitio\/wp-content\/uploads\/2019\/07\/observatorio-monteros-1000x417.jpg 1000w, https:\/\/des-tuc.infd.edu.ar\/sitio\/wp-content\/uploads\/2019\/07\/observatorio-monteros-768x320.jpg 768w, https:\/\/des-tuc.infd.edu.ar\/sitio\/wp-content\/uploads\/2019\/07\/observatorio-monteros.jpg 1280w\" sizes=\"(max-width: 1000px) 100vw, 1000px\" \/><img decoding=\"async\" loading=\"lazy\" class=\"alignnone size-medium wp-image-1537\" src=\"https:\/\/des-tuc.infd.edu.ar\/sitio\/wp-content\/uploads\/2019\/07\/Observatorio-3-1000x563.jpg\" alt=\"\" width=\"1000\" height=\"563\" srcset=\"https:\/\/des-tuc.infd.edu.ar\/sitio\/wp-content\/uploads\/2019\/07\/Observatorio-3-1000x563.jpg 1000w, https:\/\/des-tuc.infd.edu.ar\/sitio\/wp-content\/uploads\/2019\/07\/Observatorio-3-768x432.jpg 768w, https:\/\/des-tuc.infd.edu.ar\/sitio\/wp-content\/uploads\/2019\/07\/Observatorio-3.jpg 1032w\" sizes=\"(max-width: 1000px) 100vw, 1000px\" \/>\u00a0\u00a0<img decoding=\"async\" loading=\"lazy\" class=\"alignnone size-medium wp-image-1539\" src=\"https:\/\/des-tuc.infd.edu.ar\/sitio\/wp-content\/uploads\/2019\/07\/observatorio-monteros-2-1000x563.jpg\" alt=\"\" width=\"1000\" height=\"563\" srcset=\"https:\/\/des-tuc.infd.edu.ar\/sitio\/wp-content\/uploads\/2019\/07\/observatorio-monteros-2-1000x563.jpg 1000w, https:\/\/des-tuc.infd.edu.ar\/sitio\/wp-content\/uploads\/2019\/07\/observatorio-monteros-2-768x432.jpg 768w, https:\/\/des-tuc.infd.edu.ar\/sitio\/wp-content\/uploads\/2019\/07\/observatorio-monteros-2.jpg 1032w\" sizes=\"(max-width: 1000px) 100vw, 1000px\" \/><\/p>\n","protected":false},"excerpt":{"rendered":"<p>La Direcci\u00f3n de Educaci\u00f3n Superior y Art\u00edstica en articulaci\u00f3n con la Direcci\u00f3n de Asistencia T\u00e9cnica Pedag\u00f3gica realiz\u00f3 el Lanzamiento del Observatorio de Convivencia de Educaci\u00f3n Superior. Participaron del evento Directivos, Docentes, Coordinadores Institucionales de Pol\u00edticas Estudiantiles -CIPE, alumnos representantes del Centro de Estudiantes de Institutos de Educaci\u00f3n Superior, de carreras de Formaci\u00f3n Docente y Formaci\u00f3n &#8230; <a title=\"Lanzamiento Observatorio de Convivencia Educaci\u00f3n Superior\" class=\"read-more\" href=\"https:\/\/des-tuc.infd.edu.ar\/sitio\/lanzamiento-observatorio-de-convivencia-educacion-superior\/\" aria-label=\"More on Lanzamiento Observatorio de Convivencia Educaci\u00f3n Superior\">[+]<\/a><\/p>\n","protected":false},"author":330,"featured_media":0,"comment_status":"open","ping_status":"open","sticky":false,"template":"","format":"standard","meta":[],"categories":[7,6],"tags":[],"acf":[],"_links":{"self":[{"href":"https:\/\/des-tuc.infd.edu.ar\/sitio\/wp-json\/wp\/v2\/posts\/1535"}],"collection":[{"href":"https:\/\/des-tuc.infd.edu.ar\/sitio\/wp-json\/wp\/v2\/posts"}],"about":[{"href":"https:\/\/des-tuc.infd.edu.ar\/sitio\/wp-json\/wp\/v2\/types\/post"}],"author":[{"embeddable":true,"href":"https:\/\/des-tuc.infd.edu.ar\/sitio\/wp-json\/wp\/v2\/users\/330"}],"replies":[{"embeddable":true,"href":"https:\/\/des-tuc.infd.edu.ar\/sitio\/wp-json\/wp\/v2\/comments?post=1535"}],"version-history":[{"count":3,"href":"https:\/\/des-tuc.infd.edu.ar\/sitio\/wp-json\/wp\/v2\/posts\/1535\/revisions"}],"predecessor-version":[{"id":1548,"href":"https:\/\/des-tuc.infd.edu.ar\/sitio\/wp-json\/wp\/v2\/posts\/1535\/revisions\/1548"}],"wp:attachment":[{"href":"https:\/\/des-tuc.infd.edu.ar\/sitio\/wp-json\/wp\/v2\/media?parent=1535"}],"wp:term":[{"taxonomy":"category","embeddable":true,"href":"https:\/\/des-tuc.infd.edu.ar\/sitio\/wp-json\/wp\/v2\/categories?post=1535"},{"taxonomy":"post_tag","embeddable":true,"href":"https:\/\/des-tuc.infd.edu.ar\/sitio\/wp-json\/wp\/v2\/tags?post=1535"}],"curies":[{"name":"wp","href":"https:\/\/api.w.org\/{rel}","templated":true}]}}