{"id":1525,"date":"2019-07-18T10:35:13","date_gmt":"2019-07-18T13:35:13","guid":{"rendered":"https:\/\/des-tuc.infd.edu.ar\/sitio\/?p=1525"},"modified":"2020-08-26T11:24:23","modified_gmt":"2020-08-26T14:24:23","slug":"mesa-de-trabajo-con-docentes-asesores-de-feria-de-ciencias","status":"publish","type":"post","link":"https:\/\/des-tuc.infd.edu.ar\/sitio\/mesa-de-trabajo-con-docentes-asesores-de-feria-de-ciencias\/","title":{"rendered":"Mesa de trabajo con Docentes asesores de Feria de Ciencias"},"content":{"rendered":"<p>La Direcci\u00f3n de Educaci\u00f3n Superior y Art\u00edstica en articulaci\u00f3n con la CoACyT y la Direcci\u00f3n de Asistencia T\u00e9cnica Pedag\u00f3gica realizaron mesas de trabajo con los Docentes Asesores de Ferias de Ciencias de Nivel Superior.<\/p>\n<p>Las mismas se realizaron en tres jornadas en las que participaron docentes de Instituciones de Educaci\u00f3n Superior, tanto de Gesti\u00f3n Estatal como de Gesti\u00f3n Privada.<\/p>\n<p>Dichas jornadas se realizaron para los Circuitos I, II y III el d\u00eda 12 de Junio del corriente a\u00f1o en las instalaciones del\u00a0 CIIDEPT, para el Circuito V el d\u00eda 13 de junio en el local del IES Aguilares y\u00a0 para el Circuito IV\u00a0 d\u00eda el 14 de Junio del corriente\u00a0 en las instalaciones del IES Monteros. Durante las mismas se analizaron las caracter\u00edsticas de los Proyectos de Investigaci\u00f3n en el marco de las Ferias de Ciencias de Educaci\u00f3n Superior.<\/p>\n<p><img decoding=\"async\" loading=\"lazy\" class=\"alignnone size-medium wp-image-1531\" src=\"https:\/\/des-tuc.infd.edu.ar\/sitio\/wp-content\/uploads\/2019\/07\/Feria-de-ciencias-CIDEPT-1-1000x563.jpg\" alt=\"\" width=\"1000\" height=\"563\" srcset=\"https:\/\/des-tuc.infd.edu.ar\/sitio\/wp-content\/uploads\/2019\/07\/Feria-de-ciencias-CIDEPT-1-1000x563.jpg 1000w, https:\/\/des-tuc.infd.edu.ar\/sitio\/wp-content\/uploads\/2019\/07\/Feria-de-ciencias-CIDEPT-1-768x432.jpg 768w, https:\/\/des-tuc.infd.edu.ar\/sitio\/wp-content\/uploads\/2019\/07\/Feria-de-ciencias-CIDEPT-1-1900x1069.jpg 1900w\" sizes=\"(max-width: 1000px) 100vw, 1000px\" \/><img decoding=\"async\" loading=\"lazy\" class=\"alignnone size-medium wp-image-1527\" src=\"https:\/\/des-tuc.infd.edu.ar\/sitio\/wp-content\/uploads\/2019\/07\/feria-de-ciencias-1000x563.jpg\" alt=\"\" width=\"1000\" height=\"563\" srcset=\"https:\/\/des-tuc.infd.edu.ar\/sitio\/wp-content\/uploads\/2019\/07\/feria-de-ciencias-1000x563.jpg 1000w, https:\/\/des-tuc.infd.edu.ar\/sitio\/wp-content\/uploads\/2019\/07\/feria-de-ciencias-768x432.jpg 768w, https:\/\/des-tuc.infd.edu.ar\/sitio\/wp-content\/uploads\/2019\/07\/feria-de-ciencias-1900x1069.jpg 1900w\" sizes=\"(max-width: 1000px) 100vw, 1000px\" \/><\/p>\n","protected":false},"excerpt":{"rendered":"<p>La Direcci\u00f3n de Educaci\u00f3n Superior y Art\u00edstica en articulaci\u00f3n con la CoACyT y la Direcci\u00f3n de Asistencia T\u00e9cnica Pedag\u00f3gica realizaron mesas de trabajo con los Docentes Asesores de Ferias de Ciencias de Nivel Superior. Las mismas se realizaron en tres jornadas en las que participaron docentes de Instituciones de Educaci\u00f3n Superior, tanto de Gesti\u00f3n Estatal &#8230; <a title=\"Mesa de trabajo con Docentes asesores de Feria de Ciencias\" class=\"read-more\" href=\"https:\/\/des-tuc.infd.edu.ar\/sitio\/mesa-de-trabajo-con-docentes-asesores-de-feria-de-ciencias\/\" aria-label=\"More on Mesa de trabajo con Docentes asesores de Feria de Ciencias\">[+]<\/a><\/p>\n","protected":false},"author":330,"featured_media":0,"comment_status":"open","ping_status":"open","sticky":false,"template":"","format":"standard","meta":[],"categories":[7,6],"tags":[],"acf":[],"_links":{"self":[{"href":"https:\/\/des-tuc.infd.edu.ar\/sitio\/wp-json\/wp\/v2\/posts\/1525"}],"collection":[{"href":"https:\/\/des-tuc.infd.edu.ar\/sitio\/wp-json\/wp\/v2\/posts"}],"about":[{"href":"https:\/\/des-tuc.infd.edu.ar\/sitio\/wp-json\/wp\/v2\/types\/post"}],"author":[{"embeddable":true,"href":"https:\/\/des-tuc.infd.edu.ar\/sitio\/wp-json\/wp\/v2\/users\/330"}],"replies":[{"embeddable":true,"href":"https:\/\/des-tuc.infd.edu.ar\/sitio\/wp-json\/wp\/v2\/comments?post=1525"}],"version-history":[{"count":7,"href":"https:\/\/des-tuc.infd.edu.ar\/sitio\/wp-json\/wp\/v2\/posts\/1525\/revisions"}],"predecessor-version":[{"id":2409,"href":"https:\/\/des-tuc.infd.edu.ar\/sitio\/wp-json\/wp\/v2\/posts\/1525\/revisions\/2409"}],"wp:attachment":[{"href":"https:\/\/des-tuc.infd.edu.ar\/sitio\/wp-json\/wp\/v2\/media?parent=1525"}],"wp:term":[{"taxonomy":"category","embeddable":true,"href":"https:\/\/des-tuc.infd.edu.ar\/sitio\/wp-json\/wp\/v2\/categories?post=1525"},{"taxonomy":"post_tag","embeddable":true,"href":"https:\/\/des-tuc.infd.edu.ar\/sitio\/wp-json\/wp\/v2\/tags?post=1525"}],"curies":[{"name":"wp","href":"https:\/\/api.w.org\/{rel}","templated":true}]}}