{"id":1505,"date":"2019-05-15T18:21:25","date_gmt":"2019-05-15T21:21:25","guid":{"rendered":"https:\/\/des-tuc.infd.edu.ar\/sitio\/?p=1505"},"modified":"2019-05-16T10:55:48","modified_gmt":"2019-05-16T13:55:48","slug":"referentes-tic-de-nivel-superior-se-capacitan-en-aulas-virtuales-y-plataforma-infd","status":"publish","type":"post","link":"https:\/\/des-tuc.infd.edu.ar\/sitio\/referentes-tic-de-nivel-superior-se-capacitan-en-aulas-virtuales-y-plataforma-infd\/","title":{"rendered":"Referentes TIC de Nivel Superior se capacitan en aulas virtuales y plataforma INFD"},"content":{"rendered":"<p><img decoding=\"async\" loading=\"lazy\" class=\"alignnone size-medium wp-image-1510\" src=\"https:\/\/des-tuc.infd.edu.ar\/sitio\/wp-content\/uploads\/2019\/05\/IMG-20190515-WA0017-1000x750.jpg\" alt=\"\" width=\"1000\" height=\"750\" srcset=\"https:\/\/des-tuc.infd.edu.ar\/sitio\/wp-content\/uploads\/2019\/05\/IMG-20190515-WA0017-1000x750.jpg 1000w, https:\/\/des-tuc.infd.edu.ar\/sitio\/wp-content\/uploads\/2019\/05\/IMG-20190515-WA0017-768x576.jpg 768w, https:\/\/des-tuc.infd.edu.ar\/sitio\/wp-content\/uploads\/2019\/05\/IMG-20190515-WA0017.jpg 1280w\" sizes=\"(max-width: 1000px) 100vw, 1000px\" \/><\/p>\n<p>Referentes de Tecnolog\u00edas de la Informaci\u00f3n y la Comunicaci\u00f3n (TIC) de los Institutos de Ense\u00f1anza Superior de Formaci\u00f3n Docente se capacitaron en manejo y administraci\u00f3n del aula virtual con herramientas pedag\u00f3gicas.<\/p>\n<p>La jornada que inici\u00f3 a las 14.30 fue coordinada por el equipo t\u00e9cnico pedagogico de la Direcci\u00f3n de Educaci\u00f3n Superior y Art\u00edstica conformado por el profesor Gabriel Burgo, la profesora Mar\u00eda Alejandra Orse y\u00a0 la licenciada Violeta Ponce Albreht on la sede del Instituto JIM.<\/p>\n<p>Los docentes participantes destacaron la importancia del uso de las TICs en la actualidad y se plante\u00f3 la necesidad de reflotar el aula virtual. Adem\u00e1s, en virtud de contemplar los nuevos desaf\u00edos en la Educaci\u00f3n Superior de cara al 2019, se propone la resignificaci\u00f3n de los aprendizajes de los alumnos del nivel.<\/p>\n<p>El objetivo principal de la jornada fue brindar\u00a0 lineamientos y socializar experiencias entre docentes de diferentes \u00e1reas para optimizar las herramientas de la plataforma virtual.<\/p>\n<p><img decoding=\"async\" loading=\"lazy\" class=\"alignnone size-medium wp-image-1511 alignleft\" src=\"https:\/\/des-tuc.infd.edu.ar\/sitio\/wp-content\/uploads\/2019\/05\/IMG-20190515-WA0018-1000x750.jpg\" alt=\"\" width=\"1000\" height=\"750\" srcset=\"https:\/\/des-tuc.infd.edu.ar\/sitio\/wp-content\/uploads\/2019\/05\/IMG-20190515-WA0018-1000x750.jpg 1000w, https:\/\/des-tuc.infd.edu.ar\/sitio\/wp-content\/uploads\/2019\/05\/IMG-20190515-WA0018-768x576.jpg 768w, https:\/\/des-tuc.infd.edu.ar\/sitio\/wp-content\/uploads\/2019\/05\/IMG-20190515-WA0018.jpg 1280w\" sizes=\"(max-width: 1000px) 100vw, 1000px\" \/><\/p>\n","protected":false},"excerpt":{"rendered":"<p>Referentes de Tecnolog\u00edas de la Informaci\u00f3n y la Comunicaci\u00f3n (TIC) de los Institutos de Ense\u00f1anza Superior de Formaci\u00f3n Docente se capacitaron en manejo y administraci\u00f3n del aula virtual con herramientas pedag\u00f3gicas. La jornada que inici\u00f3 a las 14.30 fue coordinada por el equipo t\u00e9cnico pedagogico de la Direcci\u00f3n de Educaci\u00f3n Superior y Art\u00edstica conformado por &#8230; <a title=\"Referentes TIC de Nivel Superior se capacitan en aulas virtuales y plataforma INFD\" class=\"read-more\" href=\"https:\/\/des-tuc.infd.edu.ar\/sitio\/referentes-tic-de-nivel-superior-se-capacitan-en-aulas-virtuales-y-plataforma-infd\/\" aria-label=\"More on Referentes TIC de Nivel Superior se capacitan en aulas virtuales y plataforma INFD\">[+]<\/a><\/p>\n","protected":false},"author":295,"featured_media":1510,"comment_status":"open","ping_status":"open","sticky":false,"template":"","format":"standard","meta":[],"categories":[8,7,1,6],"tags":[],"acf":[],"_links":{"self":[{"href":"https:\/\/des-tuc.infd.edu.ar\/sitio\/wp-json\/wp\/v2\/posts\/1505"}],"collection":[{"href":"https:\/\/des-tuc.infd.edu.ar\/sitio\/wp-json\/wp\/v2\/posts"}],"about":[{"href":"https:\/\/des-tuc.infd.edu.ar\/sitio\/wp-json\/wp\/v2\/types\/post"}],"author":[{"embeddable":true,"href":"https:\/\/des-tuc.infd.edu.ar\/sitio\/wp-json\/wp\/v2\/users\/295"}],"replies":[{"embeddable":true,"href":"https:\/\/des-tuc.infd.edu.ar\/sitio\/wp-json\/wp\/v2\/comments?post=1505"}],"version-history":[{"count":3,"href":"https:\/\/des-tuc.infd.edu.ar\/sitio\/wp-json\/wp\/v2\/posts\/1505\/revisions"}],"predecessor-version":[{"id":1513,"href":"https:\/\/des-tuc.infd.edu.ar\/sitio\/wp-json\/wp\/v2\/posts\/1505\/revisions\/1513"}],"wp:featuredmedia":[{"embeddable":true,"href":"https:\/\/des-tuc.infd.edu.ar\/sitio\/wp-json\/wp\/v2\/media\/1510"}],"wp:attachment":[{"href":"https:\/\/des-tuc.infd.edu.ar\/sitio\/wp-json\/wp\/v2\/media?parent=1505"}],"wp:term":[{"taxonomy":"category","embeddable":true,"href":"https:\/\/des-tuc.infd.edu.ar\/sitio\/wp-json\/wp\/v2\/categories?post=1505"},{"taxonomy":"post_tag","embeddable":true,"href":"https:\/\/des-tuc.infd.edu.ar\/sitio\/wp-json\/wp\/v2\/tags?post=1505"}],"curies":[{"name":"wp","href":"https:\/\/api.w.org\/{rel}","templated":true}]}}