{"id":1492,"date":"2019-05-15T16:24:48","date_gmt":"2019-05-15T19:24:48","guid":{"rendered":"https:\/\/des-tuc.infd.edu.ar\/sitio\/?p=1492"},"modified":"2019-05-16T10:54:41","modified_gmt":"2019-05-16T13:54:41","slug":"primeras-jornadas-de-radios-socioeducativas","status":"publish","type":"post","link":"https:\/\/des-tuc.infd.edu.ar\/sitio\/primeras-jornadas-de-radios-socioeducativas\/","title":{"rendered":"Primeras Jornadas de Radios Socioeducativas"},"content":{"rendered":"<p>&nbsp;<\/p>\n<p><img decoding=\"async\" loading=\"lazy\" class=\"alignnone size-medium wp-image-1495\" src=\"https:\/\/des-tuc.infd.edu.ar\/sitio\/wp-content\/uploads\/2019\/05\/IMG-20190515-WA0006-1000x750.jpg\" alt=\"\" width=\"1000\" height=\"750\" srcset=\"https:\/\/des-tuc.infd.edu.ar\/sitio\/wp-content\/uploads\/2019\/05\/IMG-20190515-WA0006-1000x750.jpg 1000w, https:\/\/des-tuc.infd.edu.ar\/sitio\/wp-content\/uploads\/2019\/05\/IMG-20190515-WA0006-768x576.jpg 768w, https:\/\/des-tuc.infd.edu.ar\/sitio\/wp-content\/uploads\/2019\/05\/IMG-20190515-WA0006.jpg 1032w\" sizes=\"(max-width: 1000px) 100vw, 1000px\" \/><\/p>\n<p>&nbsp;<\/p>\n<p>En la localidad de Famaill\u00e1, en la Casa del Diab\u00e9tico, se realizaron las <strong>Primeras Jornadas de Radios Socioeducativas<\/strong> con puntaje FORMAR. A lo largo de ambos d\u00edas los docentes pudieron conocer las herramientas que les permiten pensar la comunicaci\u00f3n radiof\u00f3nica como una herramienta dentro de las aulas. La apertura estuvo a cargo de la directora de Nivel Superior, <strong>Adriana Cuello<\/strong>, del diputado nacional, <strong>Jos\u00e9 Orellana<\/strong> y el legislador <strong>Enrique Orellana<\/strong>. En tanto el viernes estuvo presente la legisladora\u00a0<strong>Sandra Mendoza<\/strong>.<\/p>\n<p>En la ma\u00f1ana del jueves, docentes y estudiantes de las cuatro radios socioeducativas de Nivel Superior presentaron las distintas experiencias en cada una de las radios. Desde <strong>FM Las Am\u00e9ricas<\/strong> de la localidad de Burruyacu se mostraron los desaf\u00edos superados y las articulaciones con los diferentes espacios para complementar una programaci\u00f3n de 24 horas.<\/p>\n<p><strong>FM Frecuencia IES<\/strong> del Instituto de Ense\u00f1anza Superior (IES) de Villa Quinteros comparti\u00f3 las experiencias de los diferentes programas que se realizan en la radio, su vinculaci\u00f3n con los contenidos de las carreras tanto de formaci\u00f3n docente como de formaci\u00f3n t\u00e9cnica profesional.<\/p>\n<p>Por su parte, <strong>FM IES La Cocha<\/strong>, expuso sobre la historia de la radio y la construcci\u00f3n colectiva que les permiti\u00f3 tener uno de los estudios m\u00e1s completos. Adem\u00e1s, socializaron c\u00f3mo la radio se configur\u00f3 como espacio de pr\u00e1ctica para las diferentes \u00e1reas curriculares de las carreras que se dictan en el IES de La Cocha.<\/p>\n<p>Finalmente fue el turno de <strong>FM Dionisio de Colalao del Valle<\/strong> que replicaron una muestra del programa Juntada of the wine. Tras explicar que en un lugar como Colalao donde el alcoholismo es una problem\u00e1tica que convive con el dictado de la carrera de Viticultura y Enolog\u00eda. \u201cEntonces decidimos ense\u00f1ar c\u00f3mo consumir vinos y maridar con las diferentes propuestas gastron\u00f3micas y para eso usamos la radio que es un excelente medio de comunicaci\u00f3n\u201d, se\u00f1al\u00f3 la profesora Elena Trejo.<\/p>\n<p>Durante la tarde del jueves y el viernes se dictaron los dos talleres en simult\u00e1neo: Los Pdcast socioeducativos y La Radio como Herramienta Did\u00e1ctica. En ambos talleres los docentes tuvieron la oportunidad de grabar y editar diferentes piezas sonoras con contenidos que se dictan en las aulas.<\/p>\n<p>&nbsp;<\/p>\n<p>&nbsp;<\/p>\n","protected":false},"excerpt":{"rendered":"<p>&nbsp; &nbsp; En la localidad de Famaill\u00e1, en la Casa del Diab\u00e9tico, se realizaron las Primeras Jornadas de Radios Socioeducativas con puntaje FORMAR. A lo largo de ambos d\u00edas los docentes pudieron conocer las herramientas que les permiten pensar la comunicaci\u00f3n radiof\u00f3nica como una herramienta dentro de las aulas. La apertura estuvo a cargo de &#8230; <a title=\"Primeras Jornadas de Radios Socioeducativas\" class=\"read-more\" href=\"https:\/\/des-tuc.infd.edu.ar\/sitio\/primeras-jornadas-de-radios-socioeducativas\/\" aria-label=\"More on Primeras Jornadas de Radios Socioeducativas\">[+]<\/a><\/p>\n","protected":false},"author":295,"featured_media":1497,"comment_status":"open","ping_status":"open","sticky":false,"template":"","format":"standard","meta":[],"categories":[8,7,1,6],"tags":[],"acf":[],"_links":{"self":[{"href":"https:\/\/des-tuc.infd.edu.ar\/sitio\/wp-json\/wp\/v2\/posts\/1492"}],"collection":[{"href":"https:\/\/des-tuc.infd.edu.ar\/sitio\/wp-json\/wp\/v2\/posts"}],"about":[{"href":"https:\/\/des-tuc.infd.edu.ar\/sitio\/wp-json\/wp\/v2\/types\/post"}],"author":[{"embeddable":true,"href":"https:\/\/des-tuc.infd.edu.ar\/sitio\/wp-json\/wp\/v2\/users\/295"}],"replies":[{"embeddable":true,"href":"https:\/\/des-tuc.infd.edu.ar\/sitio\/wp-json\/wp\/v2\/comments?post=1492"}],"version-history":[{"count":3,"href":"https:\/\/des-tuc.infd.edu.ar\/sitio\/wp-json\/wp\/v2\/posts\/1492\/revisions"}],"predecessor-version":[{"id":1504,"href":"https:\/\/des-tuc.infd.edu.ar\/sitio\/wp-json\/wp\/v2\/posts\/1492\/revisions\/1504"}],"wp:featuredmedia":[{"embeddable":true,"href":"https:\/\/des-tuc.infd.edu.ar\/sitio\/wp-json\/wp\/v2\/media\/1497"}],"wp:attachment":[{"href":"https:\/\/des-tuc.infd.edu.ar\/sitio\/wp-json\/wp\/v2\/media?parent=1492"}],"wp:term":[{"taxonomy":"category","embeddable":true,"href":"https:\/\/des-tuc.infd.edu.ar\/sitio\/wp-json\/wp\/v2\/categories?post=1492"},{"taxonomy":"post_tag","embeddable":true,"href":"https:\/\/des-tuc.infd.edu.ar\/sitio\/wp-json\/wp\/v2\/tags?post=1492"}],"curies":[{"name":"wp","href":"https:\/\/api.w.org\/{rel}","templated":true}]}}