{"id":1478,"date":"2019-04-30T13:00:33","date_gmt":"2019-04-30T16:00:33","guid":{"rendered":"https:\/\/des-tuc.infd.edu.ar\/sitio\/?p=1478"},"modified":"2019-04-30T13:00:33","modified_gmt":"2019-04-30T16:00:33","slug":"3o-congreso-internacional-de-educacion-jornada-para-estudiantes-de-nivel-superior","status":"publish","type":"post","link":"https:\/\/des-tuc.infd.edu.ar\/sitio\/3o-congreso-internacional-de-educacion-jornada-para-estudiantes-de-nivel-superior\/","title":{"rendered":"3\u00ba Congreso Internacional de Educaci\u00f3n: Jornada para estudiantes de Nivel Superior"},"content":{"rendered":"<p>En el marco del 3\u00ba Congreso Internacional de Educaci\u00f3n se llev\u00f3 a cabo la Jornada destinada a estudiantes de Nivel Superior en el Centro de Innovaci\u00f3n Tecnol\u00f3gica &#8211; CIIDEPT. La apertura estuvo a cargo de la directora de nivel Lic.\u00a0<strong>Adriana Cuello<\/strong> que valor\u00f3 el espacio de participaci\u00f3n estudiantil. A continuaci\u00f3n se dictaron dos conferencias dirigidas a estudiantes de Formaci\u00f3n Docente y de Formaci\u00f3n T\u00e9cnico Profesional.<\/p>\n<p>El primer conversatorio se titul\u00f3 \u201cMirada sobre las pr\u00e1cticas\u201d y estuvo a cargo de la Dra. Carolina Abdala &#8211; Secretaria Acad\u00e9mica de la UNT y de la Prof. Mar\u00eda Eugenia Barros, responsable de la C\u00e1tedra de Pedagog\u00eda de la carrera de Ciencias de la Educaci\u00f3n de la UNT. La segunda conferencia, en modalidad mesa panel,\u00a0fue \u201cFormaci\u00f3n para la investigaci\u00f3n, la innovaci\u00f3n y el desarrollo profesional\u201d, a cargo de la Prof. Mar\u00eda Eugenia Vargas, la Dra. Liliana Sierra y el Ing. Fernando D\u00edaz, miembros de la Secretar\u00eda Acad\u00e9mica del CIIDEPT.<\/p>\n<p>La Jornada organizada por el Equipo T\u00e9cnico Pedag\u00f3gico de la Direcci\u00f3n de Educaci\u00f3n Superior y Art\u00edstica cont\u00f3 con la participaci\u00f3n de m\u00e1s de 700 estudiantes, que una vez finalizadas las conferencias se distribuyeron en siete talleres. No sin antes participar de la &#8216;pausa activa&#8217; propuesta por la Coordinaci\u00f3n de la Modalidad de Educaci\u00f3n F\u00edsica.<\/p>\n<p>El arte tuvo un espacio especial de la mano y el talento de Jos\u00e9 Ignacio Juarez,\u00a0<span style=\"font-weight: 400;\">estudiante de la Escuela Superior de Educaci\u00f3n Art\u00edstica que interpret\u00f3 el tema instrumental Europa de Carlos Santana en una versi\u00f3n para saxof\u00f3n solo.<\/span><\/p>\n<p><img decoding=\"async\" loading=\"lazy\" class=\"alignnone size-medium wp-image-1479\" src=\"https:\/\/des-tuc.infd.edu.ar\/sitio\/wp-content\/uploads\/2019\/04\/WhatsApp-Image-2019-04-27-at-08.09.04-1000x223.jpeg\" alt=\"\" width=\"1000\" height=\"223\" srcset=\"https:\/\/des-tuc.infd.edu.ar\/sitio\/wp-content\/uploads\/2019\/04\/WhatsApp-Image-2019-04-27-at-08.09.04-1000x223.jpeg 1000w, https:\/\/des-tuc.infd.edu.ar\/sitio\/wp-content\/uploads\/2019\/04\/WhatsApp-Image-2019-04-27-at-08.09.04-768x171.jpeg 768w, https:\/\/des-tuc.infd.edu.ar\/sitio\/wp-content\/uploads\/2019\/04\/WhatsApp-Image-2019-04-27-at-08.09.04.jpeg 1280w\" sizes=\"(max-width: 1000px) 100vw, 1000px\" \/> <img decoding=\"async\" loading=\"lazy\" class=\"alignnone size-medium wp-image-1480\" src=\"https:\/\/des-tuc.infd.edu.ar\/sitio\/wp-content\/uploads\/2019\/04\/WhatsApp-Image-2019-04-27-at-11.02.56-1000x500.jpeg\" alt=\"\" width=\"1000\" height=\"500\" srcset=\"https:\/\/des-tuc.infd.edu.ar\/sitio\/wp-content\/uploads\/2019\/04\/WhatsApp-Image-2019-04-27-at-11.02.56-1000x500.jpeg 1000w, https:\/\/des-tuc.infd.edu.ar\/sitio\/wp-content\/uploads\/2019\/04\/WhatsApp-Image-2019-04-27-at-11.02.56-768x384.jpeg 768w, https:\/\/des-tuc.infd.edu.ar\/sitio\/wp-content\/uploads\/2019\/04\/WhatsApp-Image-2019-04-27-at-11.02.56.jpeg 1152w\" sizes=\"(max-width: 1000px) 100vw, 1000px\" \/> <img decoding=\"async\" loading=\"lazy\" class=\"alignnone size-medium wp-image-1481\" src=\"https:\/\/des-tuc.infd.edu.ar\/sitio\/wp-content\/uploads\/2019\/04\/WhatsApp-Image-2019-04-27-at-11.21.07-1000x750.jpeg\" alt=\"\" width=\"1000\" height=\"750\" srcset=\"https:\/\/des-tuc.infd.edu.ar\/sitio\/wp-content\/uploads\/2019\/04\/WhatsApp-Image-2019-04-27-at-11.21.07-1000x750.jpeg 1000w, https:\/\/des-tuc.infd.edu.ar\/sitio\/wp-content\/uploads\/2019\/04\/WhatsApp-Image-2019-04-27-at-11.21.07-768x576.jpeg 768w, https:\/\/des-tuc.infd.edu.ar\/sitio\/wp-content\/uploads\/2019\/04\/WhatsApp-Image-2019-04-27-at-11.21.07.jpeg 1280w\" sizes=\"(max-width: 1000px) 100vw, 1000px\" \/> <img decoding=\"async\" loading=\"lazy\" class=\"alignnone size-medium wp-image-1482\" src=\"https:\/\/des-tuc.infd.edu.ar\/sitio\/wp-content\/uploads\/2019\/04\/WhatsApp-Image-2019-04-27-at-12.59.56-1000x750.jpeg\" alt=\"\" width=\"1000\" height=\"750\" srcset=\"https:\/\/des-tuc.infd.edu.ar\/sitio\/wp-content\/uploads\/2019\/04\/WhatsApp-Image-2019-04-27-at-12.59.56-1000x750.jpeg 1000w, https:\/\/des-tuc.infd.edu.ar\/sitio\/wp-content\/uploads\/2019\/04\/WhatsApp-Image-2019-04-27-at-12.59.56-768x576.jpeg 768w, https:\/\/des-tuc.infd.edu.ar\/sitio\/wp-content\/uploads\/2019\/04\/WhatsApp-Image-2019-04-27-at-12.59.56.jpeg 1152w\" sizes=\"(max-width: 1000px) 100vw, 1000px\" \/><\/p>\n","protected":false},"excerpt":{"rendered":"<p>En el marco del 3\u00ba Congreso Internacional de Educaci\u00f3n se llev\u00f3 a cabo la Jornada destinada a estudiantes de Nivel Superior en el Centro de Innovaci\u00f3n Tecnol\u00f3gica &#8211; CIIDEPT. La apertura estuvo a cargo de la directora de nivel Lic.\u00a0Adriana Cuello que valor\u00f3 el espacio de participaci\u00f3n estudiantil. A continuaci\u00f3n se dictaron dos conferencias dirigidas &#8230; <a title=\"3\u00ba Congreso Internacional de Educaci\u00f3n: Jornada para estudiantes de Nivel Superior\" class=\"read-more\" href=\"https:\/\/des-tuc.infd.edu.ar\/sitio\/3o-congreso-internacional-de-educacion-jornada-para-estudiantes-de-nivel-superior\/\" aria-label=\"More on 3\u00ba Congreso Internacional de Educaci\u00f3n: Jornada para estudiantes de Nivel Superior\">[+]<\/a><\/p>\n","protected":false},"author":295,"featured_media":1479,"comment_status":"open","ping_status":"open","sticky":false,"template":"","format":"standard","meta":[],"categories":[8,7,6],"tags":[],"acf":[],"_links":{"self":[{"href":"https:\/\/des-tuc.infd.edu.ar\/sitio\/wp-json\/wp\/v2\/posts\/1478"}],"collection":[{"href":"https:\/\/des-tuc.infd.edu.ar\/sitio\/wp-json\/wp\/v2\/posts"}],"about":[{"href":"https:\/\/des-tuc.infd.edu.ar\/sitio\/wp-json\/wp\/v2\/types\/post"}],"author":[{"embeddable":true,"href":"https:\/\/des-tuc.infd.edu.ar\/sitio\/wp-json\/wp\/v2\/users\/295"}],"replies":[{"embeddable":true,"href":"https:\/\/des-tuc.infd.edu.ar\/sitio\/wp-json\/wp\/v2\/comments?post=1478"}],"version-history":[{"count":2,"href":"https:\/\/des-tuc.infd.edu.ar\/sitio\/wp-json\/wp\/v2\/posts\/1478\/revisions"}],"predecessor-version":[{"id":1484,"href":"https:\/\/des-tuc.infd.edu.ar\/sitio\/wp-json\/wp\/v2\/posts\/1478\/revisions\/1484"}],"wp:featuredmedia":[{"embeddable":true,"href":"https:\/\/des-tuc.infd.edu.ar\/sitio\/wp-json\/wp\/v2\/media\/1479"}],"wp:attachment":[{"href":"https:\/\/des-tuc.infd.edu.ar\/sitio\/wp-json\/wp\/v2\/media?parent=1478"}],"wp:term":[{"taxonomy":"category","embeddable":true,"href":"https:\/\/des-tuc.infd.edu.ar\/sitio\/wp-json\/wp\/v2\/categories?post=1478"},{"taxonomy":"post_tag","embeddable":true,"href":"https:\/\/des-tuc.infd.edu.ar\/sitio\/wp-json\/wp\/v2\/tags?post=1478"}],"curies":[{"name":"wp","href":"https:\/\/api.w.org\/{rel}","templated":true}]}}