{"id":1455,"date":"2019-04-23T13:14:14","date_gmt":"2019-04-23T16:14:14","guid":{"rendered":"https:\/\/des-tuc.infd.edu.ar\/sitio\/?p=1455"},"modified":"2019-04-23T16:28:44","modified_gmt":"2019-04-23T19:28:44","slug":"el-ies-amaicha-del-valle-obtuvo-su-autonomia","status":"publish","type":"post","link":"https:\/\/des-tuc.infd.edu.ar\/sitio\/el-ies-amaicha-del-valle-obtuvo-su-autonomia\/","title":{"rendered":"El IES Amaicha del Valle obtuvo su autonom\u00eda"},"content":{"rendered":"<p>El Instituto de Ense\u00f1anza Superior de Amaicha del Valle obtuvo su autonom\u00eda a trav\u00e9s de una resoluci\u00f3n firmada en diciembre de 2018 por el Ministro de Educaci\u00f3n <strong>Juan Pablo Lichtmajer<\/strong>, y dej\u00f3 de ser un anexo para constituirse como sede. El mi\u00e9rcoles 17 de abril celebr\u00f3 este importante logro a trav\u00e9s de un acto inaugural del que participaron la Directora de Nivel Superior, <strong>Adriana Cuello<\/strong> y la Directora de la Instituci\u00f3n, <strong>Gabriela Cruz<\/strong>. Tambi\u00e9n estuvo presentes el cacique de la Comunidad de Amaicha del Valle y Delegado Comunal, <strong>Eduardo Nieva <\/strong>acompa\u00f1ado de miembros de la comunidad, docentes, estudiantes y miembros del equipo t\u00e9cnico de la Direcci\u00f3n de Educaci\u00f3n Superior y Artistica.<\/p>\n<p>\u201cEs un hecho muy auspicioso para la educaci\u00f3n del valle\u201d, celebr\u00f3 la Directora de Nivel Superior que agreg\u00f3: \u201cEste acto viene a coronar el trabajo sostenido de a\u00f1os de una instituci\u00f3n que cuenta con dos carreras muy importantes como son la Tecnicatura de Agroindustria de los alimentos y el profesorado en Educaci\u00f3n Primaria\u201d.<\/p>\n<p>Por su parte la Directora del IES de Amaicha del Valle sostuvo que \u201ces un d\u00eda de mucha emoci\u00f3n porque es algo esperado durante \u00a0mucho tiempo que el Instituto deje de ser anexo\u201d. Por otro lado, se\u00f1al\u00f3 que \u201cllegar a este punto plantea nuevos desaf\u00edos e implica mirar para adelante, pensar en nuevas carreras, teniendo en cuenta las necesidades de nuestros estudiantes y de nuestra comunidad\u201d.<\/p>\n<p>El cacique de la Comunidad de Amaicha del Valle y Delegado Cvomunal tambi\u00e9n estuvo presente en el acto y en el \u00e1gape que se sirvi\u00f3 a continuaci\u00f3n. \u201cLa autonom\u00eda de este IES es m\u00e1s que importante, nos permite pensar en la formaci\u00f3n de recursos humanos teniendo en cuenta la propia cultura, la propia identidad y las particularidades de esta regi\u00f3n. Nos permite tambi\u00e9n fortalecer este trabajo articulado entre la instituci\u00f3n educativa, la comuna y la comunidad pensando en el desarrollo de la regi\u00f3n\u201d, manifest\u00f3 Eduardo Nieva.<\/p>\n<p><img decoding=\"async\" loading=\"lazy\" class=\"alignnone size-medium wp-image-1456\" src=\"https:\/\/des-tuc.infd.edu.ar\/sitio\/wp-content\/uploads\/2019\/04\/20190417_183058-1000x750.jpg\" alt=\"\" width=\"1000\" height=\"750\" srcset=\"https:\/\/des-tuc.infd.edu.ar\/sitio\/wp-content\/uploads\/2019\/04\/20190417_183058-1000x750.jpg 1000w, https:\/\/des-tuc.infd.edu.ar\/sitio\/wp-content\/uploads\/2019\/04\/20190417_183058-768x576.jpg 768w, https:\/\/des-tuc.infd.edu.ar\/sitio\/wp-content\/uploads\/2019\/04\/20190417_183058-1900x1425.jpg 1900w\" sizes=\"(max-width: 1000px) 100vw, 1000px\" \/> <img decoding=\"async\" loading=\"lazy\" class=\"alignnone size-medium wp-image-1457\" src=\"https:\/\/des-tuc.infd.edu.ar\/sitio\/wp-content\/uploads\/2019\/04\/20190417_183207-1000x750.jpg\" alt=\"\" width=\"1000\" height=\"750\" srcset=\"https:\/\/des-tuc.infd.edu.ar\/sitio\/wp-content\/uploads\/2019\/04\/20190417_183207-1000x750.jpg 1000w, https:\/\/des-tuc.infd.edu.ar\/sitio\/wp-content\/uploads\/2019\/04\/20190417_183207-768x576.jpg 768w, https:\/\/des-tuc.infd.edu.ar\/sitio\/wp-content\/uploads\/2019\/04\/20190417_183207-1900x1425.jpg 1900w\" sizes=\"(max-width: 1000px) 100vw, 1000px\" \/> <img decoding=\"async\" loading=\"lazy\" class=\"alignnone size-medium wp-image-1458\" src=\"https:\/\/des-tuc.infd.edu.ar\/sitio\/wp-content\/uploads\/2019\/04\/20190417_183512-e1556035361127-750x1000.jpg\" alt=\"\" width=\"750\" height=\"1000\" srcset=\"https:\/\/des-tuc.infd.edu.ar\/sitio\/wp-content\/uploads\/2019\/04\/20190417_183512-e1556035361127-750x1000.jpg 750w, https:\/\/des-tuc.infd.edu.ar\/sitio\/wp-content\/uploads\/2019\/04\/20190417_183512-e1556035361127-768x1024.jpg 768w, https:\/\/des-tuc.infd.edu.ar\/sitio\/wp-content\/uploads\/2019\/04\/20190417_183512-e1556035361127-1425x1900.jpg 1425w\" sizes=\"(max-width: 750px) 100vw, 750px\" \/> <img decoding=\"async\" loading=\"lazy\" class=\"alignnone size-medium wp-image-1459\" src=\"https:\/\/des-tuc.infd.edu.ar\/sitio\/wp-content\/uploads\/2019\/04\/20190417_183839-1000x750.jpg\" alt=\"\" width=\"1000\" height=\"750\" srcset=\"https:\/\/des-tuc.infd.edu.ar\/sitio\/wp-content\/uploads\/2019\/04\/20190417_183839-1000x750.jpg 1000w, https:\/\/des-tuc.infd.edu.ar\/sitio\/wp-content\/uploads\/2019\/04\/20190417_183839-768x576.jpg 768w, https:\/\/des-tuc.infd.edu.ar\/sitio\/wp-content\/uploads\/2019\/04\/20190417_183839-1900x1425.jpg 1900w\" sizes=\"(max-width: 1000px) 100vw, 1000px\" \/> <img decoding=\"async\" loading=\"lazy\" class=\"alignnone size-medium wp-image-1460\" src=\"https:\/\/des-tuc.infd.edu.ar\/sitio\/wp-content\/uploads\/2019\/04\/20190417_184007-1000x750.jpg\" alt=\"\" width=\"1000\" height=\"750\" srcset=\"https:\/\/des-tuc.infd.edu.ar\/sitio\/wp-content\/uploads\/2019\/04\/20190417_184007-1000x750.jpg 1000w, https:\/\/des-tuc.infd.edu.ar\/sitio\/wp-content\/uploads\/2019\/04\/20190417_184007-768x576.jpg 768w, https:\/\/des-tuc.infd.edu.ar\/sitio\/wp-content\/uploads\/2019\/04\/20190417_184007-1900x1425.jpg 1900w\" sizes=\"(max-width: 1000px) 100vw, 1000px\" \/> <img decoding=\"async\" loading=\"lazy\" class=\"alignnone size-medium wp-image-1461\" src=\"https:\/\/des-tuc.infd.edu.ar\/sitio\/wp-content\/uploads\/2019\/04\/20190417_184011-1000x750.jpg\" alt=\"\" width=\"1000\" height=\"750\" srcset=\"https:\/\/des-tuc.infd.edu.ar\/sitio\/wp-content\/uploads\/2019\/04\/20190417_184011-1000x750.jpg 1000w, https:\/\/des-tuc.infd.edu.ar\/sitio\/wp-content\/uploads\/2019\/04\/20190417_184011-768x576.jpg 768w, https:\/\/des-tuc.infd.edu.ar\/sitio\/wp-content\/uploads\/2019\/04\/20190417_184011-1900x1425.jpg 1900w\" sizes=\"(max-width: 1000px) 100vw, 1000px\" \/> <img decoding=\"async\" loading=\"lazy\" class=\"alignnone size-medium wp-image-1462\" src=\"https:\/\/des-tuc.infd.edu.ar\/sitio\/wp-content\/uploads\/2019\/04\/20190417_184048-1000x750.jpg\" alt=\"\" width=\"1000\" height=\"750\" srcset=\"https:\/\/des-tuc.infd.edu.ar\/sitio\/wp-content\/uploads\/2019\/04\/20190417_184048-1000x750.jpg 1000w, https:\/\/des-tuc.infd.edu.ar\/sitio\/wp-content\/uploads\/2019\/04\/20190417_184048-768x576.jpg 768w, https:\/\/des-tuc.infd.edu.ar\/sitio\/wp-content\/uploads\/2019\/04\/20190417_184048-1900x1425.jpg 1900w\" sizes=\"(max-width: 1000px) 100vw, 1000px\" \/> <img decoding=\"async\" loading=\"lazy\" class=\"alignnone size-medium wp-image-1463\" src=\"https:\/\/des-tuc.infd.edu.ar\/sitio\/wp-content\/uploads\/2019\/04\/20190417_185109-1000x750.jpg\" alt=\"\" width=\"1000\" height=\"750\" srcset=\"https:\/\/des-tuc.infd.edu.ar\/sitio\/wp-content\/uploads\/2019\/04\/20190417_185109-1000x750.jpg 1000w, https:\/\/des-tuc.infd.edu.ar\/sitio\/wp-content\/uploads\/2019\/04\/20190417_185109-768x576.jpg 768w, https:\/\/des-tuc.infd.edu.ar\/sitio\/wp-content\/uploads\/2019\/04\/20190417_185109-1900x1425.jpg 1900w\" sizes=\"(max-width: 1000px) 100vw, 1000px\" \/> <img decoding=\"async\" loading=\"lazy\" class=\"alignnone size-medium wp-image-1464\" src=\"https:\/\/des-tuc.infd.edu.ar\/sitio\/wp-content\/uploads\/2019\/04\/20190417_185447-1000x750.jpg\" alt=\"\" width=\"1000\" height=\"750\" srcset=\"https:\/\/des-tuc.infd.edu.ar\/sitio\/wp-content\/uploads\/2019\/04\/20190417_185447-1000x750.jpg 1000w, https:\/\/des-tuc.infd.edu.ar\/sitio\/wp-content\/uploads\/2019\/04\/20190417_185447-768x576.jpg 768w, https:\/\/des-tuc.infd.edu.ar\/sitio\/wp-content\/uploads\/2019\/04\/20190417_185447-1900x1425.jpg 1900w\" sizes=\"(max-width: 1000px) 100vw, 1000px\" \/> <img decoding=\"async\" loading=\"lazy\" class=\"alignnone size-medium wp-image-1465\" src=\"https:\/\/des-tuc.infd.edu.ar\/sitio\/wp-content\/uploads\/2019\/04\/20190417_185907-1000x750.jpg\" alt=\"\" width=\"1000\" height=\"750\" srcset=\"https:\/\/des-tuc.infd.edu.ar\/sitio\/wp-content\/uploads\/2019\/04\/20190417_185907-1000x750.jpg 1000w, https:\/\/des-tuc.infd.edu.ar\/sitio\/wp-content\/uploads\/2019\/04\/20190417_185907-768x576.jpg 768w, https:\/\/des-tuc.infd.edu.ar\/sitio\/wp-content\/uploads\/2019\/04\/20190417_185907-1900x1425.jpg 1900w\" sizes=\"(max-width: 1000px) 100vw, 1000px\" \/><\/p>\n","protected":false},"excerpt":{"rendered":"<p>El Instituto de Ense\u00f1anza Superior de Amaicha del Valle obtuvo su autonom\u00eda a trav\u00e9s de una resoluci\u00f3n firmada en diciembre de 2018 por el Ministro de Educaci\u00f3n Juan Pablo Lichtmajer, y dej\u00f3 de ser un anexo para constituirse como sede. El mi\u00e9rcoles 17 de abril celebr\u00f3 este importante logro a trav\u00e9s de un acto inaugural &#8230; <a title=\"El IES Amaicha del Valle obtuvo su autonom\u00eda\" class=\"read-more\" href=\"https:\/\/des-tuc.infd.edu.ar\/sitio\/el-ies-amaicha-del-valle-obtuvo-su-autonomia\/\" aria-label=\"More on El IES Amaicha del Valle obtuvo su autonom\u00eda\">[+]<\/a><\/p>\n","protected":false},"author":295,"featured_media":1456,"comment_status":"open","ping_status":"open","sticky":false,"template":"","format":"standard","meta":[],"categories":[8,7,6],"tags":[],"acf":[],"_links":{"self":[{"href":"https:\/\/des-tuc.infd.edu.ar\/sitio\/wp-json\/wp\/v2\/posts\/1455"}],"collection":[{"href":"https:\/\/des-tuc.infd.edu.ar\/sitio\/wp-json\/wp\/v2\/posts"}],"about":[{"href":"https:\/\/des-tuc.infd.edu.ar\/sitio\/wp-json\/wp\/v2\/types\/post"}],"author":[{"embeddable":true,"href":"https:\/\/des-tuc.infd.edu.ar\/sitio\/wp-json\/wp\/v2\/users\/295"}],"replies":[{"embeddable":true,"href":"https:\/\/des-tuc.infd.edu.ar\/sitio\/wp-json\/wp\/v2\/comments?post=1455"}],"version-history":[{"count":4,"href":"https:\/\/des-tuc.infd.edu.ar\/sitio\/wp-json\/wp\/v2\/posts\/1455\/revisions"}],"predecessor-version":[{"id":1476,"href":"https:\/\/des-tuc.infd.edu.ar\/sitio\/wp-json\/wp\/v2\/posts\/1455\/revisions\/1476"}],"wp:featuredmedia":[{"embeddable":true,"href":"https:\/\/des-tuc.infd.edu.ar\/sitio\/wp-json\/wp\/v2\/media\/1456"}],"wp:attachment":[{"href":"https:\/\/des-tuc.infd.edu.ar\/sitio\/wp-json\/wp\/v2\/media?parent=1455"}],"wp:term":[{"taxonomy":"category","embeddable":true,"href":"https:\/\/des-tuc.infd.edu.ar\/sitio\/wp-json\/wp\/v2\/categories?post=1455"},{"taxonomy":"post_tag","embeddable":true,"href":"https:\/\/des-tuc.infd.edu.ar\/sitio\/wp-json\/wp\/v2\/tags?post=1455"}],"curies":[{"name":"wp","href":"https:\/\/api.w.org\/{rel}","templated":true}]}}