{"id":1432,"date":"2019-04-16T13:17:29","date_gmt":"2019-04-16T16:17:29","guid":{"rendered":"https:\/\/des-tuc.infd.edu.ar\/sitio\/?p=1432"},"modified":"2019-04-16T13:17:29","modified_gmt":"2019-04-16T16:17:29","slug":"camino-al-egreso-una-propuesta-para-acompanar-a-los-futuros-docentes","status":"publish","type":"post","link":"https:\/\/des-tuc.infd.edu.ar\/sitio\/camino-al-egreso-una-propuesta-para-acompanar-a-los-futuros-docentes\/","title":{"rendered":"Camino al Egreso: una propuesta para acompa\u00f1ar a los futuros docentes"},"content":{"rendered":"<p>Desde el Ministerio de Educaci\u00f3n a trav\u00e9s de la Direcci\u00f3n de Educaci\u00f3n Superior se lleva adelante\u00a0<strong>Camino al Egreso<\/strong>, una propuesta innovadora destinada\u00a0al acompa\u00f1amiento de los futuros egresados de las carreras de Formaci\u00f3n Docente (estudiantes de 3\u00ba y 4\u00ba a\u00f1o) en su inserci\u00f3n laboral.<\/p>\n<p>Camino al Egreso tuvo su lanzamiento en el acto de inicio del Ciclo Lectivo 2019, el 18 de marzo. Durante tres jornadas, en el\u00a0<strong>Teatro Orestes Caviglia<\/strong>, estudiantes y docentes escucharon a referentes de las diferentes modalidades del Ministerio de Educaci\u00f3n, del Servicio de Asistencia Social Escolar, del Gabinete Pedag\u00f3gico Integral \u2013 perteneciente a la Direcci\u00f3n de asistencia T\u00e9cnico Pedag\u00f3gica-, del Observatorio de la Mujer, dependiente del Ministerio de Desarrollo Social, y representantes de los gremios SADOP, AMET, ATEP y APEMyS\u00a0 que brindaron informaci\u00f3n fundamental a la hora de buscar trabajo dentro del \u00e1mbito docente.<\/p>\n<p>Ante la muy buena recepci\u00f3n de esta propuesta por parte de docentes y, sobre todo, de estudiantes pr\u00f3ximos a egresar, los diferentes Institutos de Ense\u00f1anza Superior (IES) realizan su propuesta institucional. De este modo, cada IES lleva adelante una jornada para brindar estas herramientas a los estudiantes de acuerdo a las carreras que dictan.<\/p>\n<p><img decoding=\"async\" loading=\"lazy\" class=\"alignnone size-medium wp-image-1433\" src=\"https:\/\/des-tuc.infd.edu.ar\/sitio\/wp-content\/uploads\/2019\/04\/20190319_095628-1000x750.jpg\" alt=\"\" width=\"1000\" height=\"750\" srcset=\"https:\/\/des-tuc.infd.edu.ar\/sitio\/wp-content\/uploads\/2019\/04\/20190319_095628-1000x750.jpg 1000w, https:\/\/des-tuc.infd.edu.ar\/sitio\/wp-content\/uploads\/2019\/04\/20190319_095628-768x576.jpg 768w, https:\/\/des-tuc.infd.edu.ar\/sitio\/wp-content\/uploads\/2019\/04\/20190319_095628-1900x1425.jpg 1900w\" sizes=\"(max-width: 1000px) 100vw, 1000px\" \/> <img decoding=\"async\" loading=\"lazy\" class=\"alignnone size-medium wp-image-1434\" src=\"https:\/\/des-tuc.infd.edu.ar\/sitio\/wp-content\/uploads\/2019\/04\/20190319_123434-1000x750.jpg\" alt=\"\" width=\"1000\" height=\"750\" srcset=\"https:\/\/des-tuc.infd.edu.ar\/sitio\/wp-content\/uploads\/2019\/04\/20190319_123434-1000x750.jpg 1000w, https:\/\/des-tuc.infd.edu.ar\/sitio\/wp-content\/uploads\/2019\/04\/20190319_123434-768x576.jpg 768w, https:\/\/des-tuc.infd.edu.ar\/sitio\/wp-content\/uploads\/2019\/04\/20190319_123434-1900x1425.jpg 1900w\" sizes=\"(max-width: 1000px) 100vw, 1000px\" \/><\/p>\n","protected":false},"excerpt":{"rendered":"<p>Desde el Ministerio de Educaci\u00f3n a trav\u00e9s de la Direcci\u00f3n de Educaci\u00f3n Superior se lleva adelante\u00a0Camino al Egreso, una propuesta innovadora destinada\u00a0al acompa\u00f1amiento de los futuros egresados de las carreras de Formaci\u00f3n Docente (estudiantes de 3\u00ba y 4\u00ba a\u00f1o) en su inserci\u00f3n laboral. Camino al Egreso tuvo su lanzamiento en el acto de inicio del &#8230; <a title=\"Camino al Egreso: una propuesta para acompa\u00f1ar a los futuros docentes\" class=\"read-more\" href=\"https:\/\/des-tuc.infd.edu.ar\/sitio\/camino-al-egreso-una-propuesta-para-acompanar-a-los-futuros-docentes\/\" aria-label=\"More on Camino al Egreso: una propuesta para acompa\u00f1ar a los futuros docentes\">[+]<\/a><\/p>\n","protected":false},"author":295,"featured_media":1436,"comment_status":"open","ping_status":"open","sticky":false,"template":"","format":"image","meta":[],"categories":[8,7,6],"tags":[],"acf":[],"_links":{"self":[{"href":"https:\/\/des-tuc.infd.edu.ar\/sitio\/wp-json\/wp\/v2\/posts\/1432"}],"collection":[{"href":"https:\/\/des-tuc.infd.edu.ar\/sitio\/wp-json\/wp\/v2\/posts"}],"about":[{"href":"https:\/\/des-tuc.infd.edu.ar\/sitio\/wp-json\/wp\/v2\/types\/post"}],"author":[{"embeddable":true,"href":"https:\/\/des-tuc.infd.edu.ar\/sitio\/wp-json\/wp\/v2\/users\/295"}],"replies":[{"embeddable":true,"href":"https:\/\/des-tuc.infd.edu.ar\/sitio\/wp-json\/wp\/v2\/comments?post=1432"}],"version-history":[{"count":1,"href":"https:\/\/des-tuc.infd.edu.ar\/sitio\/wp-json\/wp\/v2\/posts\/1432\/revisions"}],"predecessor-version":[{"id":1435,"href":"https:\/\/des-tuc.infd.edu.ar\/sitio\/wp-json\/wp\/v2\/posts\/1432\/revisions\/1435"}],"wp:featuredmedia":[{"embeddable":true,"href":"https:\/\/des-tuc.infd.edu.ar\/sitio\/wp-json\/wp\/v2\/media\/1436"}],"wp:attachment":[{"href":"https:\/\/des-tuc.infd.edu.ar\/sitio\/wp-json\/wp\/v2\/media?parent=1432"}],"wp:term":[{"taxonomy":"category","embeddable":true,"href":"https:\/\/des-tuc.infd.edu.ar\/sitio\/wp-json\/wp\/v2\/categories?post=1432"},{"taxonomy":"post_tag","embeddable":true,"href":"https:\/\/des-tuc.infd.edu.ar\/sitio\/wp-json\/wp\/v2\/tags?post=1432"}],"curies":[{"name":"wp","href":"https:\/\/api.w.org\/{rel}","templated":true}]}}