{"id":1426,"date":"2019-04-16T11:28:37","date_gmt":"2019-04-16T14:28:37","guid":{"rendered":"https:\/\/des-tuc.infd.edu.ar\/sitio\/?p=1426"},"modified":"2019-04-16T11:47:56","modified_gmt":"2019-04-16T14:47:56","slug":"acto-de-inicio-del-ano-lectivo","status":"publish","type":"post","link":"https:\/\/des-tuc.infd.edu.ar\/sitio\/acto-de-inicio-del-ano-lectivo\/","title":{"rendered":"Acto de inicio del a\u00f1o lectivo 2019"},"content":{"rendered":"<p>Con la participaci\u00f3n del ministro de Educaci\u00f3n, <strong>Juan Pablo Lichtmajer<\/strong> y la directora de Educaci\u00f3n Superior, <strong>Adriana Cuello<\/strong> se inaugur\u00f3 el ciclo lectivo 2019 del Nivel Superior. El Instituto Dr. Manuel Marchetti fue la sede del acto de apertura del que participaron tambi\u00e9n autoridades ministeriales, docentes y estudiantes.<\/p>\n<p>La apertura estuvo acompa\u00f1ada de una intervenci\u00f3n art\u00edstica a cargo de estudiantes y egresados de la Escuela Superior de Ense\u00f1anza Art\u00edstica.<\/p>\n<p>Al finalizar el acto oficial se realiz\u00f3 el lanzamiento y la primera capacitaci\u00f3n de \u201cCamino al egreso\u201d, una propuesta destinada a todos los estudiantes de 3\u00ba y 4\u00ba a\u00f1o de los IES de todo el territorio provincial con el objetivo de brindar herramientas de cara a la inserci\u00f3n laboral.<\/p>\n","protected":false},"excerpt":{"rendered":"<p>Con la participaci\u00f3n del ministro de Educaci\u00f3n, Juan Pablo Lichtmajer y la directora de Educaci\u00f3n Superior, Adriana Cuello se inaugur\u00f3 el ciclo lectivo 2019 del Nivel Superior. El Instituto Dr. Manuel Marchetti fue la sede del acto de apertura del que participaron tambi\u00e9n autoridades ministeriales, docentes y estudiantes. La apertura estuvo acompa\u00f1ada de una intervenci\u00f3n &#8230; <a title=\"Acto de inicio del a\u00f1o lectivo 2019\" class=\"read-more\" href=\"https:\/\/des-tuc.infd.edu.ar\/sitio\/acto-de-inicio-del-ano-lectivo\/\" aria-label=\"More on Acto de inicio del a\u00f1o lectivo 2019\">[+]<\/a><\/p>\n","protected":false},"author":295,"featured_media":1428,"comment_status":"open","ping_status":"open","sticky":false,"template":"","format":"image","meta":[],"categories":[8,7,1,6],"tags":[],"acf":[],"_links":{"self":[{"href":"https:\/\/des-tuc.infd.edu.ar\/sitio\/wp-json\/wp\/v2\/posts\/1426"}],"collection":[{"href":"https:\/\/des-tuc.infd.edu.ar\/sitio\/wp-json\/wp\/v2\/posts"}],"about":[{"href":"https:\/\/des-tuc.infd.edu.ar\/sitio\/wp-json\/wp\/v2\/types\/post"}],"author":[{"embeddable":true,"href":"https:\/\/des-tuc.infd.edu.ar\/sitio\/wp-json\/wp\/v2\/users\/295"}],"replies":[{"embeddable":true,"href":"https:\/\/des-tuc.infd.edu.ar\/sitio\/wp-json\/wp\/v2\/comments?post=1426"}],"version-history":[{"count":2,"href":"https:\/\/des-tuc.infd.edu.ar\/sitio\/wp-json\/wp\/v2\/posts\/1426\/revisions"}],"predecessor-version":[{"id":1431,"href":"https:\/\/des-tuc.infd.edu.ar\/sitio\/wp-json\/wp\/v2\/posts\/1426\/revisions\/1431"}],"wp:featuredmedia":[{"embeddable":true,"href":"https:\/\/des-tuc.infd.edu.ar\/sitio\/wp-json\/wp\/v2\/media\/1428"}],"wp:attachment":[{"href":"https:\/\/des-tuc.infd.edu.ar\/sitio\/wp-json\/wp\/v2\/media?parent=1426"}],"wp:term":[{"taxonomy":"category","embeddable":true,"href":"https:\/\/des-tuc.infd.edu.ar\/sitio\/wp-json\/wp\/v2\/categories?post=1426"},{"taxonomy":"post_tag","embeddable":true,"href":"https:\/\/des-tuc.infd.edu.ar\/sitio\/wp-json\/wp\/v2\/tags?post=1426"}],"curies":[{"name":"wp","href":"https:\/\/api.w.org\/{rel}","templated":true}]}}