{"id":13066,"date":"2026-08-31T17:56:49","date_gmt":"2026-08-31T20:56:49","guid":{"rendered":"https:\/\/des-tuc.infd.edu.ar\/sitio\/?p=13066"},"modified":"2026-08-31T19:43:22","modified_gmt":"2026-08-31T22:43:22","slug":"mas-de-30-propuestas-para-formarse-conoce-la-agenda-de-septiembre","status":"publish","type":"post","link":"https:\/\/des-tuc.infd.edu.ar\/sitio\/mas-de-30-propuestas-para-formarse-conoce-la-agenda-de-septiembre\/","title":{"rendered":"M\u00e1s de 30 propuestas para formarse: conoc\u00e9 la agenda de septiembre"},"content":{"rendered":"\n<p><\/p>\n\n\n\n<h1 class=\"wp-block-heading\"><\/h1>\n\n\n\n<p><strong>La Direcci\u00f3n de Educaci\u00f3n Superior No Universitaria del Ministerio de Educaci\u00f3n de Tucum\u00e1n, a trav\u00e9s de la Subdirecci\u00f3n de Formaci\u00f3n Docente Continua e Investigaci\u00f3n (FDCI), impulsa durante septiembre una agenda que re\u00fane m\u00e1s de 30 propuestas formativas destinadas a docentes de los distintos niveles y modalidades del sistema educativo provincial.<\/strong><\/p>\n\n\n<div id=\"metaslider-id-13070\" style=\"width: 100%; margin: 0 auto;\" class=\"ml-slider-3-33-0 metaslider metaslider-flex metaslider-13070 ml-slider ms-theme-default\" role=\"region\" aria-roledescription=\"Slideshow\" aria-label=\"Slideshow\">\n    <div id=\"metaslider_container_13070\">\n        <div id=\"metaslider_13070\" class=\"flexslider\">\n            <ul aria-live=\"polite\" class=\"slides\">\n                <li style=\"display: block; width: 100%;\" class=\"slide-13071 ms-image\" aria-roledescription=\"slide\" aria-label=\"slide-13071\"><img width=\"1200\" height=\"630\" src=\"https:\/\/des-tuc.infd.edu.ar\/sitio\/wp-content\/uploads\/2026\/08\/fdci-banner-pc.jpg\" class=\"slider-13070 slide-13071\" alt=\"\" decoding=\"async\" loading=\"lazy\" rel=\"\" title=\"fdci-banner-pc\" srcset=\"https:\/\/des-tuc.infd.edu.ar\/sitio\/wp-content\/uploads\/2026\/08\/fdci-banner-pc.jpg 1200w, https:\/\/des-tuc.infd.edu.ar\/sitio\/wp-content\/uploads\/2026\/08\/fdci-banner-pc-1000x525.jpg 1000w, https:\/\/des-tuc.infd.edu.ar\/sitio\/wp-content\/uploads\/2026\/08\/fdci-banner-pc-768x403.jpg 768w\" sizes=\"(max-width: 1200px) 100vw, 1200px\" \/><\/li>\n                <li style=\"display: none; width: 100%;\" class=\"slide-13078 ms-image\" aria-roledescription=\"slide\" aria-label=\"slide-13078\"><img width=\"1200\" height=\"630\" src=\"https:\/\/des-tuc.infd.edu.ar\/sitio\/wp-content\/uploads\/2026\/08\/2.jpg\" class=\"slider-13070 slide-13078\" alt=\"\" decoding=\"async\" loading=\"lazy\" rel=\"\" title=\"2\" srcset=\"https:\/\/des-tuc.infd.edu.ar\/sitio\/wp-content\/uploads\/2026\/08\/2.jpg 1200w, https:\/\/des-tuc.infd.edu.ar\/sitio\/wp-content\/uploads\/2026\/08\/2-1000x525.jpg 1000w, https:\/\/des-tuc.infd.edu.ar\/sitio\/wp-content\/uploads\/2026\/08\/2-768x403.jpg 768w\" sizes=\"(max-width: 1200px) 100vw, 1200px\" \/><\/li>\n                <li style=\"display: none; width: 100%;\" class=\"slide-13079 ms-image\" aria-roledescription=\"slide\" aria-label=\"slide-13079\"><img width=\"1200\" height=\"630\" src=\"https:\/\/des-tuc.infd.edu.ar\/sitio\/wp-content\/uploads\/2026\/08\/3.jpg\" class=\"slider-13070 slide-13079\" alt=\"\" decoding=\"async\" loading=\"lazy\" rel=\"\" title=\"3\" srcset=\"https:\/\/des-tuc.infd.edu.ar\/sitio\/wp-content\/uploads\/2026\/08\/3.jpg 1200w, https:\/\/des-tuc.infd.edu.ar\/sitio\/wp-content\/uploads\/2026\/08\/3-1000x525.jpg 1000w, https:\/\/des-tuc.infd.edu.ar\/sitio\/wp-content\/uploads\/2026\/08\/3-768x403.jpg 768w\" sizes=\"(max-width: 1200px) 100vw, 1200px\" \/><\/li>\n                <li style=\"display: none; width: 100%;\" class=\"slide-13080 ms-image\" aria-roledescription=\"slide\" aria-label=\"slide-13080\"><img width=\"1200\" height=\"630\" src=\"https:\/\/des-tuc.infd.edu.ar\/sitio\/wp-content\/uploads\/2026\/08\/4.jpg\" class=\"slider-13070 slide-13080\" alt=\"\" decoding=\"async\" loading=\"lazy\" rel=\"\" title=\"4\" srcset=\"https:\/\/des-tuc.infd.edu.ar\/sitio\/wp-content\/uploads\/2026\/08\/4.jpg 1200w, https:\/\/des-tuc.infd.edu.ar\/sitio\/wp-content\/uploads\/2026\/08\/4-1000x525.jpg 1000w, https:\/\/des-tuc.infd.edu.ar\/sitio\/wp-content\/uploads\/2026\/08\/4-768x403.jpg 768w\" sizes=\"(max-width: 1200px) 100vw, 1200px\" \/><\/li>\n                <li style=\"display: none; width: 100%;\" class=\"slide-13081 ms-image\" aria-roledescription=\"slide\" aria-label=\"slide-13081\"><img width=\"1200\" height=\"630\" src=\"https:\/\/des-tuc.infd.edu.ar\/sitio\/wp-content\/uploads\/2026\/08\/5.jpg\" class=\"slider-13070 slide-13081\" alt=\"\" decoding=\"async\" loading=\"lazy\" rel=\"\" title=\"5\" srcset=\"https:\/\/des-tuc.infd.edu.ar\/sitio\/wp-content\/uploads\/2026\/08\/5.jpg 1200w, https:\/\/des-tuc.infd.edu.ar\/sitio\/wp-content\/uploads\/2026\/08\/5-1000x525.jpg 1000w, https:\/\/des-tuc.infd.edu.ar\/sitio\/wp-content\/uploads\/2026\/08\/5-768x403.jpg 768w\" sizes=\"(max-width: 1200px) 100vw, 1200px\" \/><\/li>\n                <li style=\"display: none; width: 100%;\" class=\"slide-13082 ms-image\" aria-roledescription=\"slide\" aria-label=\"slide-13082\"><img width=\"1200\" height=\"630\" src=\"https:\/\/des-tuc.infd.edu.ar\/sitio\/wp-content\/uploads\/2026\/08\/6.jpg\" class=\"slider-13070 slide-13082\" alt=\"\" decoding=\"async\" loading=\"lazy\" rel=\"\" title=\"6\" srcset=\"https:\/\/des-tuc.infd.edu.ar\/sitio\/wp-content\/uploads\/2026\/08\/6.jpg 1200w, https:\/\/des-tuc.infd.edu.ar\/sitio\/wp-content\/uploads\/2026\/08\/6-1000x525.jpg 1000w, https:\/\/des-tuc.infd.edu.ar\/sitio\/wp-content\/uploads\/2026\/08\/6-768x403.jpg 768w\" sizes=\"(max-width: 1200px) 100vw, 1200px\" \/><\/li>\n            <\/ul>\n        <\/div>\n        \n    <\/div>\n<\/div>\n\n\n\n<p>Cursos, talleres, ateneos did\u00e1cticos, jornadas, itinerarios, r\u00e9plicas y seminarios forman parte de la programaci\u00f3n prevista para el Mes de la Formaci\u00f3n Docente Continua. La agenda re\u00fane iniciativas desarrolladas desde la FDCI, propuestas de diferentes \u00e1reas y direcciones del Ministerio de Educaci\u00f3n e instituciones oferentes que trabajan en articulaci\u00f3n con la Subdirecci\u00f3n.<\/p>\n\n\n\n<p>La diversidad de la oferta tambi\u00e9n se refleja en los temas abordados. Alfabetizaci\u00f3n, matem\u00e1tica, ciencias naturales y sociales, educaci\u00f3n ambiental, inclusi\u00f3n, ruralidad, cultura digital, inteligencia artificial, investigaci\u00f3n educativa, gesti\u00f3n institucional, prevenci\u00f3n y pedagog\u00eda del cuidado son algunos de los campos presentes en las propuestas programadas para septiembre.<\/p>\n\n\n\n<p>Entre las actividades previstas se encuentran los ateneos sobre liderazgo y gesti\u00f3n educativa con IA, propuestas de alfabetizaci\u00f3n y comprensi\u00f3n lectora, capacitaciones vinculadas con la ense\u00f1anza de las ciencias, formaci\u00f3n para el trabajo en contextos rurales, jornadas sobre biolog\u00eda, estrategias para la inclusi\u00f3n y actividades relacionadas con la prevenci\u00f3n de consumos problem\u00e1ticos y del suicidio. Tambi\u00e9n se desarrollar\u00e1n propuestas sobre programaci\u00f3n con Scratch, innovaci\u00f3n pedag\u00f3gica e inteligencia artificial.<\/p>\n\n\n\n<p>La agenda re\u00fane adem\u00e1s a distintos actores del sistema educativo. Participan la FDCI y sus \u00e1reas de trabajo, la Direcci\u00f3n de Educaci\u00f3n Superior No Universitaria, el CIIDEPT, direcciones de nivel y modalidad y otras instituciones que desarrollan propuestas en articulaci\u00f3n con el Ministerio de Educaci\u00f3n, entre ellas la Universidad Nacional de Tucum\u00e1n, el Banco Central de la Rep\u00fablica Argentina, SEDRONAR, la Fundaci\u00f3n Bunge y Born, municipios y otras organizaciones e instituciones.<\/p>\n\n\n\n<p>Durante septiembre se ampliar\u00e1n tambi\u00e9n las posibilidades de participaci\u00f3n. Los docentes podr\u00e1n realizar <strong>hasta tres capacitaciones en simult\u00e1neo<\/strong>, frente a las dos propuestas que habitualmente pueden cursarse. La medida busca facilitar el acceso a una agenda especialmente amplia y permitir que cada docente pueda participar en diferentes instancias de formaci\u00f3n de acuerdo con sus intereses y necesidades profesionales.<\/p>\n\n\n\n<p>Las modalidades de inscripci\u00f3n depender\u00e1n de cada propuesta. En los casos habilitados dentro del sistema provincial, los docentes podr\u00e1n consultar e inscribirse a trav\u00e9s de la plataforma de <a href=\"https:\/\/capacitaciondocente.educaciontuc.gov.ar\/?utm_source=chatgpt.com\">Capacitaci\u00f3n Docente<\/a>. Las dem\u00e1s actividades informar\u00e1n oportunamente los mecanismos de incorporaci\u00f3n definidos por los equipos o instituciones responsables de cada trayecto.<\/p>\n\n\n\n<p>Con propuestas distribuidas a lo largo de todo el mes, septiembre concentra una agenda diversa de oportunidades de formaci\u00f3n y actualizaci\u00f3n. La recomendaci\u00f3n para los docentes es consultar las convocatorias espec\u00edficas, ya que cada curso, taller, ateneo, jornada o trayecto cuenta con sus propios destinatarios, modalidades y requisitos de inscripci\u00f3n.<\/p>\n","protected":false},"excerpt":{"rendered":"<p>La Direcci\u00f3n de Educaci\u00f3n Superior No Universitaria del Ministerio de Educaci\u00f3n de Tucum\u00e1n, a trav\u00e9s de la Subdirecci\u00f3n de Formaci\u00f3n Docente Continua e Investigaci\u00f3n (FDCI), impulsa durante septiembre una agenda que re\u00fane m\u00e1s de 30 propuestas formativas destinadas a docentes de los distintos niveles y modalidades del sistema educativo provincial. Cursos, talleres, ateneos did\u00e1cticos, jornadas, &#8230; <a title=\"M\u00e1s de 30 propuestas para formarse: conoc\u00e9 la agenda de septiembre\" class=\"read-more\" href=\"https:\/\/des-tuc.infd.edu.ar\/sitio\/mas-de-30-propuestas-para-formarse-conoce-la-agenda-de-septiembre\/\" aria-label=\"More on M\u00e1s de 30 propuestas para formarse: conoc\u00e9 la agenda de septiembre\">[+]<\/a><\/p>\n","protected":false},"author":536,"featured_media":13085,"comment_status":"closed","ping_status":"closed","sticky":false,"template":"","format":"standard","meta":[],"categories":[1],"tags":[],"acf":[],"_links":{"self":[{"href":"https:\/\/des-tuc.infd.edu.ar\/sitio\/wp-json\/wp\/v2\/posts\/13066"}],"collection":[{"href":"https:\/\/des-tuc.infd.edu.ar\/sitio\/wp-json\/wp\/v2\/posts"}],"about":[{"href":"https:\/\/des-tuc.infd.edu.ar\/sitio\/wp-json\/wp\/v2\/types\/post"}],"author":[{"embeddable":true,"href":"https:\/\/des-tuc.infd.edu.ar\/sitio\/wp-json\/wp\/v2\/users\/536"}],"replies":[{"embeddable":true,"href":"https:\/\/des-tuc.infd.edu.ar\/sitio\/wp-json\/wp\/v2\/comments?post=13066"}],"version-history":[{"count":4,"href":"https:\/\/des-tuc.infd.edu.ar\/sitio\/wp-json\/wp\/v2\/posts\/13066\/revisions"}],"predecessor-version":[{"id":13084,"href":"https:\/\/des-tuc.infd.edu.ar\/sitio\/wp-json\/wp\/v2\/posts\/13066\/revisions\/13084"}],"wp:featuredmedia":[{"embeddable":true,"href":"https:\/\/des-tuc.infd.edu.ar\/sitio\/wp-json\/wp\/v2\/media\/13085"}],"wp:attachment":[{"href":"https:\/\/des-tuc.infd.edu.ar\/sitio\/wp-json\/wp\/v2\/media?parent=13066"}],"wp:term":[{"taxonomy":"category","embeddable":true,"href":"https:\/\/des-tuc.infd.edu.ar\/sitio\/wp-json\/wp\/v2\/categories?post=13066"},{"taxonomy":"post_tag","embeddable":true,"href":"https:\/\/des-tuc.infd.edu.ar\/sitio\/wp-json\/wp\/v2\/tags?post=13066"}],"curies":[{"name":"wp","href":"https:\/\/api.w.org\/{rel}","templated":true}]}}