{"id":1279,"date":"2017-08-11T00:00:00","date_gmt":"2017-08-11T00:00:00","guid":{"rendered":"https:\/\/des-tuc.infd.edu.ar\/sitio\/feria-de-ciencias-de-educacion-superior-2017\/"},"modified":"2017-08-11T00:00:00","modified_gmt":"2017-08-11T00:00:00","slug":"feria-de-ciencias-de-educacion-superior-2017","status":"publish","type":"post","link":"https:\/\/des-tuc.infd.edu.ar\/sitio\/feria-de-ciencias-de-educacion-superior-2017\/","title":{"rendered":"Feria de Ciencias de Educaci\u00f3n Superior 2017"},"content":{"rendered":"<p class=\"sitio_noticia_volanta\" >\n<h3>Feria de Ciencias de Educaci\u00f3n Superior 2017<\/h3>\n<p class=\"sitio_noticia_copete\" >Feria Provincial de Innovaci\u00f3n Educativa. Artes, Ciencias, Tecnolog\u00eda y Deportes en la Escuela<\/p>\n<hr class=\"sitio_noticia_contenido\" \/>\n<p >\n<div><span><img decoding=\"async\" title=\"Feria de Ciencias 2017 -\" src=\"https:\/\/des-tuc.infd.edu.ar\/sitio\/wp-content\/uploads\/2018\/08\/Feria_de_Ciencias_Superior_2017.jpg\" border=\"0\" alt=\"Feria de Ciencias 2017 -\"><\/span><\/p>\n<div style=\"text-align: justify;\"><span style=\"font-size: 10pt;\">La Direcci&oacute;n de Educaci&oacute;n Superior y Art&iacute;stica, en articulaci&oacute;n con la Comisi&oacute;n de Actividades Cient&iacute;ficas y Tecnol&oacute;gicas, informa&nbsp;<strong>el cronograma<\/strong>&nbsp;de las&nbsp;<strong>Instancias de Feria de Ciencias de Educaci&oacute;n Superior &#8211; Edici&oacute;n 2017.<\/strong><\/span><\/div>\n<div>\n<p style=\"text-align: justify;\"><span style=\"font-size: 10pt;\">En la oportunidad deber&aacute;n presentarse los estudiantes expositores (2 como M&aacute;ximo) y el docente asesor con la documentaci&oacute;n correspondiente:<\/span><\/p>\n<ul style=\"text-align: justify;\">\n<li><span style=\"font-size: 10pt;\">Informe de trabajo<\/span><\/li>\n<li><span style=\"font-size: 10pt;\">Registro pedag&oacute;gico<\/span><\/li>\n<li><span style=\"font-size: 10pt;\">Carpeta de campo<\/span><\/li>\n<li><span style=\"font-size: 10pt;\">Unidad Did&aacute;ctica (Formaci&oacute;n Docente)<\/span><\/li>\n<\/ul>\n<\/div>\n<div style=\"text-align: justify;\">\n<p><span style=\"font-size: 10pt;\">Recordamos que para la exhibici&oacute;n de los trabajos de Nivel Superior, se contempla su presentaci&oacute;n en forma oral utilizando para ello alg&uacute;n soporte audiovisual con la modalidad de &ldquo;presentaci&oacute;n acad&eacute;mica&rdquo;. Para ello, se definen dos espacios y momentos:<\/span><\/p>\n<ul>\n<li><span style=\"font-size: 10pt;\">Un sal&oacute;n para comunicaciones orales (&ldquo;Auditorio de la Educaci&oacute;n Superior&rdquo;)<\/span><\/li>\n<li><span style=\"font-size: 10pt;\">Un espacio para exposici&oacute;n de p&oacute;sters (&ldquo;Galer&iacute;a&rdquo;)<\/span><\/li>\n<\/ul>\n<\/div>\n<div style=\"text-align: justify;\"><span style=\"font-size: 13.3333px;\">Los estudiantes contar&aacute;n con&nbsp;<\/span><strong style=\"font-size: 13.3333px;\">10 minutos<\/strong><span style=\"font-size: 13.3333px;\">&nbsp;para la exposici&oacute;n del proyecto.<\/span><\/div>\n<div style=\"text-align: justify;\">\n<ul>\n<li><span style=\"font-size: 10pt;\">Se adjunta un archivo con <a style=\"font-size: 10pt;\" title=\"Power Feria de Ciencias 2017\" href=\"upload\/Power_Reunion_Feria_de_Ciencias_-_Superior_Mayo_2017.pptx\" target=\"_blank\">material de consulta.<\/a><\/span><\/li>\n<\/ul>\n<p><strong><span style=\"font-size: 10pt;\">Documentos Nacionales Feria de Innovaci&oacute;n Educativa 2017<\/span><\/strong><\/p>\n<p><span style=\"font-size: 10pt;\">En cada link encontrar&aacute;n los documentos nacionales completos que corresponden a la Edici&oacute;n 2017 de la Feria de Innovaci&oacute;n Educativa<\/span><\/p>\n<div class=\"entry-content\">\n<p><span style=\"font-size: 10pt;\"><a href=\"http:\/\/feriadeciencias.aulasdigitalestdf.org\/files\/2017\/06\/D1-Rasgos-y-bases-FNIE.pdf\">D1-Rasgos y bases FNIE<\/a><\/span><\/p>\n<p><span style=\"font-size: 10pt;\"><a href=\"http:\/\/feriadeciencias.aulasdigitalestdf.org\/files\/2017\/06\/D2-Niveles-FNIE.pdf\">D2-Niveles FNIE<\/a><\/span><\/p>\n<p><span style=\"font-size: 10pt;\"><a href=\"http:\/\/feriadeciencias.aulasdigitalestdf.org\/files\/2017\/06\/D3-Modalidades-.pdf\">D3-Modalidades<\/a><\/span><\/p>\n<p><span style=\"font-size: 10pt;\"><a href=\"http:\/\/feriadeciencias.aulasdigitalestdf.org\/files\/2017\/06\/D4-Sobre-la-Valoraci%C3%B3n-de-los-trabajos-en-la-FNIE.pdf\">D4 &ndash; Sobre la Valoraci&oacute;n de los trabajos en la FNIE<\/a><\/span><\/p>\n<\/div>\n<\/div>\n<div style=\"text-align: justify;\"><span style=\"font-size: 10pt;\">.<\/span><\/div>\n<div style=\"text-align: justify;\">\n<div class=\"Resaltado1\" style=\"text-align: center;\"><span style=\"color: #888888;\">.<\/span><\/div>\n<div class=\"Resaltado1\" style=\"text-align: center;\"><a href=\"https:\/\/docs.google.com\/forms\/d\/e\/1FAIpQLSdFTEDck5g3SYG3doxolZLsP5XZ_N0XbfDBKK2-3EMrNUZH1g\/viewform?usp=sf_link\" target=\"_blank\">Formulario de Inscripci&oacute;n de Feria de Ciencias &#8211;<\/a>&nbsp;2017<\/div>\n<div class=\"Resaltado1\"><a href=\"https:\/\/docs.google.com\/forms\/d\/e\/1FAIpQLSdFTEDck5g3SYG3doxolZLsP5XZ_N0XbfDBKK2-3EMrNUZH1g\/viewform?usp=sf_link\" target=\"_blank\">&nbsp;<\/a><\/div>\n<\/div>\n<\/div>\n","protected":false},"excerpt":{"rendered":"<p>Feria de Ciencias de Educaci\u00f3n Superior 2017 Feria Provincial de Innovaci\u00f3n Educativa. Artes, Ciencias, Tecnolog\u00eda y Deportes en la Escuela La Direcci&oacute;n de Educaci&oacute;n Superior y Art&iacute;stica, en articulaci&oacute;n con la Comisi&oacute;n de Actividades Cient&iacute;ficas y Tecnol&oacute;gicas, informa&nbsp;el cronograma&nbsp;de las&nbsp;Instancias de Feria de Ciencias de Educaci&oacute;n Superior &#8211; Edici&oacute;n 2017. En la oportunidad deber&aacute;n presentarse &#8230; <a title=\"Feria de Ciencias de Educaci\u00f3n Superior 2017\" class=\"read-more\" href=\"https:\/\/des-tuc.infd.edu.ar\/sitio\/feria-de-ciencias-de-educacion-superior-2017\/\" aria-label=\"More on Feria de Ciencias de Educaci\u00f3n Superior 2017\">[+]<\/a><\/p>\n","protected":false},"author":275,"featured_media":0,"comment_status":"open","ping_status":"open","sticky":false,"template":"","format":"standard","meta":[],"categories":[7,6],"tags":[],"acf":[],"_links":{"self":[{"href":"https:\/\/des-tuc.infd.edu.ar\/sitio\/wp-json\/wp\/v2\/posts\/1279"}],"collection":[{"href":"https:\/\/des-tuc.infd.edu.ar\/sitio\/wp-json\/wp\/v2\/posts"}],"about":[{"href":"https:\/\/des-tuc.infd.edu.ar\/sitio\/wp-json\/wp\/v2\/types\/post"}],"author":[{"embeddable":true,"href":"https:\/\/des-tuc.infd.edu.ar\/sitio\/wp-json\/wp\/v2\/users\/275"}],"replies":[{"embeddable":true,"href":"https:\/\/des-tuc.infd.edu.ar\/sitio\/wp-json\/wp\/v2\/comments?post=1279"}],"version-history":[{"count":0,"href":"https:\/\/des-tuc.infd.edu.ar\/sitio\/wp-json\/wp\/v2\/posts\/1279\/revisions"}],"wp:attachment":[{"href":"https:\/\/des-tuc.infd.edu.ar\/sitio\/wp-json\/wp\/v2\/media?parent=1279"}],"wp:term":[{"taxonomy":"category","embeddable":true,"href":"https:\/\/des-tuc.infd.edu.ar\/sitio\/wp-json\/wp\/v2\/categories?post=1279"},{"taxonomy":"post_tag","embeddable":true,"href":"https:\/\/des-tuc.infd.edu.ar\/sitio\/wp-json\/wp\/v2\/tags?post=1279"}],"curies":[{"name":"wp","href":"https:\/\/api.w.org\/{rel}","templated":true}]}}