{"id":12153,"date":"2025-09-01T14:54:25","date_gmt":"2025-09-01T17:54:25","guid":{"rendered":"https:\/\/des-tuc.infd.edu.ar\/sitio\/?p=12153"},"modified":"2025-09-02T12:26:07","modified_gmt":"2025-09-02T15:26:07","slug":"actualizacion-academica-en-innovacion-educativa-datos-y-requisitos-a-tener-en-cuenta","status":"publish","type":"post","link":"https:\/\/des-tuc.infd.edu.ar\/sitio\/actualizacion-academica-en-innovacion-educativa-datos-y-requisitos-a-tener-en-cuenta\/","title":{"rendered":"Actualizaci\u00f3n Acad\u00e9mica en Innovaci\u00f3n Educativa: datos y requisitos a tener en cuenta"},"content":{"rendered":"\n<p>Desde el <strong>Ministerio de Educaci\u00f3n de la Provincia de Tucum\u00e1n<\/strong>, a trav\u00e9s de la <strong>Direcci\u00f3n de Educaci\u00f3n Superior No Universitaria<\/strong> y la <strong>Subdirecci\u00f3n de Formaci\u00f3n Docente (FDCI)<\/strong> se dise\u00f1an, desarrollan e implementan diversos trayectos formativos para el desarrollo profesional docente, destinados a la comunidad educativa en todos sus niveles y modalidades.<\/p>\n\n\n\n<p> Los mismos se enmarcan dentro de los diversos programas y l\u00edneas de pol\u00edticas educativas nacionales y jurisdiccionales, que se llevan a cabo en consonancia con los lineamientos y objetivos establecidos por la Ley de Educaci\u00f3n Nacional N\u00b0 26.206 y Ley de Educaci\u00f3n Provincial N\u00b0 8139, los acuerdos emanados por el Consejo Federal de Educaci\u00f3n, a saber, Res. del CFE 286\/16, Plan Nacional de Formaci\u00f3n docente 2016-2021, Res. CFE N\u00b0 346\/18 Acuerdo Marco de Educaci\u00f3n a Distancia y los lineamientos educativos propuestos por el Ministerio de Educaci\u00f3n de Tucum\u00e1n en la Resoluci\u00f3n Ministerial 435\/ (Med).<\/p>\n\n\n\n<p> El presente trayecto formativo: <strong>Actualizaci\u00f3n Acad\u00e9mica en educaci\u00f3n a Distancia e Innovaci\u00f3n Educativa<\/strong>, se dise\u00f1a y se implementa a trav\u00e9s de la Direcci\u00f3n de Educaci\u00f3n Superior No Universitaria en articulaci\u00f3n con el Instituto Superior de Educaci\u00f3n Tecnol\u00f3gica con la firme convicci\u00f3n de dar respuestas a las demandas de formaci\u00f3n continua, generando espacios de construcci\u00f3n colectiva, reflexionando acerca del proceso educativo y las transformaciones que la sociedad actual exige. Es por ello que nos proponemos:  <\/p>\n\n\n\n<p>\u2022 Actualizar y profundizar la formaci\u00f3n de los docentes, acorde a los nuevos escenarios y paradigmas vigentes.  <\/p>\n\n\n\n<p>\u2022 Fortalecer el desarrollo de las pol\u00edticas educativas establecidas por el Ministerio de Educaci\u00f3n de la Naci\u00f3n y de la Provincia de Tucum\u00e1n, para la Opci\u00f3n Pedag\u00f3gica de Educaci\u00f3n a Distancia. <\/p>\n\n\n\n<p>\u2022 Promover la producci\u00f3n de nuevos saberes, a fin de fortalecer las instancias de formulaci\u00f3n de nuevos proyectos que involucren a la Opci\u00f3n Pedag\u00f3gica de Educaci\u00f3n a Distancia. <\/p>\n\n\n\n<p> \u2022 Promover la reflexi\u00f3n de los docentes participantes, compartir experiencias y generar un ambiente de cooperaci\u00f3n entre colegas, que fomente el aprendizaje colaborativo y en equipo. <\/p>\n\n\n\n<h2 class=\"wp-block-heading\">Datos de inter\u00e9s: leer con atenci\u00f3n <\/h2>\n\n\n\n<p><\/p>\n\n\n\n<p>Destinatarios: Supervisores, directivos, docentes, asesores pedag\u00f3gicos de todos los niveles y todas las modalidades y todos los roles del sistema educativo.<\/p>\n\n\n\n<p>Podr\u00e1n ser:<\/p>\n\n\n\n<ul>\n<li>Egresados de las carreras de Formaci\u00f3n Docente de Educaci\u00f3n Superior Universitaria y no universitaria<\/li>\n\n\n\n<li>Egresados de las carreras de Educaci\u00f3n Superior Universitaria y no universitaria<\/li>\n<\/ul>\n\n\n\n<ul>\n<li>Requisito excluyente:<\/li>\n\n\n\n<li>Los docentes deber\u00e1n contar con conocimiento y experiencia en el manejo de herramientas TIC.<\/li>\n\n\n\n<li>No haber realizado la Primera cohorte de Actualizaci\u00f3n Acad\u00e9mica en Educaci\u00f3n de la Direcci\u00f3n de Innovaci\u00f3n Educativa.<\/li>\n<\/ul>\n\n\n\n<p>Una vez inscripto por este medio se le enviar\u00e1 un mail explicativo sobre la siguiente documentaci\u00f3n a presentar que le permitir\u00e1 CONFIRMAR la inscripci\u00f3n: <\/p>\n\n\n\n<p>Documentaci\u00f3n a presentar:<br>La documentaci\u00f3n deber\u00e1 ser presentada en formato papel (podr\u00e1 ser en un folio) en la sede de FDCI.<\/p>\n\n\n\n<ul>\n<li>Copia del DNI<\/li>\n\n\n\n<li>Copia del T\u00edtulo o Constancia en tr\u00e1mite de Educaci\u00f3n Superior Universitaria o no universitaria registrada y emitida por el Ministerio de Educaci\u00f3n de la Provincia<\/li>\n\n\n\n<li>Prove\u00eddo (Diploma o Certificado Anal\u00edtico seg\u00fan corresponda)<\/li>\n\n\n\n<li>Copia de constancia de certificaci\u00f3n de servicio (en el caso de aquellos profesionales con otros t\u00edtulos habilitantes pero que est\u00e9n en ejercicio de la docencia o aquella que figure en SIME) <\/li>\n<\/ul>\n\n\n\n<hr class=\"wp-block-separator has-alpha-channel-opacity\"\/>\n\n\n\n<p><\/p>\n\n\n\n<p><\/p>\n\n\n\n<p><\/p>\n\n\n\n<p><\/p>\n","protected":false},"excerpt":{"rendered":"<p>Desde el Ministerio de Educaci\u00f3n de la Provincia de Tucum\u00e1n, a trav\u00e9s de la Direcci\u00f3n de Educaci\u00f3n Superior No Universitaria y la Subdirecci\u00f3n de Formaci\u00f3n Docente (FDCI) se dise\u00f1an, desarrollan e implementan diversos trayectos formativos para el desarrollo profesional docente, destinados a la comunidad educativa en todos sus niveles y modalidades. Los mismos se enmarcan &#8230; <a title=\"Actualizaci\u00f3n Acad\u00e9mica en Innovaci\u00f3n Educativa: datos y requisitos a tener en cuenta\" class=\"read-more\" href=\"https:\/\/des-tuc.infd.edu.ar\/sitio\/actualizacion-academica-en-innovacion-educativa-datos-y-requisitos-a-tener-en-cuenta\/\" aria-label=\"More on Actualizaci\u00f3n Acad\u00e9mica en Innovaci\u00f3n Educativa: datos y requisitos a tener en cuenta\">[+]<\/a><\/p>\n","protected":false},"author":536,"featured_media":12159,"comment_status":"closed","ping_status":"open","sticky":false,"template":"","format":"standard","meta":[],"categories":[349],"tags":[65],"acf":[],"_links":{"self":[{"href":"https:\/\/des-tuc.infd.edu.ar\/sitio\/wp-json\/wp\/v2\/posts\/12153"}],"collection":[{"href":"https:\/\/des-tuc.infd.edu.ar\/sitio\/wp-json\/wp\/v2\/posts"}],"about":[{"href":"https:\/\/des-tuc.infd.edu.ar\/sitio\/wp-json\/wp\/v2\/types\/post"}],"author":[{"embeddable":true,"href":"https:\/\/des-tuc.infd.edu.ar\/sitio\/wp-json\/wp\/v2\/users\/536"}],"replies":[{"embeddable":true,"href":"https:\/\/des-tuc.infd.edu.ar\/sitio\/wp-json\/wp\/v2\/comments?post=12153"}],"version-history":[{"count":11,"href":"https:\/\/des-tuc.infd.edu.ar\/sitio\/wp-json\/wp\/v2\/posts\/12153\/revisions"}],"predecessor-version":[{"id":12170,"href":"https:\/\/des-tuc.infd.edu.ar\/sitio\/wp-json\/wp\/v2\/posts\/12153\/revisions\/12170"}],"wp:featuredmedia":[{"embeddable":true,"href":"https:\/\/des-tuc.infd.edu.ar\/sitio\/wp-json\/wp\/v2\/media\/12159"}],"wp:attachment":[{"href":"https:\/\/des-tuc.infd.edu.ar\/sitio\/wp-json\/wp\/v2\/media?parent=12153"}],"wp:term":[{"taxonomy":"category","embeddable":true,"href":"https:\/\/des-tuc.infd.edu.ar\/sitio\/wp-json\/wp\/v2\/categories?post=12153"},{"taxonomy":"post_tag","embeddable":true,"href":"https:\/\/des-tuc.infd.edu.ar\/sitio\/wp-json\/wp\/v2\/tags?post=12153"}],"curies":[{"name":"wp","href":"https:\/\/api.w.org\/{rel}","templated":true}]}}