{"id":12143,"date":"2025-09-01T09:00:19","date_gmt":"2025-09-01T12:00:19","guid":{"rendered":"https:\/\/des-tuc.infd.edu.ar\/sitio\/?p=12143"},"modified":"2025-09-01T09:14:29","modified_gmt":"2025-09-01T12:14:29","slug":"semana-de-la-educacion-superior-2025-rupturas-y-continuidades-en-la-formacion-del-nivel-en-tucuman","status":"publish","type":"post","link":"https:\/\/des-tuc.infd.edu.ar\/sitio\/semana-de-la-educacion-superior-2025-rupturas-y-continuidades-en-la-formacion-del-nivel-en-tucuman\/","title":{"rendered":"Semana de la Educaci\u00f3n Superior 2025: rupturas y continuidades en la formaci\u00f3n del nivel en Tucum\u00e1n"},"content":{"rendered":"\n<p>Del 1 al 5 de septiembre, la <strong>Direcci\u00f3n de Educaci\u00f3n Superior No Universitaria <\/strong>lleva adelante la <strong>Semana de la Educaci\u00f3n Superior 2025<\/strong>, bajo el lema \u201c<em>Rupturas y continuidades en la formaci\u00f3n superior<\/em>\u201d. Esta iniciativa propone una agenda diversa y descentralizada, con actividades en sedes de toda la provincia, orientadas a fortalecer el v\u00ednculo entre estudiantes, docentes, instituciones y comunidad de todos los niveles y modalidad educativas.<\/p>\n\n\n\n<p>Hoy 1 de septiembre, la jornada inaugural se desarrolla en el CIDEPT, con una programaci\u00f3n que combina formaci\u00f3n acad\u00e9mica, expresi\u00f3n art\u00edstica y reflexi\u00f3n pedag\u00f3gica. Desde las 8:00, se ofrece la capacitaci\u00f3n con puntaje \u201c<em>Inteligencia artificial generativa en educaci\u00f3n: una oportunidad para repensar la ense\u00f1anza<\/em>\u201d, dirigida a docentes de todos los niveles. A las 9:00, se realiza el acto de apertura, con la participaci\u00f3n de la m\u00fasicas y la danza a cargo de la Modalidad Art\u00edstica.<\/p>\n\n\n\n<p>Por la tarde, se desarrollan dos charlas simult\u00e1neas: una dirigida a estudiantes del \u00faltimo a\u00f1o del nivel secundario. Un momento crucial en la trayectoria formativa de j\u00f3venes tucumanos en la elecci\u00f3n de su carrera profesional. En este sentido la Direcci\u00f3n de Educaci\u00f3n Superior No Universitaria propone este a\u00f1o charlas-talleres para \u00e9ste grupo etario, para que conozca la aplicaci\u00f3n <strong>Oferta Acad\u00e9mica<\/strong> que le ofrece el sistema educativo en Tucum\u00e1n, tanto en gesti\u00f3n p\u00fablica como privada.<\/p>\n\n\n\n<p>La primera jornada tambi\u00e9n suma, en articulaci\u00f3n con el \u00e1rea de salud de la provincia, una charla a cargo del SIPROSA sobre \u201c<em>Salud Integral en la adolescencia<\/em>\u201d, que articula saberes educativos y sanitarios.<\/p>\n\n\n\n<p>Adem\u00e1s, en el marco de la Semana de la Educaci\u00f3n Superior, se dar\u00e1 el <strong>N\u00b01 Encuentro de Estudiantes de Pr\u00e1cticas de Formaci\u00f3n Docente<\/strong>, espacio clave para compartir experiencias, desaf\u00edos y sentidos de la formaci\u00f3n profesional, en el proceso de ense\u00f1anza y aprendizaje con todos los cambios, tecnol\u00f3gicos y pedag\u00f3gicos que demanda la sociedad tucumana.<\/p>\n\n\n\n<h2 class=\"wp-block-heading\">Propuestas para todos los niveles<\/h2>\n\n\n\n<p>La Semana continuar\u00e1 hasta el 5 de septiembre con charlas, talleres y encuentros en distintas sedes con puntaje docente, incluyendo la participaci\u00f3n de la reconocida investigadora <strong>Mariana Maggio<\/strong> y equipos de profesorados de toda la provincia. La propuesta se enmarca en una pol\u00edtica educativa que reconoce a la formaci\u00f3n superior como eje estrat\u00e9gico para el desarrollo territorial, la inclusi\u00f3n y la innovaci\u00f3n.<\/p>\n\n\n\n<p>Para conocer la agenda completa ingres\u00e1 a: <a href=\"https:\/\/semanadelaeducacionsuperior.my.canva.site\/ses2025\" data-type=\"URL\" data-id=\"https:\/\/semanadelaeducacionsuperior.my.canva.site\/ses2025\">Semana de la Educaci\u00f3n  Superior<\/a> <\/p>\n","protected":false},"excerpt":{"rendered":"<p>Del 1 al 5 de septiembre, la Direcci\u00f3n de Educaci\u00f3n Superior No Universitaria lleva adelante la Semana de la Educaci\u00f3n Superior 2025, bajo el lema \u201cRupturas y continuidades en la formaci\u00f3n superior\u201d. Esta iniciativa propone una agenda diversa y descentralizada, con actividades en sedes de toda la provincia, orientadas a fortalecer el v\u00ednculo entre estudiantes, &#8230; <a title=\"Semana de la Educaci\u00f3n Superior 2025: rupturas y continuidades en la formaci\u00f3n del nivel en Tucum\u00e1n\" class=\"read-more\" href=\"https:\/\/des-tuc.infd.edu.ar\/sitio\/semana-de-la-educacion-superior-2025-rupturas-y-continuidades-en-la-formacion-del-nivel-en-tucuman\/\" aria-label=\"More on Semana de la Educaci\u00f3n Superior 2025: rupturas y continuidades en la formaci\u00f3n del nivel en Tucum\u00e1n\">[+]<\/a><\/p>\n","protected":false},"author":536,"featured_media":12145,"comment_status":"open","ping_status":"open","sticky":false,"template":"","format":"standard","meta":[],"categories":[349,350],"tags":[170],"acf":[],"_links":{"self":[{"href":"https:\/\/des-tuc.infd.edu.ar\/sitio\/wp-json\/wp\/v2\/posts\/12143"}],"collection":[{"href":"https:\/\/des-tuc.infd.edu.ar\/sitio\/wp-json\/wp\/v2\/posts"}],"about":[{"href":"https:\/\/des-tuc.infd.edu.ar\/sitio\/wp-json\/wp\/v2\/types\/post"}],"author":[{"embeddable":true,"href":"https:\/\/des-tuc.infd.edu.ar\/sitio\/wp-json\/wp\/v2\/users\/536"}],"replies":[{"embeddable":true,"href":"https:\/\/des-tuc.infd.edu.ar\/sitio\/wp-json\/wp\/v2\/comments?post=12143"}],"version-history":[{"count":4,"href":"https:\/\/des-tuc.infd.edu.ar\/sitio\/wp-json\/wp\/v2\/posts\/12143\/revisions"}],"predecessor-version":[{"id":12152,"href":"https:\/\/des-tuc.infd.edu.ar\/sitio\/wp-json\/wp\/v2\/posts\/12143\/revisions\/12152"}],"wp:featuredmedia":[{"embeddable":true,"href":"https:\/\/des-tuc.infd.edu.ar\/sitio\/wp-json\/wp\/v2\/media\/12145"}],"wp:attachment":[{"href":"https:\/\/des-tuc.infd.edu.ar\/sitio\/wp-json\/wp\/v2\/media?parent=12143"}],"wp:term":[{"taxonomy":"category","embeddable":true,"href":"https:\/\/des-tuc.infd.edu.ar\/sitio\/wp-json\/wp\/v2\/categories?post=12143"},{"taxonomy":"post_tag","embeddable":true,"href":"https:\/\/des-tuc.infd.edu.ar\/sitio\/wp-json\/wp\/v2\/tags?post=12143"}],"curies":[{"name":"wp","href":"https:\/\/api.w.org\/{rel}","templated":true}]}}