{"id":12133,"date":"2025-08-19T11:17:17","date_gmt":"2025-08-19T14:17:17","guid":{"rendered":"https:\/\/des-tuc.infd.edu.ar\/sitio\/?p=12133"},"modified":"2025-08-19T11:23:53","modified_gmt":"2025-08-19T14:23:53","slug":"inscribite-en-becas-progresar-para-nivel-superior","status":"publish","type":"post","link":"https:\/\/des-tuc.infd.edu.ar\/sitio\/inscribite-en-becas-progresar-para-nivel-superior\/","title":{"rendered":"Inscribite en Becas Progresar para Nivel Superior"},"content":{"rendered":"\n<p><em>Si sos estudiante de nivel superior (carrera universitaria, no universitaria o Enfermer\u00eda) y quer\u00e9s acceder a esta beca, te guiamos para que puedas tramitarla.<\/em><\/p>\n\n\n\n<p>La <strong>Segunda Convocatoria comienza el 18 de agosto y se extender\u00e1 hasta el 5 de septiembre, en Educacion Superior.<\/strong><\/p>\n\n\n\n<p>Si te inscribiste en la <strong>Primera Convocatoria<\/strong>, vas a cobrar durante todo el a\u00f1o (12 cuotas mensuales) Si te inscribiste en la Segunda Convocatoria, vas a cobrar la mitad de este periodo (6 cuotas mensuales). Siempre y cuando cumplan con la totalidad de las condicionalidades exigidas<\/p>\n\n\n\n<p>Cobr\u00e1s el 80 % mensualmente y el 20 % restante si la instituci\u00f3n acredita que fuiste alumno regular y cumpl\u00eds con las condicionalidades de la l\u00ednea. Consult\u00e1 el reglamento <a href=\"https:\/\/www.argentina.gob.ar\/sites\/default\/files\/2023\/10\/anexo_7332935_2.pdf\">ac\u00e1<\/a><\/p>\n\n\n\n<p>El dinero se te deposita en una cuenta bancaria o billetera virtual a tu nombre.<\/p>\n\n\n\n<h2 class=\"wp-block-heading\" id=\"aquien\">\u00bfA qui\u00e9n est\u00e1 dirigido?<\/h2>\n\n\n\n<p>A estudiantes de carreras universitarias, de formaci\u00f3n superior no universitaria y de Enfermer\u00eda.<\/p>\n\n\n\n<h2 class=\"wp-block-heading\" id=\"quenecesito\">\u00bfQu\u00e9 necesito?<\/h2>\n\n\n\n<p>Cumplir con los requisitos de edad y acad\u00e9micos.<\/p>\n\n\n\n<p>Tus ingresos y los de tu grupo familiar no deber\u00e1n ser superiores a 3 Salarios M\u00ednimos, Vitales y M\u00f3viles (SMVN).<\/p>\n\n\n\n<p>Si sos ingresante, deb\u00e9s acreditar regularidad. Si est\u00e1s avanzado en la carrera, ten\u00e9s que acreditar regularidad y tener al menos el 50% de las materias aprobadas conforme al plan de estudio y a\u00f1o.<\/p>\n\n\n\n<h2 class=\"wp-block-heading\">Guard\u00e1 \u00e9sta info<\/h2>\n\n\n\n<figure class=\"wp-block-image size-full\"><img decoding=\"async\" loading=\"lazy\" width=\"1306\" height=\"1616\" src=\"https:\/\/des-tuc.infd.edu.ar\/sitio\/wp-content\/uploads\/2025\/08\/534257531_1188779739957336_883090258404276540_n.jpg\" alt=\"\" class=\"wp-image-12135\" srcset=\"https:\/\/des-tuc.infd.edu.ar\/sitio\/wp-content\/uploads\/2025\/08\/534257531_1188779739957336_883090258404276540_n.jpg 1306w, https:\/\/des-tuc.infd.edu.ar\/sitio\/wp-content\/uploads\/2025\/08\/534257531_1188779739957336_883090258404276540_n-808x1000.jpg 808w, https:\/\/des-tuc.infd.edu.ar\/sitio\/wp-content\/uploads\/2025\/08\/534257531_1188779739957336_883090258404276540_n-768x950.jpg 768w, https:\/\/des-tuc.infd.edu.ar\/sitio\/wp-content\/uploads\/2025\/08\/534257531_1188779739957336_883090258404276540_n-1241x1536.jpg 1241w\" sizes=\"(max-width: 1306px) 100vw, 1306px\" \/><\/figure>\n\n\n\n<figure class=\"wp-block-image size-full\"><img decoding=\"async\" loading=\"lazy\" width=\"1306\" height=\"1615\" src=\"https:\/\/des-tuc.infd.edu.ar\/sitio\/wp-content\/uploads\/2025\/08\/536011942_1188779803290663_4935471778939554090_n.jpg\" alt=\"\" class=\"wp-image-12136\" srcset=\"https:\/\/des-tuc.infd.edu.ar\/sitio\/wp-content\/uploads\/2025\/08\/536011942_1188779803290663_4935471778939554090_n.jpg 1306w, https:\/\/des-tuc.infd.edu.ar\/sitio\/wp-content\/uploads\/2025\/08\/536011942_1188779803290663_4935471778939554090_n-809x1000.jpg 809w, https:\/\/des-tuc.infd.edu.ar\/sitio\/wp-content\/uploads\/2025\/08\/536011942_1188779803290663_4935471778939554090_n-768x950.jpg 768w, https:\/\/des-tuc.infd.edu.ar\/sitio\/wp-content\/uploads\/2025\/08\/536011942_1188779803290663_4935471778939554090_n-1242x1536.jpg 1242w\" sizes=\"(max-width: 1306px) 100vw, 1306px\" \/><\/figure>\n\n\n\n<figure class=\"wp-block-image size-full\"><img decoding=\"async\" loading=\"lazy\" width=\"1306\" height=\"1615\" src=\"https:\/\/des-tuc.infd.edu.ar\/sitio\/wp-content\/uploads\/2025\/08\/1000349591.jpg\" alt=\"\" class=\"wp-image-12140\" srcset=\"https:\/\/des-tuc.infd.edu.ar\/sitio\/wp-content\/uploads\/2025\/08\/1000349591.jpg 1306w, https:\/\/des-tuc.infd.edu.ar\/sitio\/wp-content\/uploads\/2025\/08\/1000349591-809x1000.jpg 809w, https:\/\/des-tuc.infd.edu.ar\/sitio\/wp-content\/uploads\/2025\/08\/1000349591-768x950.jpg 768w, https:\/\/des-tuc.infd.edu.ar\/sitio\/wp-content\/uploads\/2025\/08\/1000349591-1242x1536.jpg 1242w\" sizes=\"(max-width: 1306px) 100vw, 1306px\" \/><\/figure>\n\n\n\n<h4 class=\"wp-block-heading\">Tipo de tr\u00e1mite<\/h4>\n\n\n\n<p>Personal<\/p>\n\n\n\n<h2 class=\"wp-block-heading\" id=\"como\">\u00bfC\u00f3mo hago?<\/h2>\n\n\n\n<p>Para poder aplicar a <a rel=\"noreferrer noopener\" href=\"https:\/\/www.argentina.gob.ar\/educacion\/progresar\" target=\"_blank\">Progresar<\/a>, deb\u00e9s estar registrado en Mi Argentina. M\u00e1s informaci\u00f3n e instrucciones en argentina.gob.ar\/miargentina<br>Luego comenz\u00e1 la inscripci\u00f3n a la beca, siguiendo estos pasos:<\/p>\n\n\n\n<p>1 Ingres\u00e1 en <a rel=\"noreferrer noopener\" href=\"https:\/\/www.argentina.gob.ar\/educacion\/progresar\" target=\"_blank\">argentina.gob.ar\/progresar<\/a><\/p>\n\n\n\n<p>2 Hac\u00e9 clic en el bot\u00f3n de la l\u00ednea a la que te quer\u00e9s inscribir de la secci\u00f3n Ingreso e inscripci\u00f3n por l\u00ednea de beca. Se te redireccionar\u00e1 al login de Mi Argentina.<\/p>\n\n\n\n<p>3 Ingres\u00e1 tu CUIL y contrase\u00f1a de Mi Argentina.<br>Al entrar, se autocompletar\u00e1n tus datos personales.<\/p>\n\n\n\n<p>4 espond\u00e9 la encuesta y complet\u00e1 tus datos acad\u00e9micos.<\/p>\n\n\n\n<p>5 Finalmente, envi\u00e1 el formulario.<br>La solicitud estar\u00e1 completa una vez que termines estos pasos y env\u00edes el formulario.<\/p>\n\n\n\n<p>6 Si sos una persona con discapacidad o refugiada y ten\u00e9s m\u00e1s de 24 a\u00f1os, adjunt\u00e1 la documentaci\u00f3n que lo avale: CUD o certificado oficial de CONARE.<br>Personas refugiadas: certificado oficial de la Comisi\u00f3n Nacional para los Refugiados (CONARE).<\/p>\n\n\n\n<h4 class=\"wp-block-heading\">Te recomendamos<\/h4>\n\n\n\n<p>La informaci\u00f3n que vas a proporcionar en ese formulario tiene car\u00e1cter de declaraci\u00f3n jurada. Ten\u00e9 en cuenta que si los datos son falsos, no podr\u00e1s acceder a la beca.<\/p>\n\n\n\n<h2 class=\"wp-block-heading\" id=\"costo\">\u00bfCu\u00e1l es el costo?<\/h2>\n\n\n\n<p><strong>Gratuito<\/strong><\/p>\n\n\n\n<h2 class=\"wp-block-heading\" id=\"complementaria\">Informaci\u00f3n complementaria<\/h2>\n\n\n\n<p>Para m\u00e1s informaci\u00f3n consult\u00e1 nuestras <a href=\"https:\/\/www.argentina.gob.ar\/educacion\/progresar\/preguntas-frecuentes-progresar\/educacion-superior-faq\" target=\"_blank\" rel=\"noreferrer noopener\">Preguntas frecuentes<\/a>.<\/p>\n","protected":false},"excerpt":{"rendered":"<p>Si sos estudiante de nivel superior (carrera universitaria, no universitaria o Enfermer\u00eda) y quer\u00e9s acceder a esta beca, te guiamos para que puedas tramitarla. La Segunda Convocatoria comienza el 18 de agosto y se extender\u00e1 hasta el 5 de septiembre, en Educacion Superior. Si te inscribiste en la Primera Convocatoria, vas a cobrar durante todo &#8230; <a title=\"Inscribite en Becas Progresar para Nivel Superior\" class=\"read-more\" href=\"https:\/\/des-tuc.infd.edu.ar\/sitio\/inscribite-en-becas-progresar-para-nivel-superior\/\" aria-label=\"More on Inscribite en Becas Progresar para Nivel Superior\">[+]<\/a><\/p>\n","protected":false},"author":536,"featured_media":11384,"comment_status":"closed","ping_status":"open","sticky":false,"template":"","format":"standard","meta":[],"categories":[344,8,6,346],"tags":[21],"acf":[],"_links":{"self":[{"href":"https:\/\/des-tuc.infd.edu.ar\/sitio\/wp-json\/wp\/v2\/posts\/12133"}],"collection":[{"href":"https:\/\/des-tuc.infd.edu.ar\/sitio\/wp-json\/wp\/v2\/posts"}],"about":[{"href":"https:\/\/des-tuc.infd.edu.ar\/sitio\/wp-json\/wp\/v2\/types\/post"}],"author":[{"embeddable":true,"href":"https:\/\/des-tuc.infd.edu.ar\/sitio\/wp-json\/wp\/v2\/users\/536"}],"replies":[{"embeddable":true,"href":"https:\/\/des-tuc.infd.edu.ar\/sitio\/wp-json\/wp\/v2\/comments?post=12133"}],"version-history":[{"count":3,"href":"https:\/\/des-tuc.infd.edu.ar\/sitio\/wp-json\/wp\/v2\/posts\/12133\/revisions"}],"predecessor-version":[{"id":12141,"href":"https:\/\/des-tuc.infd.edu.ar\/sitio\/wp-json\/wp\/v2\/posts\/12133\/revisions\/12141"}],"wp:featuredmedia":[{"embeddable":true,"href":"https:\/\/des-tuc.infd.edu.ar\/sitio\/wp-json\/wp\/v2\/media\/11384"}],"wp:attachment":[{"href":"https:\/\/des-tuc.infd.edu.ar\/sitio\/wp-json\/wp\/v2\/media?parent=12133"}],"wp:term":[{"taxonomy":"category","embeddable":true,"href":"https:\/\/des-tuc.infd.edu.ar\/sitio\/wp-json\/wp\/v2\/categories?post=12133"},{"taxonomy":"post_tag","embeddable":true,"href":"https:\/\/des-tuc.infd.edu.ar\/sitio\/wp-json\/wp\/v2\/tags?post=12133"}],"curies":[{"name":"wp","href":"https:\/\/api.w.org\/{rel}","templated":true}]}}