{"id":12124,"date":"2025-08-18T16:40:55","date_gmt":"2025-08-18T19:40:55","guid":{"rendered":"https:\/\/des-tuc.infd.edu.ar\/sitio\/?p=12124"},"modified":"2025-08-18T16:42:12","modified_gmt":"2025-08-18T19:42:12","slug":"estudiantes-del-ies-lola-mora-se-forman-con-una-master-de-francia","status":"publish","type":"post","link":"https:\/\/des-tuc.infd.edu.ar\/sitio\/estudiantes-del-ies-lola-mora-se-forman-con-una-master-de-francia\/","title":{"rendered":"Estudiantes del IES Lola Mora se forman con una m\u00e1ster de Francia"},"content":{"rendered":"\n<p><em>El IES Lola Mora da la bienvenida a la Asistente de Idioma Franc\u00e9s 2025<\/em><\/p>\n\n\n\n<p>El jueves 7 de agosto el <strong>Profesorado de Franc\u00e9s del IES Lola Mora<\/strong>, recibi\u00f3 a la Srta. <strong>Tania Sabour<\/strong>, becaria del <strong>Programa de Becas Franco Argentino<\/strong>, por el cual, j\u00f3venes estudiantes y profesionales franceses pueden trabajar como asistentes de idioma franc\u00e9s en instituciones de educaci\u00f3n superior y universidades.<\/p>\n\n\n\n<p>Procedente de Saint Etienne, Tania es Licenciada en Lenguas, Literaturas y Civilizaciones Extranjeras en Espa\u00f1ol y un M\u00e1ster en Estudios Hisp\u00e1nicos en la Universidad Jean Monnet, fue asistente de idioma franc\u00e9s en Espa\u00f1a y se encuentra en proceso de obtener la acreditaci\u00f3n para poder ense\u00f1ar espa\u00f1ol en establecimientos educativos secundarios en Francia.<\/p>\n\n\n\n<p>Tania es una de las seis asistentes que se encuentran distribuidas en distintas provincias argentinas y se desempe\u00f1ar\u00e1n trabajando de los docentes de franc\u00e9s de los profesorados para potenciar el desarrollo de las habilidades comunicativas de los estudiantes. Adem\u00e1s de trabajar en el IES Lola Mora, tania realizar\u00e1 visitas a escuelas secundarias e instituciones de nivel superior para realizar jornadas interculturales.<\/p>\n\n\n\n<p>En la tarde noche del jueves, Tania fue recibida por el equipo directivo, docentes y estudiantes del Profesorado de Franc\u00e9s con una presentaci\u00f3n sobre el Instituto IEs Lola Mora, su historia e importancia en el medio educativo en la provincia; a su vez, la asistente ofreci\u00f3 una exposici\u00f3n sobre su ciudad natal, sus experiencias como asistente de idioma, y sus expectativas para estos meses de intercambio. La jornada termin\u00f3 con juegos interactivos sobre los dos pa\u00edses, y una mesa de&nbsp;pasteler\u00eda regional compartida por todos los presentes.<\/p>\n\n\n\n<p>Por otro lado, los acuerdos y convenios firmados entre la <strong>Secretar\u00eda de Educaci\u00f3n de la Naci\u00f3n <\/strong>y la <strong>Embajada Francesa<\/strong>, permiten que cada a\u00f1o m\u00e1s de una decena de j\u00f3venes argentinos, estudiantes con un buen manejo de la lengua francesa, puedan viajar por ocho meses y trabajar como asistentes de idioma espa\u00f1ol en instituciones educativas de distintos niveles. A fines de septiembre de 2025, las Profesoras <strong>Huerto Aguirre Soria, Martina Morales, Flor Acha<\/strong>, egresadas del <strong>IES Lola Mora,<\/strong> y <strong>Lucas Zermoglio y Karen Pereyra Moyano<\/strong>, egresados de la UNT, viajar\u00e1n a Francia como becarios asistentes de idioma en distintas localidades de ese pa\u00eds.<\/p>\n\n\n\n<p><strong>Tucum\u00e1n primera en postulaciones a becas<\/strong><\/p>\n\n\n\n<p>Nuestra provincia, es una de las que tiene m\u00e1s postulaciones a becas en el pa\u00eds y cada a\u00f1o muchos j\u00f3venes pueden cumplir sus sue\u00f1os de viajar, trabajar, desarrollar sus perfiles&nbsp;acad\u00e9micos y profesionales en otros pa\u00edses, a la vez que se perfeccionan en el manejo de una lengua extranjera y viven una experiencia intercultural invaluable.<\/p>\n\n\n\n<p>Gracias a las redes y a la posibilidad de tener charlas a trav\u00e9s de plataformas virtuales, los becarios pr\u00f3ximos a partir a Francia pudieron estar en contacto con Tania antes de que ella llegara a Argentina, y desde el 23 de julio han estado disfrutando de encuentros y prepar\u00e1ndose con su gu\u00eda para sus propias becas.<\/p>\n\n\n\n<p>La <strong>Direcci\u00f3n de Educaci\u00f3n Superior No Universitaria<\/strong> desea a todos los becarios, argentinos y franceses, una excelente estad\u00eda, llena de aprendizajes, vivencias interculturales, y que puedan regresar a sus pa\u00edses para compartir y potenciar sus nuevos conocimientos.<\/p>\n\n\n\n<figure class=\"wp-block-gallery has-nested-images columns-default is-cropped wp-block-gallery-1 is-layout-flex\">\n<figure class=\"wp-block-image size-large\"><img decoding=\"async\" loading=\"lazy\" width=\"1900\" height=\"1425\" data-id=\"12128\"  src=\"https:\/\/des-tuc.infd.edu.ar\/sitio\/wp-content\/uploads\/2025\/08\/1000055331-1900x1425.jpg\" alt=\"\" class=\"wp-image-12128\" srcset=\"https:\/\/des-tuc.infd.edu.ar\/sitio\/wp-content\/uploads\/2025\/08\/1000055331-1900x1425.jpg 1900w, https:\/\/des-tuc.infd.edu.ar\/sitio\/wp-content\/uploads\/2025\/08\/1000055331-1000x750.jpg 1000w, https:\/\/des-tuc.infd.edu.ar\/sitio\/wp-content\/uploads\/2025\/08\/1000055331-768x576.jpg 768w, https:\/\/des-tuc.infd.edu.ar\/sitio\/wp-content\/uploads\/2025\/08\/1000055331-1536x1152.jpg 1536w, https:\/\/des-tuc.infd.edu.ar\/sitio\/wp-content\/uploads\/2025\/08\/1000055331-2048x1536.jpg 2048w\" sizes=\"(max-width: 1900px) 100vw, 1900px\" \/><\/figure>\n\n\n\n<figure class=\"wp-block-image size-large\"><img decoding=\"async\" loading=\"lazy\" width=\"1900\" height=\"1425\" data-id=\"12129\"  src=\"https:\/\/des-tuc.infd.edu.ar\/sitio\/wp-content\/uploads\/2025\/08\/1000055330-1900x1425.jpg\" alt=\"\" class=\"wp-image-12129\" srcset=\"https:\/\/des-tuc.infd.edu.ar\/sitio\/wp-content\/uploads\/2025\/08\/1000055330-1900x1425.jpg 1900w, https:\/\/des-tuc.infd.edu.ar\/sitio\/wp-content\/uploads\/2025\/08\/1000055330-1000x750.jpg 1000w, https:\/\/des-tuc.infd.edu.ar\/sitio\/wp-content\/uploads\/2025\/08\/1000055330-768x576.jpg 768w, https:\/\/des-tuc.infd.edu.ar\/sitio\/wp-content\/uploads\/2025\/08\/1000055330-1536x1152.jpg 1536w, https:\/\/des-tuc.infd.edu.ar\/sitio\/wp-content\/uploads\/2025\/08\/1000055330-2048x1536.jpg 2048w\" sizes=\"(max-width: 1900px) 100vw, 1900px\" \/><\/figure>\n\n\n\n<figure class=\"wp-block-image size-large\"><img decoding=\"async\" loading=\"lazy\" width=\"1600\" height=\"1200\" data-id=\"12127\"  src=\"https:\/\/des-tuc.infd.edu.ar\/sitio\/wp-content\/uploads\/2025\/08\/1000055329.jpg\" alt=\"\" class=\"wp-image-12127\" srcset=\"https:\/\/des-tuc.infd.edu.ar\/sitio\/wp-content\/uploads\/2025\/08\/1000055329.jpg 1600w, https:\/\/des-tuc.infd.edu.ar\/sitio\/wp-content\/uploads\/2025\/08\/1000055329-1000x750.jpg 1000w, https:\/\/des-tuc.infd.edu.ar\/sitio\/wp-content\/uploads\/2025\/08\/1000055329-768x576.jpg 768w, https:\/\/des-tuc.infd.edu.ar\/sitio\/wp-content\/uploads\/2025\/08\/1000055329-1536x1152.jpg 1536w\" sizes=\"(max-width: 1600px) 100vw, 1600px\" \/><\/figure>\n<\/figure>\n","protected":false},"excerpt":{"rendered":"<p>El IES Lola Mora da la bienvenida a la Asistente de Idioma Franc\u00e9s 2025 El jueves 7 de agosto el Profesorado de Franc\u00e9s del IES Lola Mora, recibi\u00f3 a la Srta. Tania Sabour, becaria del Programa de Becas Franco Argentino, por el cual, j\u00f3venes estudiantes y profesionales franceses pueden trabajar como asistentes de idioma franc\u00e9s &#8230; <a title=\"Estudiantes del IES Lola Mora se forman con una m\u00e1ster de Francia\" class=\"read-more\" href=\"https:\/\/des-tuc.infd.edu.ar\/sitio\/estudiantes-del-ies-lola-mora-se-forman-con-una-master-de-francia\/\" aria-label=\"More on Estudiantes del IES Lola Mora se forman con una m\u00e1ster de Francia\">[+]<\/a><\/p>\n","protected":false},"author":536,"featured_media":12126,"comment_status":"closed","ping_status":"open","sticky":false,"template":"","format":"standard","meta":[],"categories":[343,349,6],"tags":[143,158,141],"acf":[],"_links":{"self":[{"href":"https:\/\/des-tuc.infd.edu.ar\/sitio\/wp-json\/wp\/v2\/posts\/12124"}],"collection":[{"href":"https:\/\/des-tuc.infd.edu.ar\/sitio\/wp-json\/wp\/v2\/posts"}],"about":[{"href":"https:\/\/des-tuc.infd.edu.ar\/sitio\/wp-json\/wp\/v2\/types\/post"}],"author":[{"embeddable":true,"href":"https:\/\/des-tuc.infd.edu.ar\/sitio\/wp-json\/wp\/v2\/users\/536"}],"replies":[{"embeddable":true,"href":"https:\/\/des-tuc.infd.edu.ar\/sitio\/wp-json\/wp\/v2\/comments?post=12124"}],"version-history":[{"count":2,"href":"https:\/\/des-tuc.infd.edu.ar\/sitio\/wp-json\/wp\/v2\/posts\/12124\/revisions"}],"predecessor-version":[{"id":12130,"href":"https:\/\/des-tuc.infd.edu.ar\/sitio\/wp-json\/wp\/v2\/posts\/12124\/revisions\/12130"}],"wp:featuredmedia":[{"embeddable":true,"href":"https:\/\/des-tuc.infd.edu.ar\/sitio\/wp-json\/wp\/v2\/media\/12126"}],"wp:attachment":[{"href":"https:\/\/des-tuc.infd.edu.ar\/sitio\/wp-json\/wp\/v2\/media?parent=12124"}],"wp:term":[{"taxonomy":"category","embeddable":true,"href":"https:\/\/des-tuc.infd.edu.ar\/sitio\/wp-json\/wp\/v2\/categories?post=12124"},{"taxonomy":"post_tag","embeddable":true,"href":"https:\/\/des-tuc.infd.edu.ar\/sitio\/wp-json\/wp\/v2\/tags?post=12124"}],"curies":[{"name":"wp","href":"https:\/\/api.w.org\/{rel}","templated":true}]}}