{"id":12107,"date":"2025-08-18T12:55:37","date_gmt":"2025-08-18T15:55:37","guid":{"rendered":"https:\/\/des-tuc.infd.edu.ar\/sitio\/?p=12107"},"modified":"2025-08-18T13:41:40","modified_gmt":"2025-08-18T16:41:40","slug":"docentes-se-forman-en-la-relacion-entre-cierre-de-ingenios-y-arte","status":"publish","type":"post","link":"https:\/\/des-tuc.infd.edu.ar\/sitio\/docentes-se-forman-en-la-relacion-entre-cierre-de-ingenios-y-arte\/","title":{"rendered":"Docentes se forman en la relaci\u00f3n entre cierre de ingenios y arte"},"content":{"rendered":"\n<p>El <strong>Centro Educativo Especializado en Derechos Humanos \u00abAna Mar\u00eda Sosa\u00bb <\/strong>di\u00f3 inicio en la primera semana de agosto, en el <strong>Espacio Para la Memoria y la Promoci\u00f3n de los Derechos Humanos \u00bb La Escuelita de Famaill\u00e1\u00bb<\/strong> , dependiente de a <strong>Direcci\u00f3n de Educaci\u00f3n Superior No Unversitaria.<\/strong> La primera comisi\u00f3n del ciclo de capacitaciones a docentes \u00abHistoria de Tucum\u00e1n desde la mirada local del arte: Cierre de los Ingenios, las luchas sociales y culturales\u00bb<\/p>\n\n\n\n<p>Dicho trayecto formativo cuenta con un cursado de 20 horas y se realiza en el marco de los 50 a\u00f1os del Operativo Independencia. Est\u00e1 coordinado por los docentes Bruno Bonilla, Gabriela Ag\u00fcero y Luc\u00eda Bevilacqua, pertenecientes al equipo educativo del Espacio para la Memoria y Promoci\u00f3n de los Derechos Humanos \u00abLa Escuelita de Famaill\u00e1\u00bb y dicho centro educativo.<\/p>\n\n\n\n<p>La capacitaci\u00f3n cuenta con puntaje docente, otorgado por el Ministerio de Educaci\u00f3n de la Provincia.<\/p>\n\n\n\n<figure class=\"wp-block-gallery has-nested-images columns-default is-cropped wp-block-gallery-1 is-layout-flex\">\n<figure class=\"wp-block-image size-large\"><img decoding=\"async\" loading=\"lazy\" width=\"1900\" height=\"1425\" data-id=\"12116\"  src=\"https:\/\/des-tuc.infd.edu.ar\/sitio\/wp-content\/uploads\/2025\/08\/1000055289-1900x1425.jpg\" alt=\"\" class=\"wp-image-12116\" srcset=\"https:\/\/des-tuc.infd.edu.ar\/sitio\/wp-content\/uploads\/2025\/08\/1000055289-1900x1425.jpg 1900w, https:\/\/des-tuc.infd.edu.ar\/sitio\/wp-content\/uploads\/2025\/08\/1000055289-1000x750.jpg 1000w, https:\/\/des-tuc.infd.edu.ar\/sitio\/wp-content\/uploads\/2025\/08\/1000055289-768x576.jpg 768w, https:\/\/des-tuc.infd.edu.ar\/sitio\/wp-content\/uploads\/2025\/08\/1000055289-1536x1152.jpg 1536w, https:\/\/des-tuc.infd.edu.ar\/sitio\/wp-content\/uploads\/2025\/08\/1000055289-2048x1536.jpg 2048w\" sizes=\"(max-width: 1900px) 100vw, 1900px\" \/><\/figure>\n\n\n\n<figure class=\"wp-block-image size-large\"><img decoding=\"async\" loading=\"lazy\" width=\"1280\" height=\"963\" data-id=\"12114\"  src=\"https:\/\/des-tuc.infd.edu.ar\/sitio\/wp-content\/uploads\/2025\/08\/1000055288.jpg\" alt=\"\" class=\"wp-image-12114\" srcset=\"https:\/\/des-tuc.infd.edu.ar\/sitio\/wp-content\/uploads\/2025\/08\/1000055288.jpg 1280w, https:\/\/des-tuc.infd.edu.ar\/sitio\/wp-content\/uploads\/2025\/08\/1000055288-1000x752.jpg 1000w, https:\/\/des-tuc.infd.edu.ar\/sitio\/wp-content\/uploads\/2025\/08\/1000055288-768x578.jpg 768w\" sizes=\"(max-width: 1280px) 100vw, 1280px\" \/><\/figure>\n\n\n\n<figure class=\"wp-block-image size-large\"><img decoding=\"async\" loading=\"lazy\" width=\"1425\" height=\"1900\" data-id=\"12120\"  src=\"https:\/\/des-tuc.infd.edu.ar\/sitio\/wp-content\/uploads\/2025\/08\/1000055292-1425x1900.jpg\" alt=\"\" class=\"wp-image-12120\" srcset=\"https:\/\/des-tuc.infd.edu.ar\/sitio\/wp-content\/uploads\/2025\/08\/1000055292-1425x1900.jpg 1425w, https:\/\/des-tuc.infd.edu.ar\/sitio\/wp-content\/uploads\/2025\/08\/1000055292-750x1000.jpg 750w, https:\/\/des-tuc.infd.edu.ar\/sitio\/wp-content\/uploads\/2025\/08\/1000055292-768x1024.jpg 768w, https:\/\/des-tuc.infd.edu.ar\/sitio\/wp-content\/uploads\/2025\/08\/1000055292-1152x1536.jpg 1152w, https:\/\/des-tuc.infd.edu.ar\/sitio\/wp-content\/uploads\/2025\/08\/1000055292-1536x2048.jpg 1536w, https:\/\/des-tuc.infd.edu.ar\/sitio\/wp-content\/uploads\/2025\/08\/1000055292-scaled.jpg 1920w\" sizes=\"(max-width: 1425px) 100vw, 1425px\" \/><\/figure>\n\n\n\n<figure class=\"wp-block-image size-large\"><img decoding=\"async\" loading=\"lazy\" width=\"1425\" height=\"1900\" data-id=\"12117\"  src=\"https:\/\/des-tuc.infd.edu.ar\/sitio\/wp-content\/uploads\/2025\/08\/1000055293-1425x1900.jpg\" alt=\"\" class=\"wp-image-12117\" srcset=\"https:\/\/des-tuc.infd.edu.ar\/sitio\/wp-content\/uploads\/2025\/08\/1000055293-1425x1900.jpg 1425w, https:\/\/des-tuc.infd.edu.ar\/sitio\/wp-content\/uploads\/2025\/08\/1000055293-750x1000.jpg 750w, https:\/\/des-tuc.infd.edu.ar\/sitio\/wp-content\/uploads\/2025\/08\/1000055293-768x1024.jpg 768w, https:\/\/des-tuc.infd.edu.ar\/sitio\/wp-content\/uploads\/2025\/08\/1000055293-1152x1536.jpg 1152w, https:\/\/des-tuc.infd.edu.ar\/sitio\/wp-content\/uploads\/2025\/08\/1000055293-1536x2048.jpg 1536w, https:\/\/des-tuc.infd.edu.ar\/sitio\/wp-content\/uploads\/2025\/08\/1000055293-scaled.jpg 1920w\" sizes=\"(max-width: 1425px) 100vw, 1425px\" \/><\/figure>\n\n\n\n<figure class=\"wp-block-image size-large\"><img decoding=\"async\" loading=\"lazy\" width=\"1425\" height=\"1900\" data-id=\"12119\"  src=\"https:\/\/des-tuc.infd.edu.ar\/sitio\/wp-content\/uploads\/2025\/08\/1000055291-1425x1900.jpg\" alt=\"\" class=\"wp-image-12119\" srcset=\"https:\/\/des-tuc.infd.edu.ar\/sitio\/wp-content\/uploads\/2025\/08\/1000055291-1425x1900.jpg 1425w, https:\/\/des-tuc.infd.edu.ar\/sitio\/wp-content\/uploads\/2025\/08\/1000055291-750x1000.jpg 750w, https:\/\/des-tuc.infd.edu.ar\/sitio\/wp-content\/uploads\/2025\/08\/1000055291-768x1024.jpg 768w, https:\/\/des-tuc.infd.edu.ar\/sitio\/wp-content\/uploads\/2025\/08\/1000055291-1152x1536.jpg 1152w, https:\/\/des-tuc.infd.edu.ar\/sitio\/wp-content\/uploads\/2025\/08\/1000055291-1536x2048.jpg 1536w, https:\/\/des-tuc.infd.edu.ar\/sitio\/wp-content\/uploads\/2025\/08\/1000055291-scaled.jpg 1920w\" sizes=\"(max-width: 1425px) 100vw, 1425px\" \/><\/figure>\n\n\n\n<figure class=\"wp-block-image size-large\"><img decoding=\"async\" loading=\"lazy\" width=\"1280\" height=\"720\" data-id=\"12115\"  src=\"https:\/\/des-tuc.infd.edu.ar\/sitio\/wp-content\/uploads\/2025\/08\/1000055285.jpg\" alt=\"\" class=\"wp-image-12115\" srcset=\"https:\/\/des-tuc.infd.edu.ar\/sitio\/wp-content\/uploads\/2025\/08\/1000055285.jpg 1280w, https:\/\/des-tuc.infd.edu.ar\/sitio\/wp-content\/uploads\/2025\/08\/1000055285-1000x563.jpg 1000w, https:\/\/des-tuc.infd.edu.ar\/sitio\/wp-content\/uploads\/2025\/08\/1000055285-768x432.jpg 768w\" sizes=\"(max-width: 1280px) 100vw, 1280px\" \/><\/figure>\n\n\n\n<figure class=\"wp-block-image size-large\"><img decoding=\"async\" loading=\"lazy\" width=\"1425\" height=\"1900\" data-id=\"12121\"  src=\"https:\/\/des-tuc.infd.edu.ar\/sitio\/wp-content\/uploads\/2025\/08\/1000055290-1425x1900.jpg\" alt=\"\" class=\"wp-image-12121\" srcset=\"https:\/\/des-tuc.infd.edu.ar\/sitio\/wp-content\/uploads\/2025\/08\/1000055290-1425x1900.jpg 1425w, https:\/\/des-tuc.infd.edu.ar\/sitio\/wp-content\/uploads\/2025\/08\/1000055290-750x1000.jpg 750w, https:\/\/des-tuc.infd.edu.ar\/sitio\/wp-content\/uploads\/2025\/08\/1000055290-768x1024.jpg 768w, https:\/\/des-tuc.infd.edu.ar\/sitio\/wp-content\/uploads\/2025\/08\/1000055290-1152x1536.jpg 1152w, https:\/\/des-tuc.infd.edu.ar\/sitio\/wp-content\/uploads\/2025\/08\/1000055290-1536x2048.jpg 1536w, https:\/\/des-tuc.infd.edu.ar\/sitio\/wp-content\/uploads\/2025\/08\/1000055290-scaled.jpg 1920w\" sizes=\"(max-width: 1425px) 100vw, 1425px\" \/><\/figure>\n\n\n\n<figure class=\"wp-block-image size-large\"><img decoding=\"async\" loading=\"lazy\" width=\"1280\" height=\"720\" data-id=\"12118\"  src=\"https:\/\/des-tuc.infd.edu.ar\/sitio\/wp-content\/uploads\/2025\/08\/1000055287.jpg\" alt=\"\" class=\"wp-image-12118\" srcset=\"https:\/\/des-tuc.infd.edu.ar\/sitio\/wp-content\/uploads\/2025\/08\/1000055287.jpg 1280w, https:\/\/des-tuc.infd.edu.ar\/sitio\/wp-content\/uploads\/2025\/08\/1000055287-1000x563.jpg 1000w, https:\/\/des-tuc.infd.edu.ar\/sitio\/wp-content\/uploads\/2025\/08\/1000055287-768x432.jpg 768w\" sizes=\"(max-width: 1280px) 100vw, 1280px\" \/><\/figure>\n<\/figure>\n","protected":false},"excerpt":{"rendered":"<p>El Centro Educativo Especializado en Derechos Humanos \u00abAna Mar\u00eda Sosa\u00bb di\u00f3 inicio en la primera semana de agosto, en el Espacio Para la Memoria y la Promoci\u00f3n de los Derechos Humanos \u00bb La Escuelita de Famaill\u00e1\u00bb , dependiente de a Direcci\u00f3n de Educaci\u00f3n Superior No Unversitaria. La primera comisi\u00f3n del ciclo de capacitaciones a docentes &#8230; <a title=\"Docentes se forman en la relaci\u00f3n entre cierre de ingenios y arte\" class=\"read-more\" href=\"https:\/\/des-tuc.infd.edu.ar\/sitio\/docentes-se-forman-en-la-relacion-entre-cierre-de-ingenios-y-arte\/\" aria-label=\"More on Docentes se forman en la relaci\u00f3n entre cierre de ingenios y arte\">[+]<\/a><\/p>\n","protected":false},"author":536,"featured_media":12108,"comment_status":"closed","ping_status":"open","sticky":false,"template":"","format":"standard","meta":[],"categories":[120],"tags":[90],"acf":[],"_links":{"self":[{"href":"https:\/\/des-tuc.infd.edu.ar\/sitio\/wp-json\/wp\/v2\/posts\/12107"}],"collection":[{"href":"https:\/\/des-tuc.infd.edu.ar\/sitio\/wp-json\/wp\/v2\/posts"}],"about":[{"href":"https:\/\/des-tuc.infd.edu.ar\/sitio\/wp-json\/wp\/v2\/types\/post"}],"author":[{"embeddable":true,"href":"https:\/\/des-tuc.infd.edu.ar\/sitio\/wp-json\/wp\/v2\/users\/536"}],"replies":[{"embeddable":true,"href":"https:\/\/des-tuc.infd.edu.ar\/sitio\/wp-json\/wp\/v2\/comments?post=12107"}],"version-history":[{"count":3,"href":"https:\/\/des-tuc.infd.edu.ar\/sitio\/wp-json\/wp\/v2\/posts\/12107\/revisions"}],"predecessor-version":[{"id":12123,"href":"https:\/\/des-tuc.infd.edu.ar\/sitio\/wp-json\/wp\/v2\/posts\/12107\/revisions\/12123"}],"wp:featuredmedia":[{"embeddable":true,"href":"https:\/\/des-tuc.infd.edu.ar\/sitio\/wp-json\/wp\/v2\/media\/12108"}],"wp:attachment":[{"href":"https:\/\/des-tuc.infd.edu.ar\/sitio\/wp-json\/wp\/v2\/media?parent=12107"}],"wp:term":[{"taxonomy":"category","embeddable":true,"href":"https:\/\/des-tuc.infd.edu.ar\/sitio\/wp-json\/wp\/v2\/categories?post=12107"},{"taxonomy":"post_tag","embeddable":true,"href":"https:\/\/des-tuc.infd.edu.ar\/sitio\/wp-json\/wp\/v2\/tags?post=12107"}],"curies":[{"name":"wp","href":"https:\/\/api.w.org\/{rel}","templated":true}]}}