{"id":10888,"date":"2024-11-28T09:22:15","date_gmt":"2024-11-28T12:22:15","guid":{"rendered":"https:\/\/des-tuc.infd.edu.ar\/sitio\/?p=10888"},"modified":"2024-11-28T09:22:56","modified_gmt":"2024-11-28T12:22:56","slug":"convocatoria-a-inscripcion-de-llamado-abierto-para-conformacion-de-padrones-de-opciones-educativas-curriculares-oferta-educativa-de-arte-popular-en-escuelas-dependientes-de-este-ministerio-y-escuela","status":"publish","type":"post","link":"https:\/\/des-tuc.infd.edu.ar\/sitio\/convocatoria-a-inscripcion-de-llamado-abierto-para-conformacion-de-padrones-de-opciones-educativas-curriculares-oferta-educativa-de-arte-popular-en-escuelas-dependientes-de-este-ministerio-y-escuela\/","title":{"rendered":"CONVOCATORIA A INSCRIPCI\u00d3N DE LLAMADO ABIERTO PARA CONFORMACI\u00d3N DE PADRONES DE OPCIONES EDUCATIVAS CURRICULARES (OFERTA EDUCATIVA) DE ARTE POPULAR EN ESCUELAS DEPENDIENTES DE ESTE MINISTERIO Y ESCUELA DE ARTE POPULAR."},"content":{"rendered":"\n<p>Fuente: <a href=\"https:\/\/docs.google.com\/document\/d\/1SVQr81QbdgRdfqUAPdBhXBlYxpQwKIdDbqxK35tDoOI\/edit?tab=t.0\" target=\"_blank\" rel=\"noreferrer noopener\">https:\/\/docs.google.com\/document\/d\/1SVQr81QbdgRdfqUAPdBhXBlYxpQwKIdDbqxK35tDoOI\/edit?tab=t.0<\/a><\/p>\n\n\n\n<p><strong>MODALIDAD ART\u00cdSTICA<\/strong><\/p>\n\n\n\n<p><strong>Junta de Clasificaci\u00f3n de Educaci\u00f3n Superior, Especial y Art\u00edstica y de Organismos de Apoyo informa:<\/strong><strong>&nbsp;<\/strong><\/p>\n\n\n\n<figure class=\"wp-block-table\"><table><tbody><tr><td><strong>VOCALIA MODALIDAD ART\u00cdSTICA<\/strong><\/td><\/tr><tr><td><strong>CONVOCATORIA A INSCRIPCI\u00d3N DE LLAMADO ABIERTO PARA CONFORMACI\u00d3N DE PADRONES DE OPCIONES EDUCATIVAS CURRICULARES (OFERTA EDUCATIVA) DE ARTE POPULAR EN ESCUELAS DEPENDIENTES DE ESTE MINISTERIO Y ESCUELA DE ARTE POPULAR. SEG\u00daN RESOLUCI\u00d3N MINISTERIAL \u2013 N\u00ba 499\/5 (MEd) 19\/05\/2011 &#8211; N\u00ba 643\/5 (MEd) 27-06-2011 &#8211;<\/strong> <strong>N\u00b00647\/5 (MEd) 13\/05\/2016 &#8211; N\u00b00509\/5 (MEd) 25\/04\/2018 &#8211; N\u00b00776\/5 (MEd) 04\/07\/2019 &#8211; N\u00ba 0427\/5 (MEd) 20\/12\/2019 &#8211; N\u00b00697\/5 (MEd) 28\/07\/2021 &#8211; N\u00ba1368\/5 (MEd) 01\/11\/2021 \u2013 N\u00b01129\/5 (MEd) 24-06-2024<\/strong><\/td><\/tr><\/tbody><\/table><\/figure>\n\n\n\n<p><strong><\/strong><strong>LOS ASPIRANTES PUEDEN INSCRIBIRSE, EN HASTA 5 (cinco) ESPACIOS CURRICULARES DE LOS TRAYECTOS ART\u00cdSTICOS ESPEC\u00cdFICOS EN ARTE POPULAR PARA OPCIONES EDUCATIVAS CURRICULARES (OFERTA EDUCATIVA) DE ARTE POPULAR EN ESCUELAS DEPENDIENTES DE ESTE MINISTERIO Y 1 (un) CARGO de ASCENSO DE JERARQU\u00cdA PARA LA ESCUELA DE ARTE POPULAR.<\/strong><\/p>\n\n\n\n<p><strong>&nbsp;ESPACIOS CURRICULARES<\/strong><\/p>\n\n\n\n<p><strong>&nbsp;TRAYECTO ART\u00cdSTICO ESPEC\u00cdFICO EN ARTE POPULAR:&nbsp; M\u00daSICA POPULAR<\/strong><strong>&nbsp;<\/strong><\/p>\n\n\n\n<p><strong>1.<\/strong> &nbsp; <strong>VIOL\u00cdN I-II-III-IV<\/strong><\/p>\n\n\n\n<p>Perfil:<\/p>\n\n\n\n<p>A) Profesor Universitario\/ Profesor Superior No Universitario\/ Licenciado\/ T\u00e9cnico Superior Universitario\/ T\u00e9cnico Superior No Universitario (Nivel Terciario) \/ Profesor de Teor\u00eda y Solfeo \/Maestro de M\u00fasica. Todos en la especialidad VIOL\u00cdN.<\/p>\n\n\n\n<p>Requisito Excluyente: Que haya participado en eventos individuales y\/o colectivos de producciones art\u00edsticas vinculadas al campo de lo popular.<\/p>\n\n\n\n<p>&nbsp;<strong>2.<\/strong> &nbsp; <strong>SEMINARIO I: FUNCIONAMIENTO DE LA VOZ<\/strong><\/p>\n\n\n\n<p><strong>&nbsp;<\/strong>Perfil:<\/p>\n\n\n\n<p>A) &nbsp; &nbsp; Profesor Universitario\/ Profesor Superior No Universitario\/ Licenciado\/ T\u00e9cnico Superior Universitario\/ T\u00e9cnico Superior No Universitario (Nivel Terciario) \/Profesor de Teor\u00eda y Solfeo\/ Maestro de M\u00fasica. Todos en la especialidad CANTO.<\/p>\n\n\n\n<p>&nbsp;Requisito Excluyente: Que haya participado en eventos individuales y\/o colectivos de producciones art\u00edsticas vinculadas al campo de lo popular.<\/p>\n\n\n\n<p>&nbsp;<strong>3.<\/strong> &nbsp; <strong>CANTO I-II-III-IV<\/strong><\/p>\n\n\n\n<p><strong>&nbsp;<\/strong>Perfil:<\/p>\n\n\n\n<p>A) &nbsp; &nbsp; Profesor Universitario\/ Profesor Superior No Universitario\/ Licenciado\/ T\u00e9cnico Superior Universitario\/ T\u00e9cnico Superior No Universitario (Nivel Terciario) \/Profesor de Teor\u00eda y Solfeo\/ Maestro de M\u00fasica. Todos en la especialidad CANTO.<\/p>\n\n\n\n<p>&nbsp;Requisito Excluyente: Que haya participado en eventos individuales y\/o colectivos de producciones art\u00edsticas vinculadas al campo de lo popular.<\/p>\n\n\n\n<p>&nbsp;&nbsp;<strong>TRAYECTO ART\u00cdSTICO ESPEC\u00cdFICO EN ARTE POPULAR:&nbsp; ARTES VISUALES<\/strong><\/p>\n\n\n\n<p><strong>&nbsp;4.<\/strong> &nbsp; <strong>SEMINARIO II (HISTORIETA)<\/strong><\/p>\n\n\n\n<p>Perfil:<\/p>\n\n\n\n<p>A) &nbsp; &nbsp; Profesor Universitario\/ Profesor Superior No Universitario\/ Licenciado\/ T\u00e9cnico Superior Universitario\/ T\u00e9cnico Superior No Universitario (Nivel Terciario). Todos en la especialidad ARTES VISUALES\/ PL\u00c1STICAS.&nbsp;<\/p>\n\n\n\n<p>Requisito Excluyente: Que haya participado en eventos individuales y\/o colectivos de producciones art\u00edsticas vinculadas al campo de lo popular.<strong>&nbsp;<\/strong><\/p>\n\n\n\n<p><strong>5.<\/strong> &nbsp; <strong>SEMINARIO I (MANIFESTACIONES PL\u00c1STICAS RELACIONADAS AL TEATRO)<\/strong><\/p>\n\n\n\n<p><strong>&nbsp;<\/strong>Perfil:<\/p>\n\n\n\n<p>A) &nbsp; &nbsp; Profesor Universitario\/ Profesor Superior No Universitario\/ Licenciado\/ T\u00e9cnico Superior Universitario\/ T\u00e9cnico Superior No Universitario (Nivel Terciario). Todos en la especialidad ARTES VISUALES\/ PL\u00c1STICAS\/ TEATRO.&nbsp;<\/p>\n\n\n\n<p>Requisito Excluyente: Que haya participado en eventos individuales y\/o colectivos de producciones art\u00edsticas vinculadas al campo de lo popular.<\/p>\n\n\n\n<p><strong>CARGO: ASCENSO DE JERARQU\u00cdA<\/strong><\/p>\n\n\n\n<p><strong>1.<\/strong> &nbsp; <strong>DIRECTOR \u2013 ESCUELA DE ARTE POPULAR<\/strong><\/p>\n\n\n\n<p><strong>&nbsp;<\/strong>Perfil:<\/p>\n\n\n\n<ol>\n<li>Profesor Superior Universitario\/ Profesor Superior No Universitario\/ Maestro de T\u00edteres con Profesorado Univ. en Disciplinas Art\u00edsticas\/ Maestro de danza\/ Maestro de m\u00fasica\/ Maestro de Pl\u00e1stica\/ Maestro de Teatro\/ Profesor de Teor\u00eda y Solfeo\/ Magisterio de M\u00fasica\/ Licenciados en Disciplina Espec\u00edfica del \u00e1rea de concurso.&nbsp;<\/li>\n<\/ol>\n\n\n\n<p>Requisitos Excluyentes: Que haya participado en eventos individuales y\/o colectivos de producciones art\u00edsticas vinculadas al campo de lo popular, Resol. N\u00b0 1129\/5(Med); Decreto N\u00b0 2926\/5 (Med) Art.70 y Concordantes.&nbsp;<\/p>\n\n\n\n<p><strong>1\u00b0 INSTANCIA: INSCRIPCI\u00d3N &#8211; RECEPCI\u00d3N DE DOCUMENTACI\u00d3N<\/strong><\/p>\n\n\n\n<p><strong>&nbsp;INSCRIPCI\u00d3N<\/strong><strong>: <\/strong>SOLO<strong> <\/strong>SE REALIZAR\u00c1 EL D\u00cdA <strong>LUNES<\/strong> <strong>02\/12\/2024<\/strong> (PUEDE OPTAR HASTA 5 ESPACIOS CURRICULARES Y\/O 1 CARGO DE ASCENSO DE JERAQU\u00cdA).<\/p>\n\n\n\n<p>1 -Debe ingresar a la p\u00e1gina de SIME (Ministerio de Educaci\u00f3n de Tucum\u00e1n &#8211; educaciontuc.gov.ar) con usuario y contrase\u00f1a.<\/p>\n\n\n\n<p>2-Seleccionar la\/s vacante\/s a inscribirse.&nbsp;<\/p>\n\n\n\n<p>&nbsp;<strong>HORARIO<\/strong><strong>: <\/strong>DE <strong>08:00 A 18:00<\/strong> HS. POR P\u00c1GINA SIME DEL MINISTERIO DE EDUCACI\u00d3N.<\/p>\n\n\n\n<p>&nbsp;<strong>RECEPCI\u00d3N DE DOCUMENTACI\u00d3N:<\/strong><strong> <\/strong>EL INTERESADO DEBER\u00c1 REMITIRSE PERSONALMENTE CON DNI, DOCUMENTACI\u00d3N PERTINENTE (ORIGINAL Y COPIA) Y LA DOCUMENTACI\u00d3N QUE ACREDITE EL REQUISITO EXCLUYENTE.<\/p>\n\n\n\n<p>&nbsp;EN LOS SIGUIENTES CASOS:<\/p>\n\n\n\n<p>-ASPIRANTES SIN DOCUMENTACI\u00d3N EN JUNTA DE CLASIFICACI\u00d3N: PRESENTAR CARPETA CON DNI Y DOCUMENTACI\u00d3N PERTINENTE.<\/p>\n\n\n\n<p>-ASPIRANTES CON DOCUMENTACI\u00d3N EN JUNTA DE CLASIFICACI\u00d3N: S\u00d3LO SE RECEPCIONAR\u00c1 DOCUMENTACI\u00d3N QUE NO HAYA SIDO PRESENTADA CON ANTERIORIDAD A LA FECHA EN ESTA JUNTA.&nbsp;<\/p>\n\n\n\n<figure class=\"wp-block-table\"><table><tbody><tr><td><strong>IMPORTANTE:<\/strong><strong> PARA HACER EFECTIVA SU INSCRIPCI\u00d3N DEBE PRESENTAR OBLIGATORIAMENTE EN TODOS LOS CASOS ANTERIORES LA DOCUMENTACI\u00d3N QUE ACREDITE EL REQUISITO EXCLUYENTE PARA CADA ESPACIO Y\/O CARGO EN EL QUE CONCURSA<\/strong><\/td><\/tr><\/tbody><\/table><\/figure>\n\n\n\n<p><strong>LUGAR DE RECEPCI\u00d3N:<\/strong><strong> <\/strong>SEDE DE JUNTA DE CLASIFICACI\u00d3N DE EDUCACI\u00d3N SUPERIOR, ESPECIAL Y ART\u00cdSTICA Y DE ORGANISMOS DE APOYO. AV. COL\u00d3N 451.<\/p>\n\n\n\n<p><strong>&nbsp;<\/strong><strong>FECHA:<\/strong><strong> JUEVES 05-12-2024<\/strong><\/p>\n\n\n\n<p><strong>HORARIO:<\/strong><strong> 08:00 A 18:00<\/strong> HS.<\/p>\n\n\n\n<p><strong>EXPOSICI\u00d3N DE PADR\u00d3N PROVISORIO EN P\u00c1GINA WEB DEL MINISTERIO DE EDUCACI\u00d3N:<\/strong> FECHA A CONFIRMAR<\/p>\n\n\n\n<p><strong>PADR\u00d3N PROVISORIO Y TACHA<\/strong><strong>: <\/strong>SEDE DE<strong> <\/strong>JUNTA DE CLASIFICACI\u00d3N DEL MINISTERIO, AV. COL\u00d3N 451 &#8211; FECHA Y HORARIO A CONFIRMAR<strong>.<\/strong><\/p>\n\n\n\n<p><strong>&nbsp;2\u00b0 INSTANCIA (PR\u00c1CTICA EN CONTEXTO) Y 3\u00b0 INSTANCIA (ENTREVISTA)<\/strong><\/p>\n\n\n\n<p>LUGAR, FECHA Y HORA A CONFIRMAR POR P\u00c1GINA OFICIAL DEL MINISTERIO DE EDUCACI\u00d3N &#8211; SITIO WEB. DE ACUERDO AL PADR\u00d3N PROVISORIO ELABORADO POR JUNTA DE CLASIFICACI\u00d3N SUPERIOR, ESPECIAL Y ART\u00cdSTICA Y DE ORGANISMOS DE APOYO, LOS ASPIRANTES A CUBRIR HORAS CATEDRAS\/CARGO DEBER\u00c1N<\/p>\n\n\n\n<p>PRESENTARSE POR ORDEN DE MERITO PARA LAS INSTANCIAS 2\u00aa Y 3\u00aa CON UN PROYECTO PEDAG\u00d3GICO INHERENTE AL ESPACIO CURRICULAR\/CARGO PARA LO CUAL SE RECOMIENDA LA CONSULTA Y LECTURA DEL MATERIAL EN LINK:&nbsp;&nbsp;<\/p>\n\n\n\n<figure class=\"wp-block-embed\"><div class=\"wp-block-embed__wrapper\">\nhttps:\/\/drive.google.com\/drive\/folders\/17GQ4uxDQ-8O3-f7RL0j10mL3iL-YMAnw?usp=drive_link\n<\/div><\/figure>\n\n\n\n<p>&nbsp;<strong>AVISO IMPORTANTE:<\/strong> TODOS LOS ASPIRANTES DEBER\u00c1N ASISTIR DESDE EL INICIO DE LA JORNADA DE LA 2\u00b0 Y 3\u00b0 INSTANCIA EN EL LUGAR Y FECHA INDICADOS OPORTUNAMENTE. LOS MISMOS SER\u00c1N LLAMADOS DE ACUERDO AL ORDEN ASIGNADO EN PADR\u00d3N PROVISORIO.<\/p>\n\n\n\n<p>&nbsp;<strong>ORIENTACIONES PARA LAS INSTANCIAS DE PR\u00c1CTICA EN CONTEXTO y ENTREVISTA<\/strong><strong>: <\/strong>EN EL MARCO DE LO ESTABLECIDO EN RESOLUCI\u00d3N MINISTERIAL N\u00ba 643\/5 (MED) SE SOLICITA QUE, EN LA PRESENTACI\u00d3N DE LA PROPUESTA PEDAG\u00d3GICA POR ESCRITO, SE CONSIDEREN LOS SIGUIENTES ASPECTOS FORMALES:<\/p>\n\n\n\n<p>&nbsp;\u2022 LA PRESENTACI\u00d3N DEBE REALIZARSE EN A4 CON LETRA ARIAL, TAMA\u00d1O DE FUENTE 12, INTERLINEADO 1,5 Y M\u00c1RGENES JUSTIFICADOS. LA EXTENSI\u00d3N M\u00cdNIMA ES DE 10 P\u00c1GINAS Y M\u00c1XIMA 20 P\u00c1GINAS. INCLUIR UNA CAR\u00c1TULA CON LOS DATOS DEL POSTULANTE.<\/p>\n\n\n\n<p>\u2022 CITAR LA BIBLIOGRAF\u00cdA EN NORMAS APA (7MA. EDICI\u00d3N).<\/p>\n\n\n\n<p>\u2022 ES IMPORTANTE TENER EN CUENTA ASPECTOS FORMALES DE LA PRESENTACI\u00d3N DEL PROYECTO. ES FUNDAMENTAL QUE LA REDACCI\u00d3N SEA EN T\u00c9RMINOS IMPERSONALES.<\/p>\n\n\n\n<p>\u2022 ES ESENCIAL QUE EN EL ESCRITO SE COMBINEN FRASES LARGAS CON FRASES CORTAS. SI LAS IDEAS REQUIEREN GRAN DESARROLLO ES RECOMENDABLE EL USO DE PUNTOS O PUNTOS Y COMA.<\/p>\n\n\n\n<p>\u2022 RESPETAR ELEMENTOS B\u00c1SICOS: COHERENCIA Y COHESI\u00d3N<\/p>\n\n\n\n<p>\u2022 FIRMA, ACLARACI\u00d3N (APELLIDO Y NOMBRE DEL ASPIRANTE) Y D.N.I.<\/p>\n\n\n\n<p><strong>&nbsp;PARA LA INSTANCIA DE EXPOSICI\u00d3N Y ENTREVISTA SE SUGIERE:<\/strong><\/p>\n\n\n\n<p>\u00b7 CLARIDAD EN LA ORGANIZACI\u00d3N Y PRESENTACI\u00d3N DE IDEAS.<\/p>\n\n\n\n<p>\u00b7 CAPACIDAD DE ARGUMENTACI\u00d3N.<\/p>\n\n\n\n<p>\u00b7LAS IDEAS EXPUESTAS DEBEN SUSTENTARSE EN UNA FUNDAMENTACI\u00d3N Y UN POSICIONAMIENTO CLARO.<\/p>\n\n\n\n<p>&nbsp;<strong>4\u00b0 INSTANCIA<\/strong><\/p>\n\n\n\n<p>EXPOSICI\u00d3N DE PADRONES DEFINITIVOS (ANTECEDENTES Y OPOSICI\u00d3N) DEL LLAMADO ABIERTO SEG\u00daN NORMATIVA VIGENTE.&nbsp;<\/p>\n\n\n\n<figure class=\"wp-block-table\"><table><tbody><tr><td><strong>SR. DOCENTE<\/strong><strong>: EN CASO DE CUALQUIER INCONVENIENTE O CONSULTA DIRIGIRSE A SEDE DE JUNTA DE CLASIFICACI\u00d3N DE EDUCACI\u00d3N SUPERIOR, ESPECIAL Y ART\u00cdSTICA Y DE ORGANISMOS DE APOYO, AV. COL\u00d3N 451. EN HORARIO DE 08:00 A 18:00.<\/strong>&nbsp;<\/td><\/tr><\/tbody><\/table><\/figure>\n","protected":false},"excerpt":{"rendered":"<p>Fuente: https:\/\/docs.google.com\/document\/d\/1SVQr81QbdgRdfqUAPdBhXBlYxpQwKIdDbqxK35tDoOI\/edit?tab=t.0 MODALIDAD ART\u00cdSTICA Junta de Clasificaci\u00f3n de Educaci\u00f3n Superior, Especial y Art\u00edstica y de Organismos de Apoyo informa:&nbsp; VOCALIA MODALIDAD ART\u00cdSTICA CONVOCATORIA A INSCRIPCI\u00d3N DE LLAMADO ABIERTO PARA CONFORMACI\u00d3N DE PADRONES DE OPCIONES EDUCATIVAS CURRICULARES (OFERTA EDUCATIVA) DE ARTE POPULAR EN ESCUELAS DEPENDIENTES DE ESTE MINISTERIO Y ESCUELA DE ARTE POPULAR. SEG\u00daN RESOLUCI\u00d3N MINISTERIAL &#8230; <a title=\"CONVOCATORIA A INSCRIPCI\u00d3N DE LLAMADO ABIERTO PARA CONFORMACI\u00d3N DE PADRONES DE OPCIONES EDUCATIVAS CURRICULARES (OFERTA EDUCATIVA) DE ARTE POPULAR EN ESCUELAS DEPENDIENTES DE ESTE MINISTERIO Y ESCUELA DE ARTE POPULAR.\" class=\"read-more\" href=\"https:\/\/des-tuc.infd.edu.ar\/sitio\/convocatoria-a-inscripcion-de-llamado-abierto-para-conformacion-de-padrones-de-opciones-educativas-curriculares-oferta-educativa-de-arte-popular-en-escuelas-dependientes-de-este-ministerio-y-escuela\/\" aria-label=\"More on CONVOCATORIA A INSCRIPCI\u00d3N DE LLAMADO ABIERTO PARA CONFORMACI\u00d3N DE PADRONES DE OPCIONES EDUCATIVAS CURRICULARES (OFERTA EDUCATIVA) DE ARTE POPULAR EN ESCUELAS DEPENDIENTES DE ESTE MINISTERIO Y ESCUELA DE ARTE POPULAR.\">[+]<\/a><\/p>\n","protected":false},"author":543,"featured_media":0,"comment_status":"closed","ping_status":"closed","sticky":false,"template":"","format":"standard","meta":[],"categories":[7,6],"tags":[],"acf":[],"_links":{"self":[{"href":"https:\/\/des-tuc.infd.edu.ar\/sitio\/wp-json\/wp\/v2\/posts\/10888"}],"collection":[{"href":"https:\/\/des-tuc.infd.edu.ar\/sitio\/wp-json\/wp\/v2\/posts"}],"about":[{"href":"https:\/\/des-tuc.infd.edu.ar\/sitio\/wp-json\/wp\/v2\/types\/post"}],"author":[{"embeddable":true,"href":"https:\/\/des-tuc.infd.edu.ar\/sitio\/wp-json\/wp\/v2\/users\/543"}],"replies":[{"embeddable":true,"href":"https:\/\/des-tuc.infd.edu.ar\/sitio\/wp-json\/wp\/v2\/comments?post=10888"}],"version-history":[{"count":1,"href":"https:\/\/des-tuc.infd.edu.ar\/sitio\/wp-json\/wp\/v2\/posts\/10888\/revisions"}],"predecessor-version":[{"id":10889,"href":"https:\/\/des-tuc.infd.edu.ar\/sitio\/wp-json\/wp\/v2\/posts\/10888\/revisions\/10889"}],"wp:attachment":[{"href":"https:\/\/des-tuc.infd.edu.ar\/sitio\/wp-json\/wp\/v2\/media?parent=10888"}],"wp:term":[{"taxonomy":"category","embeddable":true,"href":"https:\/\/des-tuc.infd.edu.ar\/sitio\/wp-json\/wp\/v2\/categories?post=10888"},{"taxonomy":"post_tag","embeddable":true,"href":"https:\/\/des-tuc.infd.edu.ar\/sitio\/wp-json\/wp\/v2\/tags?post=10888"}],"curies":[{"name":"wp","href":"https:\/\/api.w.org\/{rel}","templated":true}]}}