{"id":10842,"date":"2024-11-13T08:00:06","date_gmt":"2024-11-13T11:00:06","guid":{"rendered":"https:\/\/des-tuc.infd.edu.ar\/sitio\/?p=10842"},"modified":"2024-11-14T12:34:20","modified_gmt":"2024-11-14T15:34:20","slug":"segunda-reunion-informativa-sobre-las-becas-de-asistentes-de-idioma-en-francia","status":"publish","type":"post","link":"https:\/\/des-tuc.infd.edu.ar\/sitio\/segunda-reunion-informativa-sobre-las-becas-de-asistentes-de-idioma-en-francia\/","title":{"rendered":"Segunda reuni\u00f3n informativa sobre las Becas de Asistentes de Idioma en Francia"},"content":{"rendered":"\n<p><\/p>\n\n\n\n<p>El <strong>Programa de Becas Internacionales<\/strong> de la <strong>Direcci\u00f3n de Educaci\u00f3n Superior No Universitaria<\/strong>, informa&nbsp;que a partir del 5 de noviembre de 2024, se encuentra abierta la convocatoria para b<strong>ecas en Francia<\/strong>, destinadas a <strong>docentes y estudiantes de 3er y 4to a\u00f1o de los Profesorados de Franc\u00e9s, como as\u00ed tambi\u00e9n a&nbsp; estudiantes avanzados de<\/strong> cualquier carrera, que tengan un buen manejo del idioma.<\/p>\n\n\n\n<p>Esta beca ofrece la posibilidad de desempe\u00f1arse como asistente de idioma espa\u00f1ol en instituciones educativas de Francia, por un per\u00edodo de 7 meses, y cuenta con la financiaci\u00f3n del Ministerio de Capital Humano Argentino y de la Embajada Francesa,&nbsp;<\/p>\n\n\n\n<p>Los asistentes de lengua, cumplen la funci\u00f3n de informantes ling\u00fc\u00edsticos, apoyando a estudiantes franceses en el aprendizaje del espa\u00f1ol, realizando con ellos actividades que les ayuden a desarrollar sus competencias ling\u00fc\u00edsticas,&nbsp;en un trabajo integrado con docentes nativos de Francia. Por otro lado, los&nbsp;asistentes de idioma son embajadores culturales, que representan a Argentina, mientras aprenden sobre la cultura del pa\u00eds anfitri\u00f3n y perfeccionan su manejo de la lengua extranjera.<\/p>\n\n\n\n<p>La inmersi\u00f3n cultural que ofrece esta experiencia tiene como objetivo principal estrechar lazos entre los dos pa\u00edses, aportando al crecimiento profesional, personal e intercultural de los j\u00f3venes profesionales y estudiantes argentinos.&nbsp;<\/p>\n\n\n\n<p><strong>La convocatoria, que se encuentra abierta hasta el 20 de diciembre de 2024,<\/strong> consta de una inscripci\u00f3n online, el env\u00edo de la documentaci\u00f3n que acredita&nbsp;el cumplimiento de los requisitos, una evaluaci\u00f3n del conocimiento del idioma franc\u00e9s y una entrevista.<\/p>\n\n\n\n<p>A continuaci\u00f3n les dejamos el link para acceder a toda la informaci\u00f3n:<\/p>\n\n\n\n<p><a href=\"https:\/\/www.argentina.gob.ar\/educacion\/campusargentinaglobal\/becas-extranjero\/ministerio-gobiernofrancia\">https:\/\/www.argentina.gob.ar\/educacion\/campusargentinaglobal\/becas-extranjero\/ministerio-gobiernofrancia<\/a><\/p>\n\n\n\n<p>Quienes est\u00e9n interesados, podr\u00e1n asistir a una segunda charla virtual informativa, el d\u00eda mi\u00e9rcoles 20 de noviembre de 2024, a las 10:00 horas, ingresando al siguiente link:<\/p>\n\n\n\n<p><a href=\"https:\/\/meet.google.com\/xff-gamg-zku\">https:\/\/meet.google.com\/xff-gamg-zku<\/a><\/p>\n\n\n\n<figure class=\"wp-block-image size-large\"><img decoding=\"async\" loading=\"lazy\" width=\"1069\" height=\"1900\" src=\"https:\/\/des-tuc.infd.edu.ar\/sitio\/wp-content\/uploads\/2024\/11\/1000118503-1069x1900.jpg\" alt=\"\" class=\"wp-image-10850\" srcset=\"https:\/\/des-tuc.infd.edu.ar\/sitio\/wp-content\/uploads\/2024\/11\/1000118503-1069x1900.jpg 1069w, https:\/\/des-tuc.infd.edu.ar\/sitio\/wp-content\/uploads\/2024\/11\/1000118503-563x1000.jpg 563w, https:\/\/des-tuc.infd.edu.ar\/sitio\/wp-content\/uploads\/2024\/11\/1000118503-768x1365.jpg 768w, https:\/\/des-tuc.infd.edu.ar\/sitio\/wp-content\/uploads\/2024\/11\/1000118503-864x1536.jpg 864w, https:\/\/des-tuc.infd.edu.ar\/sitio\/wp-content\/uploads\/2024\/11\/1000118503.jpg 1080w\" sizes=\"(max-width: 1069px) 100vw, 1069px\" \/><\/figure>\n","protected":false},"excerpt":{"rendered":"<p>El Programa de Becas Internacionales de la Direcci\u00f3n de Educaci\u00f3n Superior No Universitaria, informa&nbsp;que a partir del 5 de noviembre de 2024, se encuentra abierta la convocatoria para becas en Francia, destinadas a docentes y estudiantes de 3er y 4to a\u00f1o de los Profesorados de Franc\u00e9s, como as\u00ed tambi\u00e9n a&nbsp; estudiantes avanzados de cualquier carrera, &#8230; <a title=\"Segunda reuni\u00f3n informativa sobre las Becas de Asistentes de Idioma en Francia\" class=\"read-more\" href=\"https:\/\/des-tuc.infd.edu.ar\/sitio\/segunda-reunion-informativa-sobre-las-becas-de-asistentes-de-idioma-en-francia\/\" aria-label=\"More on Segunda reuni\u00f3n informativa sobre las Becas de Asistentes de Idioma en Francia\">[+]<\/a><\/p>\n","protected":false},"author":543,"featured_media":0,"comment_status":"closed","ping_status":"closed","sticky":false,"template":"","format":"standard","meta":[],"categories":[7,6],"tags":[43,141],"acf":[],"_links":{"self":[{"href":"https:\/\/des-tuc.infd.edu.ar\/sitio\/wp-json\/wp\/v2\/posts\/10842"}],"collection":[{"href":"https:\/\/des-tuc.infd.edu.ar\/sitio\/wp-json\/wp\/v2\/posts"}],"about":[{"href":"https:\/\/des-tuc.infd.edu.ar\/sitio\/wp-json\/wp\/v2\/types\/post"}],"author":[{"embeddable":true,"href":"https:\/\/des-tuc.infd.edu.ar\/sitio\/wp-json\/wp\/v2\/users\/543"}],"replies":[{"embeddable":true,"href":"https:\/\/des-tuc.infd.edu.ar\/sitio\/wp-json\/wp\/v2\/comments?post=10842"}],"version-history":[{"count":3,"href":"https:\/\/des-tuc.infd.edu.ar\/sitio\/wp-json\/wp\/v2\/posts\/10842\/revisions"}],"predecessor-version":[{"id":10851,"href":"https:\/\/des-tuc.infd.edu.ar\/sitio\/wp-json\/wp\/v2\/posts\/10842\/revisions\/10851"}],"wp:attachment":[{"href":"https:\/\/des-tuc.infd.edu.ar\/sitio\/wp-json\/wp\/v2\/media?parent=10842"}],"wp:term":[{"taxonomy":"category","embeddable":true,"href":"https:\/\/des-tuc.infd.edu.ar\/sitio\/wp-json\/wp\/v2\/categories?post=10842"},{"taxonomy":"post_tag","embeddable":true,"href":"https:\/\/des-tuc.infd.edu.ar\/sitio\/wp-json\/wp\/v2\/tags?post=10842"}],"curies":[{"name":"wp","href":"https:\/\/api.w.org\/{rel}","templated":true}]}}