{"id":10836,"date":"2024-11-12T11:46:02","date_gmt":"2024-11-12T14:46:02","guid":{"rendered":"https:\/\/des-tuc.infd.edu.ar\/sitio\/?p=10836"},"modified":"2024-11-12T11:46:03","modified_gmt":"2024-11-12T14:46:03","slug":"destacada-participacion-tucumana-en-la-feria-nacional-de-ciencias-en-cordoba","status":"publish","type":"post","link":"https:\/\/des-tuc.infd.edu.ar\/sitio\/destacada-participacion-tucumana-en-la-feria-nacional-de-ciencias-en-cordoba\/","title":{"rendered":"Destacada participaci\u00f3n tucumana en la Feria Nacional de Ciencias en C\u00f3rdoba"},"content":{"rendered":"\n<p>La Feria de Educaci\u00f3n, Arte, Ciencias y Tecnolog\u00eda, que impulsa el Ministerio de Capital Humano a trav\u00e9s de la Secretar\u00eda de Educaci\u00f3n de la Naci\u00f3n, culmin\u00f3 la fase 3 \u2013 Foco Cient\u00edfico \u2013 en Villa Giardino, C\u00f3rdoba, en la que Tucum\u00e1n recibi\u00f3 tres distinciones y un destacado con honor.<\/p>\n\n\n\n<p>El evento, que se realiz\u00f3 desde el 5 hasta el 7 de noviembre, cont\u00f3 con m\u00e1s de 280 participantes de 21 jurisdicciones que presentaron 88 proyectos elaborados. En ese sentido, la provincia de Tucum\u00e1n fue representada por una delegaci\u00f3n de 19 personas provenientes de la Escuela Monte Grande \u2013 Famaill\u00e1 (Nivel Primario); C.E.J.A. San Francisco Solano \u2013 San Isidro de Lules (Mod. de Ed. De J\u00f3venes y Adultos); Escuela Normal Superior Manuel Belgrano \u2013 Simoca (Nivel Superior); Escuela N\u00b0 28 \u2013 Taf\u00ed del Valle (Nivel Primario \u2013 EIB); y Escuela Municipal Petrona Jim\u00e9nez Campero de Adami \u2013 Yerba Buena (Nivel Primario).<\/p>\n\n\n\n<p><strong>Los premiados<\/strong><\/p>\n\n\n\n<ul>\n<li>1) Nivel Superior<br>El proyecto: La construcci\u00f3n de modelos y modelizaci\u00f3n como herramientas de aprendizaje y ense\u00f1anza de las Ciencias Naturales, de la Escuela Superior Manuel Belgrano de Educaci\u00f3n Superior de la ciudad de Simoca.<\/li>\n\n\n\n<li>2) Nivel Primario<br>Menci\u00f3n especial por la Modalidad EIB:<br>Mensajeros de la Pacha : Escuela N\u00b0 28 de Taf\u00ed del Valle.<br>Destaques o trabajos destacados: Feria de Ciencias:<br>Nivel Primario<br>3) Oculta en el tiempo<br>Escuela Monte Grande de la ciudad de Famaill\u00e1.<\/li>\n\n\n\n<li>Destacado con honor<br>Desaf\u00edo escolar: geometr\u00eda<br>Alumno de 6\u00b0 grado: Joaqu\u00edn \u00c1vila de la Escuela Municipal Petrona Jim\u00e9nez Campero de Adami.<\/li>\n<\/ul>\n\n\n\n<p>La Feria Nacional 2024 se desarrolla en cuatro fases aut\u00f3nomas: art\u00edstica, cient\u00edfica, matem\u00e1tica y tecnol\u00f3gica. En cada una se exhiben las propuestas que tienen a los ni\u00f1os y j\u00f3venes como protagonistas, junto con sus docentes. El objetivo es dar a conocer las producciones elaboradas en el contexto del aula, que est\u00e1n enfocadas en uno de los ejes de la propuesta STEAM.&nbsp;<\/p>\n\n\n\n<p>La tercera fase sigui\u00f3 a las etapas desarrolladas en San Miguel de Tucum\u00e1n y Mar del Plata, que reunieron a cientos de estudiantes y docentes en torno a los ejes art\u00edstico y matem\u00e1tico.\u00a0La cuarta y \u00faltima fase de 2024 se llevar\u00e1 a cabo en la Ciudad Aut\u00f3noma de Buenos Aires, y se centrar\u00e1 en el eje tecnol\u00f3gico.<\/p>\n\n\n\n<p><\/p>\n\n\n\n<p>Fuente: https:\/\/www.educaciontuc.gov.ar\/2024\/11\/11\/destacada-participacion-tucumana-en-la-feria-nacional-de-ciencias-en-cordoba\/<\/p>\n\n\n\n<p><\/p>\n","protected":false},"excerpt":{"rendered":"<p>La Feria de Educaci\u00f3n, Arte, Ciencias y Tecnolog\u00eda, que impulsa el Ministerio de Capital Humano a trav\u00e9s de la Secretar\u00eda de Educaci\u00f3n de la Naci\u00f3n, culmin\u00f3 la fase 3 \u2013 Foco Cient\u00edfico \u2013 en Villa Giardino, C\u00f3rdoba, en la que Tucum\u00e1n recibi\u00f3 tres distinciones y un destacado con honor. El evento, que se realiz\u00f3 desde &#8230; <a title=\"Destacada participaci\u00f3n tucumana en la Feria Nacional de Ciencias en C\u00f3rdoba\" class=\"read-more\" href=\"https:\/\/des-tuc.infd.edu.ar\/sitio\/destacada-participacion-tucumana-en-la-feria-nacional-de-ciencias-en-cordoba\/\" aria-label=\"More on Destacada participaci\u00f3n tucumana en la Feria Nacional de Ciencias en C\u00f3rdoba\">[+]<\/a><\/p>\n","protected":false},"author":543,"featured_media":10837,"comment_status":"closed","ping_status":"closed","sticky":false,"template":"","format":"standard","meta":[],"categories":[7,6],"tags":[],"acf":[],"_links":{"self":[{"href":"https:\/\/des-tuc.infd.edu.ar\/sitio\/wp-json\/wp\/v2\/posts\/10836"}],"collection":[{"href":"https:\/\/des-tuc.infd.edu.ar\/sitio\/wp-json\/wp\/v2\/posts"}],"about":[{"href":"https:\/\/des-tuc.infd.edu.ar\/sitio\/wp-json\/wp\/v2\/types\/post"}],"author":[{"embeddable":true,"href":"https:\/\/des-tuc.infd.edu.ar\/sitio\/wp-json\/wp\/v2\/users\/543"}],"replies":[{"embeddable":true,"href":"https:\/\/des-tuc.infd.edu.ar\/sitio\/wp-json\/wp\/v2\/comments?post=10836"}],"version-history":[{"count":1,"href":"https:\/\/des-tuc.infd.edu.ar\/sitio\/wp-json\/wp\/v2\/posts\/10836\/revisions"}],"predecessor-version":[{"id":10838,"href":"https:\/\/des-tuc.infd.edu.ar\/sitio\/wp-json\/wp\/v2\/posts\/10836\/revisions\/10838"}],"wp:featuredmedia":[{"embeddable":true,"href":"https:\/\/des-tuc.infd.edu.ar\/sitio\/wp-json\/wp\/v2\/media\/10837"}],"wp:attachment":[{"href":"https:\/\/des-tuc.infd.edu.ar\/sitio\/wp-json\/wp\/v2\/media?parent=10836"}],"wp:term":[{"taxonomy":"category","embeddable":true,"href":"https:\/\/des-tuc.infd.edu.ar\/sitio\/wp-json\/wp\/v2\/categories?post=10836"},{"taxonomy":"post_tag","embeddable":true,"href":"https:\/\/des-tuc.infd.edu.ar\/sitio\/wp-json\/wp\/v2\/tags?post=10836"}],"curies":[{"name":"wp","href":"https:\/\/api.w.org\/{rel}","templated":true}]}}