{"id":10824,"date":"2024-11-06T18:38:56","date_gmt":"2024-11-06T21:38:56","guid":{"rendered":"https:\/\/des-tuc.infd.edu.ar\/sitio\/?p=10824"},"modified":"2025-02-07T09:13:37","modified_gmt":"2025-02-07T12:13:37","slug":"6to-encuentro-de-radios-socioeducativas-de-tucuman","status":"publish","type":"post","link":"https:\/\/des-tuc.infd.edu.ar\/sitio\/6to-encuentro-de-radios-socioeducativas-de-tucuman\/","title":{"rendered":"6to Encuentro de Radios Socioeducativas de Tucum\u00e1n"},"content":{"rendered":"\n<p><em>La propuesta tendr\u00e1 dos sedes y busca ampliar el manejo pedag\u00f3gico de las herramientas digitales en el marco del uso de los medios de comunicaci\u00f3n p\u00fablicos de los Institutos de Ense\u00f1anza Superior <\/em><\/p>\n\n\n\n<p>La <strong>Direcci\u00f3n de Educaci\u00f3n Superior No Univrsitaria<\/strong> presenta su \u00ab<strong><em>6to Encuentor de Radios Socioeducativas<\/em><\/strong>: <strong><em>Voces sin fronteras<\/em><\/strong>\u00ab, con talleres destiandos a estudiantes y docentes. La propuesta busca enriquecer los conocimientos sobre herramientas digitales en el espacio de formaci\u00f3n docente y tecnicaturas, para una mejor formaci\u00f3n profesional y acorde a las demandas del conocmiento actual, para acompa\u00f1ar y profundizar estrategias y dispositivos de alfabetizaci\u00f3n ampliada, en el marco del <strong><em>Plan de Fortalecimiento Jurisdiccional 2024-Fortalecimiento de la Formaci\u00f3n Docente inicial y sus instituciones-Apoyo a las trayectorias estudiantiles en las instituciones de formaci\u00f3n docente<\/em><\/strong>.<\/p>\n\n\n\n<p>El Encuentro se llevar\u00e1 a cabo en dos sedes: en el IES Villa Quinteros, Av. Libertador s\/n en la comuna de Villa Quinteros, en donde se encuentra emplazada la emisora socioeducativa Frecuencia IES. La segunda localizaci\u00f3n es en Colalao del Valle, en la Escuela Secundaria Nuestra Se\u00f1ora del Rosario, Ruta Nacional 40, la cual cuenta con la instalaci\u00f3n de la emisora Radio Dionisio de Nivel Superior que contribuye a ambos niveles. <\/p>\n\n\n\n<p>Las actividades que se presentar\u00e1n son: Taller de Edici\u00f3n de Sonido, desde el cual se busca realizar pr\u00e1ctica directa de edici\u00f3n de audios, con heramientas de sotfware libres. Con esta iniciativa se pretende contribuir a producciones did\u00e1cticas para la implementaci\u00f3n en el plano formativo como la creaci\u00f3n desde comunicados a la producci\u00f3n de cuentos sonoros. <\/p>\n\n\n\n<p>La segunda propuesta es una charla-taller sobre producci\u00f3n de Streaming, una oportunidad para que los equipos de trabajo de las emisoras del Nivel Superior de la provincia, profundicen la aplicaci\u00f3n de dicho formato, de gran alcance en la actualidad y su potencialidad como entornos virtuales de aprendizaje, para contribuir a la interactividad de los nuevos formatos de medios de comunicaci\u00f3n y la aprticipaci\u00f3n activa de estudiantes y docentes en los mismos. <\/p>\n\n\n\n<p>El Encuentro de Radios Socioeducativas si bien se dirige a estudiantes y docentes involucrados en los espacios radiales de sus instituciones como ser de IES La Cocha, IES Villa Quinteros, IES Taf\u00ed del Valle &#8211; Extensi\u00f3n \u00c1ulica Colalao del Valle e IES Integraci\u00f3n de las Am\u00e9ricas. Tambi\u00e9n contar\u00e1 con la aprticipaci\u00f3n de docentes y estudiantes de institutos de influencia de cada zona, como ser del IES Amaicha para la sede de Colalao del Valle y de los institutos de R\u00edo Seco y Monteros en la sede de Villa Quinteros. <\/p>\n\n\n\n<p>Un detalle no menor, es que se abri\u00f3 la participaci\u00f3n para estudiantes del \u00faltimo a\u00f1o del Nivel Secundario de las escuelas locales, que deseen sumarse a la propuesta, como instancia de articulaci\u00f3n entre niveles, para contribuir a que accedan a las propuestas de los IES como futuros estudiantes de dichos establecimietos formativos. <\/p>\n\n\n\n<p>Para registrarse, los estudinates y docentes de ambos niveles que cumplen con los requisitos previamente detallados pueden hacerlo a trav\u00e9s del siguiente enlace: <a rel=\"noreferrer noopener\" href=\"https:\/\/docs.google.com\/forms\/d\/e\/1FAIpQLScUxgZqOn6IzZqg_E-ppCf8ejFu1yhc9QsJAMlbwxLiZXfEoA\/viewform?usp=pp_url\" data-type=\"URL\" data-id=\"https:\/\/docs.google.com\/forms\/d\/e\/1FAIpQLScUxgZqOn6IzZqg_E-ppCf8ejFu1yhc9QsJAMlbwxLiZXfEoA\/viewform?usp=pp_url\" target=\"_blank\">Quiero formar parte del 6to Encuentro de Radios Socioeducativas<\/a>.<\/p>\n\n\n\n<p>Descar\u00e1 el flyer para tener a mano todos los datos del Encuentro:<\/p>\n\n\n\n<p> <\/p>\n\n\n\n<figure class=\"wp-block-image size-large\"><img decoding=\"async\" loading=\"lazy\" width=\"1900\" height=\"1343\" src=\"https:\/\/des-tuc.infd.edu.ar\/sitio\/wp-content\/uploads\/2024\/11\/1000112039-1900x1343.jpg\" alt=\"\" class=\"wp-image-10828\" srcset=\"https:\/\/des-tuc.infd.edu.ar\/sitio\/wp-content\/uploads\/2024\/11\/1000112039-1900x1343.jpg 1900w, https:\/\/des-tuc.infd.edu.ar\/sitio\/wp-content\/uploads\/2024\/11\/1000112039-1000x707.jpg 1000w, https:\/\/des-tuc.infd.edu.ar\/sitio\/wp-content\/uploads\/2024\/11\/1000112039-768x543.jpg 768w, https:\/\/des-tuc.infd.edu.ar\/sitio\/wp-content\/uploads\/2024\/11\/1000112039-1536x1086.jpg 1536w, https:\/\/des-tuc.infd.edu.ar\/sitio\/wp-content\/uploads\/2024\/11\/1000112039.jpg 2000w\" sizes=\"(max-width: 1900px) 100vw, 1900px\" \/><\/figure>\n","protected":false},"excerpt":{"rendered":"<p>La propuesta tendr\u00e1 dos sedes y busca ampliar el manejo pedag\u00f3gico de las herramientas digitales en el marco del uso de los medios de comunicaci\u00f3n p\u00fablicos de los Institutos de Ense\u00f1anza Superior La Direcci\u00f3n de Educaci\u00f3n Superior No Univrsitaria presenta su \u00ab6to Encuentor de Radios Socioeducativas: Voces sin fronteras\u00ab, con talleres destiandos a estudiantes y &#8230; <a title=\"6to Encuentro de Radios Socioeducativas de Tucum\u00e1n\" class=\"read-more\" href=\"https:\/\/des-tuc.infd.edu.ar\/sitio\/6to-encuentro-de-radios-socioeducativas-de-tucuman\/\" aria-label=\"More on 6to Encuentro de Radios Socioeducativas de Tucum\u00e1n\">[+]<\/a><\/p>\n","protected":false},"author":536,"featured_media":10829,"comment_status":"closed","ping_status":"closed","sticky":false,"template":"","format":"standard","meta":[],"categories":[8,7,6],"tags":[],"acf":[],"_links":{"self":[{"href":"https:\/\/des-tuc.infd.edu.ar\/sitio\/wp-json\/wp\/v2\/posts\/10824"}],"collection":[{"href":"https:\/\/des-tuc.infd.edu.ar\/sitio\/wp-json\/wp\/v2\/posts"}],"about":[{"href":"https:\/\/des-tuc.infd.edu.ar\/sitio\/wp-json\/wp\/v2\/types\/post"}],"author":[{"embeddable":true,"href":"https:\/\/des-tuc.infd.edu.ar\/sitio\/wp-json\/wp\/v2\/users\/536"}],"replies":[{"embeddable":true,"href":"https:\/\/des-tuc.infd.edu.ar\/sitio\/wp-json\/wp\/v2\/comments?post=10824"}],"version-history":[{"count":1,"href":"https:\/\/des-tuc.infd.edu.ar\/sitio\/wp-json\/wp\/v2\/posts\/10824\/revisions"}],"predecessor-version":[{"id":10830,"href":"https:\/\/des-tuc.infd.edu.ar\/sitio\/wp-json\/wp\/v2\/posts\/10824\/revisions\/10830"}],"wp:featuredmedia":[{"embeddable":true,"href":"https:\/\/des-tuc.infd.edu.ar\/sitio\/wp-json\/wp\/v2\/media\/10829"}],"wp:attachment":[{"href":"https:\/\/des-tuc.infd.edu.ar\/sitio\/wp-json\/wp\/v2\/media?parent=10824"}],"wp:term":[{"taxonomy":"category","embeddable":true,"href":"https:\/\/des-tuc.infd.edu.ar\/sitio\/wp-json\/wp\/v2\/categories?post=10824"},{"taxonomy":"post_tag","embeddable":true,"href":"https:\/\/des-tuc.infd.edu.ar\/sitio\/wp-json\/wp\/v2\/tags?post=10824"}],"curies":[{"name":"wp","href":"https:\/\/api.w.org\/{rel}","templated":true}]}}