{"id":10820,"date":"2024-11-06T08:19:43","date_gmt":"2024-11-06T11:19:43","guid":{"rendered":"https:\/\/des-tuc.infd.edu.ar\/sitio\/?p=10820"},"modified":"2024-11-06T08:19:47","modified_gmt":"2024-11-06T11:19:47","slug":"becas-de-asistentes-de-idioma-en-francia","status":"publish","type":"post","link":"https:\/\/des-tuc.infd.edu.ar\/sitio\/becas-de-asistentes-de-idioma-en-francia\/","title":{"rendered":"Becas de Asistentes de Idioma en Francia"},"content":{"rendered":"\n<p><\/p>\n\n\n\n<p>El Programa de Becas Internacionales de la Direcci\u00f3n de Educaci\u00f3n Superior No Universitaria, informa&nbsp;que a partir del 5 de noviembre de 2024, se encuentra abierta la convocatoria para becas en Francia, destinadas a docentes y estudiantes de 3er y 4to a\u00f1o de los Profesorados de Franc\u00e9s, como as\u00ed tambi\u00e9n a estudiantes avanzados de cualquier carrera, que tengan un buen manejo del idioma.<\/p>\n\n\n\n<p>Esta beca ofrece la posibilidad de desempe\u00f1arse como asistente de idioma espa\u00f1ol en instituciones educativas de Francia, por un per\u00edodo de 7 meses, y cuenta con la financiaci\u00f3n del Ministerio de Capital Humano Argentino y de la Embajada Francesa,&nbsp;<\/p>\n\n\n\n<p>Los asistentes de lengua cumplen la funci\u00f3n de informantes ling\u00fc\u00edsticos, apoyando a estudiantes franceses en el aprendizaje del espa\u00f1ol, realizando con ellos actividades que les ayuden a desarrollar sus competencias ling\u00fc\u00edsticas,&nbsp;en un trabajo integrado con docentes nativos de Francia. Por otro lado, los&nbsp;asistentes de idioma son embajadores culturales, que representan a Argentina, mientras aprenden sobre la cultura del pa\u00eds anfitri\u00f3n y perfeccionan su manejo de la lengua extranjera.<\/p>\n\n\n\n<p>La inmersi\u00f3n cultural que ofrece esta experiencia tiene como objetivo principal estrechar lazos entre los dos pa\u00edses, aportando al crecimiento profesional, personal e intercultural de los j\u00f3venes profesionales y estudiantes argentinos.&nbsp;<\/p>\n\n\n\n<p>La convocatoria, que se encuentra abierta hasta el 20 de diciembre de 2024, consta de una inscripci\u00f3n online, el env\u00edo de la documentaci\u00f3n que acredita&nbsp;el cumplimiento de los requisitos, una evaluaci\u00f3n del conocimiento del idioma franc\u00e9s y una entrevista.<\/p>\n\n\n\n<p>A continuaci\u00f3n, les dejamos el link para acceder a toda la informaci\u00f3n:<\/p>\n\n\n\n<figure class=\"wp-block-embed\"><div class=\"wp-block-embed__wrapper\">\nhttps:\/\/www.argentina.gob.ar\/educacion\/campusargentinaglobal\/becas-extranjero\/ministerio-gobiernofrancia\n<\/div><\/figure>\n\n\n\n<p>Quienes est\u00e9n interesados, podr\u00e1n asistir a una charla virtual informativa, el d\u00eda 12 de noviembre de 2024, a las 10:00 horas, ingresando al siguiente link:<\/p>\n\n\n\n<figure class=\"wp-block-embed\"><div class=\"wp-block-embed__wrapper\">\nhttps:\/\/meet.google.com\/xff-gamg-zku\n<\/div><\/figure>\n","protected":false},"excerpt":{"rendered":"<p>El Programa de Becas Internacionales de la Direcci\u00f3n de Educaci\u00f3n Superior No Universitaria, informa&nbsp;que a partir del 5 de noviembre de 2024, se encuentra abierta la convocatoria para becas en Francia, destinadas a docentes y estudiantes de 3er y 4to a\u00f1o de los Profesorados de Franc\u00e9s, como as\u00ed tambi\u00e9n a estudiantes avanzados de cualquier carrera, &#8230; <a title=\"Becas de Asistentes de Idioma en Francia\" class=\"read-more\" href=\"https:\/\/des-tuc.infd.edu.ar\/sitio\/becas-de-asistentes-de-idioma-en-francia\/\" aria-label=\"More on Becas de Asistentes de Idioma en Francia\">[+]<\/a><\/p>\n","protected":false},"author":543,"featured_media":0,"comment_status":"closed","ping_status":"closed","sticky":false,"template":"","format":"standard","meta":[],"categories":[7,6],"tags":[],"acf":[],"_links":{"self":[{"href":"https:\/\/des-tuc.infd.edu.ar\/sitio\/wp-json\/wp\/v2\/posts\/10820"}],"collection":[{"href":"https:\/\/des-tuc.infd.edu.ar\/sitio\/wp-json\/wp\/v2\/posts"}],"about":[{"href":"https:\/\/des-tuc.infd.edu.ar\/sitio\/wp-json\/wp\/v2\/types\/post"}],"author":[{"embeddable":true,"href":"https:\/\/des-tuc.infd.edu.ar\/sitio\/wp-json\/wp\/v2\/users\/543"}],"replies":[{"embeddable":true,"href":"https:\/\/des-tuc.infd.edu.ar\/sitio\/wp-json\/wp\/v2\/comments?post=10820"}],"version-history":[{"count":1,"href":"https:\/\/des-tuc.infd.edu.ar\/sitio\/wp-json\/wp\/v2\/posts\/10820\/revisions"}],"predecessor-version":[{"id":10821,"href":"https:\/\/des-tuc.infd.edu.ar\/sitio\/wp-json\/wp\/v2\/posts\/10820\/revisions\/10821"}],"wp:attachment":[{"href":"https:\/\/des-tuc.infd.edu.ar\/sitio\/wp-json\/wp\/v2\/media?parent=10820"}],"wp:term":[{"taxonomy":"category","embeddable":true,"href":"https:\/\/des-tuc.infd.edu.ar\/sitio\/wp-json\/wp\/v2\/categories?post=10820"},{"taxonomy":"post_tag","embeddable":true,"href":"https:\/\/des-tuc.infd.edu.ar\/sitio\/wp-json\/wp\/v2\/tags?post=10820"}],"curies":[{"name":"wp","href":"https:\/\/api.w.org\/{rel}","templated":true}]}}