{"id":10812,"date":"2024-10-28T15:12:24","date_gmt":"2024-10-28T18:12:24","guid":{"rendered":"https:\/\/des-tuc.infd.edu.ar\/sitio\/?p=10812"},"modified":"2024-10-28T15:12:26","modified_gmt":"2024-10-28T18:12:26","slug":"inicio-la-ixa-semana-de-las-artes-con-el-vi-foro-provincial-de-educacion-artistica-en-el-teatro-san-martin","status":"publish","type":"post","link":"https:\/\/des-tuc.infd.edu.ar\/sitio\/inicio-la-ixa-semana-de-las-artes-con-el-vi-foro-provincial-de-educacion-artistica-en-el-teatro-san-martin\/","title":{"rendered":"Inici\u00f3 la IX\u00aa Semana de las Artes con el VI\u00b0 Foro Provincial de Educaci\u00f3n Art\u00edstica en el Teatro San Mart\u00edn"},"content":{"rendered":"\n<p>En el Teatro San Mart\u00edn, qued\u00f3 inaugurada la IX\u00aa Semana de las Artes con la apertura del VI\u00b0 Foro Provincial de Educaci\u00f3n Art\u00edstica 2024, bajo el lema&nbsp;<em>\u201cEl arte est\u00e1 siendo: desaf\u00edos actuales de la ense\u00f1anza y aprendizaje art\u00edstico en la escuela\u201d<\/em>.<\/p>\n\n\n\n<p>Encabezaron la apertura la ministra de Educaci\u00f3n,&nbsp;<strong>Susana Montaldo<\/strong>; la secretaria de Educaci\u00f3n,&nbsp;<strong>Gabriela Gallardo<\/strong>; la directora de Educaci\u00f3n Superior No Universitaria y Art\u00edstica,&nbsp;<strong>Silvina Fern\u00e1ndez<\/strong>; y la coordinadora de la Modalidad de Educaci\u00f3n Art\u00edstica,&nbsp;<strong>Andrea Cardozo<\/strong>. Adem\u00e1s, acompa\u00f1\u00f3 la directora de Educaci\u00f3n Secundaria,&nbsp;<strong>Rosa Casares<\/strong>, directivos, supervisores y docentes del sistema educativo.<\/p>\n\n\n\n<p>Estuvieron presentes tambi\u00e9n la Escuela Educaci\u00f3n por el Arte, el Taller Musical y la Escuela de T\u00edteres. Realizando una intervenci\u00f3n art\u00edstica, fueron protagonistas estudiantes de Escuela de Arte Popular de Monteros, interpretando \u201cEl cosechero\u201d de Ram\u00f3n Ayala y \u201cVida de colores\u201d, canci\u00f3n de Aida Bossa.<\/p>\n\n\n\n<p>El Foro propone hacer foco en los desaf\u00edos de la ense\u00f1anza y el aprendizaje art\u00edstico. En el contexto actual, la educaci\u00f3n art\u00edstica tiene un rol estrat\u00e9gico en el ejercicio de la reflexi\u00f3n cr\u00edtica, la creatividad colectiva e individual, as\u00ed como la promoci\u00f3n de valores igualitarios para el desarrollo de una ciudadan\u00eda plena. Repensar la ense\u00f1anza y el aprendizaje art\u00edstico es imprescindible en un mundo que asiste a un proceso de cambios vertiginosos; y en ese sentido, es una invitaci\u00f3n a reflexionar sobre el arte y la educaci\u00f3n como herramienta de transformaci\u00f3n social, desde diferentes posicionamientos situados que dialogan con el contexto pol\u00edtico, socio hist\u00f3rico, cultural e institucional en el que se desarrolla.<\/p>\n\n\n\n<p>Los foristas invitados son: Bruno Juliano, Licenciado en Artes Pl\u00e1sticas y Doctor en Historia del Arte; Adri\u00e1n Sosa, Licenciado en Artes Pl\u00e1sticas; Sonia Saracho, Profesora en Letras e Int\u00e9rprete Dram\u00e1tico; Silvina Judith Mu\u00f1oz, Profesora de artes con orientaci\u00f3n en m\u00fasica y Supervisora de Educaci\u00f3n Musical de zona Norte de la Provincia de Tucum\u00e1n; y Sergio Liz\u00e1rraga, Profesor en Letras, Escritor.<\/p>\n\n\n\n<p>Tambi\u00e9n impartir\u00e1n conferencias Nadia Mar\u00eda Juliana Heredia, Doctora en Educaci\u00f3n, Profesora y Licenciada en Filosof\u00eda por la Universidad Nacional del COMAHUE; y Juli\u00e1n Pellegrini, Licenciado en Psicolog\u00eda.<\/p>\n\n\n\n<p>Tras el acto inaugural, la ministra Susana Montaldo, dijo: \u201cEstamos en la novena edici\u00f3n de la Semana de las Artes y realmente ver toda la producci\u00f3n musical, de cer\u00e1mica, de las distintas artes, es algo muy importante para la educaci\u00f3n en la provincia porque no se trata solo del desarrollo de la inteligencia cognitiva sino la inteligencia emocional que se desarrolla fundamentalmente a trav\u00e9s de las distintas \u00e1reas art\u00edsticas que permitan a las personas expresarse adem\u00e1s la realidad no es algo que se construye de una vez para siempre, sino a trav\u00e9s de las artes por eso hablamos de recrear la realidad todo esto permite a los chicos ir creando nuevas realidades y adem\u00e1s siendo m\u00e1s flexible formar para la diversidad porque vemos como cada ni\u00f1o expresa de una manera diferente a trav\u00e9s de la m\u00fasica del teatro de las artes pl\u00e1sticas una misma situaci\u00f3n entonces esto nos permite tener una amplitud de mente a poder convivir con la diversidad con la pluralidad\u201d.<\/p>\n\n\n\n<p>Luego, la titular de la cartera, agreg\u00f3: \u201cA trav\u00e9s de las artes expresamos nuestros sentimientos y tambi\u00e9n construimos valores en relaci\u00f3n con la solidaridad, al respeto por el otro que es capaz de expresarse de una manera diferente. As\u00ed que hoy, celebrando que existan las artes y que est\u00e9n en la educaci\u00f3n para poder generar una sociedad cada vez m\u00e1s amplia, m\u00e1s rica, que se crea su cultura, sus tradiciones y que nos ense\u00f1a a vivir solidariamente en comunidad\u201d.<\/p>\n\n\n\n<p>Luego, la coordinadora Andrea Cardozo, explic\u00f3: \u201cEstamos inaugurando la novena Semana de las Artes y el sexto Foro de Educaci\u00f3n Art\u00edstica. Este a\u00f1o el lema es, el arte est\u00e1 haciendo en la escuela y eso es lo que queremos transmitir, de que el arte est\u00e1 haciendo y estar\u00e1 haciendo siempre en la escuela. Durante toda esta semana de las artes hay diferentes acciones en cada una de las escuelas, tambi\u00e9n ya los profes vienen trabajando en las escuelas art\u00edsticas, en las vocacionales, en las escuelas orientadas, en arte y en todos los niveles educativos\u201d.<\/p>\n\n\n\n<p>Adem\u00e1s, la referente detall\u00f3 que \u201cEn todas las escuelas va a haber actividades en esta semana. Nosotros tambi\u00e9n tenemos planificado para el d\u00eda martes, un convite en el Museo Iramain. El jueves vamos a realizar en el Teatro San Mart\u00edn el primer Festival de Educaci\u00f3n Art\u00edstica, ah\u00ed vamos a tener producciones art\u00edsticas de todos los niveles tambi\u00e9n, ac\u00e1 en este espacio tan hermoso. En este lugar donde los alumnos van a tener la oportunidad de hacer arte en este gran escenario, como es el Teatro San Mart\u00edn. Esta es una semana de plena visibilizaci\u00f3n, todo el a\u00f1o estamos visibiliz\u00e1ndonos como tales, porque la m\u00fasica no puede faltar en ning\u00fan lado, la danza, el teatro, las artes visuales, audiovisuales, estamos presentes en cada momento. As\u00ed que, esto es una semana m\u00e1s todav\u00eda de las artes, pero es algo muy importante\u201d.<\/p>\n\n\n\n<p>Fuente: https:\/\/www.educaciontuc.gov.ar\/2024\/10\/28\/inicio-la-ixa-semana-de-las-artes-con-el-vi-foro-provincial-de-educacion-artistica-en-el-teatro-san-martin\/<\/p>\n\n\n\n<p><\/p>\n","protected":false},"excerpt":{"rendered":"<p>En el Teatro San Mart\u00edn, qued\u00f3 inaugurada la IX\u00aa Semana de las Artes con la apertura del VI\u00b0 Foro Provincial de Educaci\u00f3n Art\u00edstica 2024, bajo el lema&nbsp;\u201cEl arte est\u00e1 siendo: desaf\u00edos actuales de la ense\u00f1anza y aprendizaje art\u00edstico en la escuela\u201d. Encabezaron la apertura la ministra de Educaci\u00f3n,&nbsp;Susana Montaldo; la secretaria de Educaci\u00f3n,&nbsp;Gabriela Gallardo; la &#8230; <a title=\"Inici\u00f3 la IX\u00aa Semana de las Artes con el VI\u00b0 Foro Provincial de Educaci\u00f3n Art\u00edstica en el Teatro San Mart\u00edn\" class=\"read-more\" href=\"https:\/\/des-tuc.infd.edu.ar\/sitio\/inicio-la-ixa-semana-de-las-artes-con-el-vi-foro-provincial-de-educacion-artistica-en-el-teatro-san-martin\/\" aria-label=\"More on Inici\u00f3 la IX\u00aa Semana de las Artes con el VI\u00b0 Foro Provincial de Educaci\u00f3n Art\u00edstica en el Teatro San Mart\u00edn\">[+]<\/a><\/p>\n","protected":false},"author":543,"featured_media":10813,"comment_status":"closed","ping_status":"closed","sticky":false,"template":"","format":"standard","meta":[],"categories":[7,6],"tags":[],"acf":[],"_links":{"self":[{"href":"https:\/\/des-tuc.infd.edu.ar\/sitio\/wp-json\/wp\/v2\/posts\/10812"}],"collection":[{"href":"https:\/\/des-tuc.infd.edu.ar\/sitio\/wp-json\/wp\/v2\/posts"}],"about":[{"href":"https:\/\/des-tuc.infd.edu.ar\/sitio\/wp-json\/wp\/v2\/types\/post"}],"author":[{"embeddable":true,"href":"https:\/\/des-tuc.infd.edu.ar\/sitio\/wp-json\/wp\/v2\/users\/543"}],"replies":[{"embeddable":true,"href":"https:\/\/des-tuc.infd.edu.ar\/sitio\/wp-json\/wp\/v2\/comments?post=10812"}],"version-history":[{"count":1,"href":"https:\/\/des-tuc.infd.edu.ar\/sitio\/wp-json\/wp\/v2\/posts\/10812\/revisions"}],"predecessor-version":[{"id":10814,"href":"https:\/\/des-tuc.infd.edu.ar\/sitio\/wp-json\/wp\/v2\/posts\/10812\/revisions\/10814"}],"wp:featuredmedia":[{"embeddable":true,"href":"https:\/\/des-tuc.infd.edu.ar\/sitio\/wp-json\/wp\/v2\/media\/10813"}],"wp:attachment":[{"href":"https:\/\/des-tuc.infd.edu.ar\/sitio\/wp-json\/wp\/v2\/media?parent=10812"}],"wp:term":[{"taxonomy":"category","embeddable":true,"href":"https:\/\/des-tuc.infd.edu.ar\/sitio\/wp-json\/wp\/v2\/categories?post=10812"},{"taxonomy":"post_tag","embeddable":true,"href":"https:\/\/des-tuc.infd.edu.ar\/sitio\/wp-json\/wp\/v2\/tags?post=10812"}],"curies":[{"name":"wp","href":"https:\/\/api.w.org\/{rel}","templated":true}]}}