{"id":10809,"date":"2024-10-28T15:10:10","date_gmt":"2024-10-28T18:10:10","guid":{"rendered":"https:\/\/des-tuc.infd.edu.ar\/sitio\/?p=10809"},"modified":"2024-10-28T15:10:12","modified_gmt":"2024-10-28T18:10:12","slug":"equipos-tecnicos-pedagogicos-del-ministerio-se-capacitaron-en-educacion-emocional","status":"publish","type":"post","link":"https:\/\/des-tuc.infd.edu.ar\/sitio\/equipos-tecnicos-pedagogicos-del-ministerio-se-capacitaron-en-educacion-emocional\/","title":{"rendered":"Equipos t\u00e9cnicos pedag\u00f3gicos del ministerio se capacitaron en educaci\u00f3n emocional"},"content":{"rendered":"\n<p>En las instalaciones del Centro de Innovaci\u00f3n, CIIDEPT, se desarroll\u00f3 la capacitaci\u00f3n \u201cLas Emociones en la Trama Escolar: \u00bfC\u00f3mo tejer v\u00ednculos sensibles?\u201d dictada por la Dra. En Educaci\u00f3n Carina Kaplan destinada a equipos t\u00e9cnicos pedag\u00f3gicos del Ministerio de Educaci\u00f3n. La misma se realiz\u00f3 en el marco de la implementaci\u00f3n de la Ley Provincial N\u00b09676 de Educaci\u00f3n Emocional.<\/p>\n\n\n\n<p>Participaron de la apertura la Ministra de Educaci\u00f3n,<strong>&nbsp;Susana Montaldo<\/strong>; la secretaria de estado de Educaci\u00f3n,&nbsp;<strong>Gabriela Gallardo<\/strong>; y la Dra. en Educaci\u00f3n&nbsp;<strong>Carina Kaplan<\/strong>; adem\u00e1s, acompa\u00f1aron directores de nivel, supervisores y referentes de equipos.<\/p>\n\n\n\n<p>La Ley Provincial N\u00b09.676, que introduce la obligatoriedad de la educaci\u00f3n emocional en establecimientos de Educaci\u00f3n P\u00fablica de gesti\u00f3n estatal o privada de los Niveles Inicial, Primario y Secundario, dependientes del Sistema Educativo Provincial, representa una respuesta urgente para lograr la adecuaci\u00f3n frente a los nuevos desaf\u00edos que enfrenta la instituci\u00f3n escolar y la misma pedagog\u00eda. La implementaci\u00f3n de esta ley no es solo un avance en la educaci\u00f3n formal, sino un paso decisivo hacia la formaci\u00f3n integral de estudiantes que no solo posean conocimientos acad\u00e9micos, sino que tambi\u00e9n est\u00e9n fortalecidos con las habilidades emocionales y sociales necesarias para desenvolverse en una sociedad compleja y en constante cambio.<\/p>\n\n\n\n<p>Mar\u00eda Pastrana, jefa del SASE, sostuvo, \u201cla verdad que es excelente esta capacitaci\u00f3n que nos viene a dar Karina Kaplan, justamente en el marco de la aplicaci\u00f3n de la Ley de Educaci\u00f3n Emocional en la provincia, a trav\u00e9s de la cual estamos desarrollando una serie de actividades para implementarla efectivamente. Ahora estamos organizando una capacitaci\u00f3n con puntaje docente a trav\u00e9s de la plataforma del ministerio que va a estar&nbsp;destinada justamente a la formaci\u00f3n, a la capacitaci\u00f3n para tener conocimiento sobre esta ley\u201d.<\/p>\n\n\n\n<p>Sandra N\u00fa\u00f1ez, pedagoga del GPI, departamento de Alberdi, manifest\u00f3 \u201csi bien la escuela siempre ha contenido y sostenido a los alumnos, muchas veces no se hablaba acerca de ese tema, es por eso que si bien el Equipo de Orientaci\u00f3n Escolar viene trabajando desde hace mucho tiempo en las escuelas, esta ley es muy importante para que se trabaje directamente en las diferentes instituciones en lo que a educaci\u00f3n emocional respecta\u201d.<\/p>\n\n\n\n<p>Fuente: https:\/\/www.educaciontuc.gov.ar\/2024\/10\/25\/equipos-tecnicos-pedagogicos-del-ministerio-se-capacitaron-en-educacion-emocional\/<\/p>\n","protected":false},"excerpt":{"rendered":"<p>En las instalaciones del Centro de Innovaci\u00f3n, CIIDEPT, se desarroll\u00f3 la capacitaci\u00f3n \u201cLas Emociones en la Trama Escolar: \u00bfC\u00f3mo tejer v\u00ednculos sensibles?\u201d dictada por la Dra. En Educaci\u00f3n Carina Kaplan destinada a equipos t\u00e9cnicos pedag\u00f3gicos del Ministerio de Educaci\u00f3n. La misma se realiz\u00f3 en el marco de la implementaci\u00f3n de la Ley Provincial N\u00b09676 de &#8230; <a title=\"Equipos t\u00e9cnicos pedag\u00f3gicos del ministerio se capacitaron en educaci\u00f3n emocional\" class=\"read-more\" href=\"https:\/\/des-tuc.infd.edu.ar\/sitio\/equipos-tecnicos-pedagogicos-del-ministerio-se-capacitaron-en-educacion-emocional\/\" aria-label=\"More on Equipos t\u00e9cnicos pedag\u00f3gicos del ministerio se capacitaron en educaci\u00f3n emocional\">[+]<\/a><\/p>\n","protected":false},"author":543,"featured_media":10810,"comment_status":"closed","ping_status":"closed","sticky":false,"template":"","format":"standard","meta":[],"categories":[7,6],"tags":[],"acf":[],"_links":{"self":[{"href":"https:\/\/des-tuc.infd.edu.ar\/sitio\/wp-json\/wp\/v2\/posts\/10809"}],"collection":[{"href":"https:\/\/des-tuc.infd.edu.ar\/sitio\/wp-json\/wp\/v2\/posts"}],"about":[{"href":"https:\/\/des-tuc.infd.edu.ar\/sitio\/wp-json\/wp\/v2\/types\/post"}],"author":[{"embeddable":true,"href":"https:\/\/des-tuc.infd.edu.ar\/sitio\/wp-json\/wp\/v2\/users\/543"}],"replies":[{"embeddable":true,"href":"https:\/\/des-tuc.infd.edu.ar\/sitio\/wp-json\/wp\/v2\/comments?post=10809"}],"version-history":[{"count":1,"href":"https:\/\/des-tuc.infd.edu.ar\/sitio\/wp-json\/wp\/v2\/posts\/10809\/revisions"}],"predecessor-version":[{"id":10811,"href":"https:\/\/des-tuc.infd.edu.ar\/sitio\/wp-json\/wp\/v2\/posts\/10809\/revisions\/10811"}],"wp:featuredmedia":[{"embeddable":true,"href":"https:\/\/des-tuc.infd.edu.ar\/sitio\/wp-json\/wp\/v2\/media\/10810"}],"wp:attachment":[{"href":"https:\/\/des-tuc.infd.edu.ar\/sitio\/wp-json\/wp\/v2\/media?parent=10809"}],"wp:term":[{"taxonomy":"category","embeddable":true,"href":"https:\/\/des-tuc.infd.edu.ar\/sitio\/wp-json\/wp\/v2\/categories?post=10809"},{"taxonomy":"post_tag","embeddable":true,"href":"https:\/\/des-tuc.infd.edu.ar\/sitio\/wp-json\/wp\/v2\/tags?post=10809"}],"curies":[{"name":"wp","href":"https:\/\/api.w.org\/{rel}","templated":true}]}}