{"id":10806,"date":"2024-10-28T15:08:28","date_gmt":"2024-10-28T18:08:28","guid":{"rendered":"https:\/\/des-tuc.infd.edu.ar\/sitio\/?p=10806"},"modified":"2024-10-28T15:08:29","modified_gmt":"2024-10-28T18:08:29","slug":"la-especialista-carina-kaplan-dicto-una-conferencia-sobre-educacion-emocional-para-docentes-tucumanos","status":"publish","type":"post","link":"https:\/\/des-tuc.infd.edu.ar\/sitio\/la-especialista-carina-kaplan-dicto-una-conferencia-sobre-educacion-emocional-para-docentes-tucumanos\/","title":{"rendered":"La especialista Carina Kaplan dict\u00f3 una conferencia sobre Educaci\u00f3n Emocional para docentes tucumanos"},"content":{"rendered":"\n<p>En el Aula Magna de la Facultad de Derecho de la UNT y organizada por el Ministerio de Educaci\u00f3n en el marco de la implementaci\u00f3n de la Ley Provincial N\u00b0 9.676 de Educaci\u00f3n Emocional, se dict\u00f3 la conferencia&nbsp;<strong>\u201cLas Emociones en la Trama Escolar: \u00bfC\u00f3mo tejer v\u00ednculos sensibles?\u201d<\/strong>, a cargo de la doctora en Educaci\u00f3n, Carina Kaplan. En simult\u00e1neo, el contenido se transmiti\u00f3 en vivo por YouTube.<\/p>\n\n\n\n<p>Particip\u00f3 de la apertura de la conferencia, la ministra de Educaci\u00f3n,&nbsp;<strong>Susana Montaldo<\/strong>, que estuvo acompa\u00f1ada por la intendenta de la Municipalidad de Alderetes,&nbsp;<strong>Graciela Guti\u00e9rrez<\/strong>. Tambi\u00e9n se hizo presente la secretaria de Estado de Educaci\u00f3n,&nbsp;<strong>Gabriela Gallardo<\/strong>; directores de nivel y modalidades, supervisores, directivos, asesores pedag\u00f3gicos, docentes de todo el sistema educativo y representantes del Colegio de Pedagogos.<\/p>\n\n\n\n<p>La conferencista&nbsp;<strong>Carina Kaplan<\/strong>&nbsp;es Doctora en Educaci\u00f3n por la Universidad de Buenos Aires y Mag\u00edster en Ciencias Sociales con menci\u00f3n en Educaci\u00f3n por FLACSO. Realiz\u00f3 estudios de posdoctorado en la Universidad Estadual de R\u00edo de Janeiro. Es Investigadora Independiente del CONICET, profesora en la Facultad de Filosof\u00eda y Letras de la Universidad Nacional de Buenos Aires y en la Facultad de Humanidades y Ciencias de Educaci\u00f3n de la Universidad Nacional de La Plata.<\/p>\n\n\n\n<p>Adem\u00e1s, dirige el Programa de Investigaci\u00f3n sobre Transformaciones, Subjetividad y Procesos Educativos en el IICE, FFyL UBA. Es autora y coautora de numerosas publicaciones, fue galardonada con el Premio Domingo Faustino Sarmiento 2000 con el tema Educaci\u00f3n y empleo en el marco de la globalizaci\u00f3n, Premio a la Producci\u00f3n cient\u00edfica y tecnol\u00f3gica, otorgados por la secretar\u00eda de Ciencia y T\u00e9cnica de la Universidad Nacional de Buenos Aires.<\/p>\n\n\n\n<p>En la apertura de la conferencia, la ministra Montaldo, destac\u00f3:&nbsp;<em>\u201cInvitamos a Carina Kaplan, que es una especialista en Educaci\u00f3n Emocional, porque realmente consideramos que en la escuela hoy es tan importante el avance del \u00e1mbito cognoscitivo, el \u00e1mbito acad\u00e9mico tiene que incluir la educaci\u00f3n emocional, porque tenemos que aprender a convivir, aprender a gestionar nuestras emociones para poder tener una sociedad con una sana convivencia. Nosotros tenemos muchas dificultades en el pa\u00eds con los chicos, cuando salen de los boliches o distintos temas de bullying. Entonces, en la escuela queremos que los j\u00f3venes aprendan a descubrir sus emociones, a saber gestionarla y tambi\u00e9n a convivir respetuosamente con sus compa\u00f1eros. En esto los docentes tenemos que tener estrategias para trabajar con los chicos y tambi\u00e9n aprender a escuchar y a acompa\u00f1arlos para que ellos puedan, adem\u00e1s de tener una sana convivencia, construir autoestima. Si no se valora, va a valorar al otro tambi\u00e9n, as\u00ed que es todo un \u00e1mbito importante para construir una sana convivencia y una sociedad m\u00e1s democr\u00e1tica\u201d<\/em>.<\/p>\n\n\n\n<p>A su turno, la doctora en Educaci\u00f3n, Carina Kaplan, profesora e investigadora de la Universidad de Buenos Aires, de la Universidad Nacional de La Plata y del Conicet, coment\u00f3:&nbsp;<em>\u201cEn primer lugar, agradecer por la invitaci\u00f3n, siempre es un placer venir ac\u00e1 invitada por la ministra y todo su equipo. Vine a conversar con las docentes, los equipos directivos y todos los que conforman el sistema escolar. Conversar acerca de las emociones en la escuela, c\u00f3mo hacer para promover culturas afectivas que permitan producir v\u00ednculos de solidaridad y de respeto, c\u00f3mo hacer para interrumpir ciertas formas de violencia que son bastante comunes y habituales en las escuelas, tanto las violencias f\u00edsicas como las violencias simb\u00f3licas, teniendo en cuenta que generan un dolor social y que la escuela es una instituci\u00f3n que necesita reparar el dolor social o reparar las heridas sociales<\/em>\u201c.<\/p>\n\n\n\n<p>Adem\u00e1s, Kaplan agreg\u00f3:&nbsp;<em>\u201cA mi criterio, trabajar sobre las emociones tiene que ver con educar en la sensibilidad por el otro, lograr que desde la escuela se tenga sensibilidad por el sufrimiento del otro. Por eso a m\u00ed me interesa pensar el dolor social para que ninguna ni\u00f1a, ninguna ni\u00f1a, ning\u00fan joven sufra en la escuela y no tenga una experiencia de soledad. Estamos en un tiempo en que la escuela necesita transformarse en un refugio simb\u00f3lico para las infancias y las juventudes. La escuela es un territorio de esperanza, es un horizonte de posibilidad, tuerce destinos y la escuela transforma profundamente la vida de nuestros ni\u00f1os, nuestras ni\u00f1as y nuestros j\u00f3venes\u201d<\/em>.<\/p>\n\n\n\n<p>Luego,&nbsp;<strong>Patricia Ib\u00e1\u00f1ez<\/strong>, directora de la Escuela Ra\u00fal Colombres de la Capital, expres\u00f3:&nbsp;<em>\u201cNosotros consideramos que los ni\u00f1os necesitan ciertas herramientas para gestionar sus emociones y mejorar su impronta en la trayectoria escolar. Yo considero que estos eventos le pueden comenzar a dar un encuadre a esas gestiones que intentan beneficiar, no solo acad\u00e9micamente, sino emocionalmente, a los ni\u00f1os. Es muy importante la Ley de Educaci\u00f3n Emocional, que promueve este Ministerio tambi\u00e9n, tambi\u00e9n para toda la docencia en general. Es una ley que va a promover, va a beneficiar el entramado que tiene la educaci\u00f3n emocional dentro de los v\u00ednculos y los aspectos del paradigma de la salud\u201d<\/em>.<\/p>\n\n\n\n<p>Finalmente,&nbsp;<strong>Susana Guti\u00e9rrez<\/strong>, directora de la Escuela N\u00b0 110, Gobernador Celedonio Guti\u00e9rrez de la localidad de Alderetes, cont\u00f3:&nbsp;<em>\u201cEs muy grato participar de esta conferencia importante que nuestra ministra, la profesora Susana Montaldo, ha gestionado y ha trabajado mucho para que esta ley sea una realidad en nuestra provincia. En educaci\u00f3n es sumamente relevante que todas las escuelas de la provincia puedan aplicar. Necesitamos acompa\u00f1ar a nuestros ni\u00f1os desde las emociones\u201d<\/em>.<\/p>\n\n\n\n<p>Para revivir la conferencia completa, hacer click\u00a0<a rel=\"noreferrer noopener\" href=\"https:\/\/www.youtube.com\/live\/FoHw_Uc8QcA?si=L77INgkOzhdJAOz7\" target=\"_blank\"><strong>en este link<\/strong><\/a>.<\/p>\n\n\n\n<p><\/p>\n\n\n\n<p>Fuente: https:\/\/www.educaciontuc.gov.ar\/2024\/10\/25\/la-especialista-carina-kaplan-dicto-una-conferencia-sobre-educacion-emocional-para-docentes-tucumanos\/<\/p>\n","protected":false},"excerpt":{"rendered":"<p>En el Aula Magna de la Facultad de Derecho de la UNT y organizada por el Ministerio de Educaci\u00f3n en el marco de la implementaci\u00f3n de la Ley Provincial N\u00b0 9.676 de Educaci\u00f3n Emocional, se dict\u00f3 la conferencia&nbsp;\u201cLas Emociones en la Trama Escolar: \u00bfC\u00f3mo tejer v\u00ednculos sensibles?\u201d, a cargo de la doctora en Educaci\u00f3n, Carina &#8230; <a title=\"La especialista Carina Kaplan dict\u00f3 una conferencia sobre Educaci\u00f3n Emocional para docentes tucumanos\" class=\"read-more\" href=\"https:\/\/des-tuc.infd.edu.ar\/sitio\/la-especialista-carina-kaplan-dicto-una-conferencia-sobre-educacion-emocional-para-docentes-tucumanos\/\" aria-label=\"More on La especialista Carina Kaplan dict\u00f3 una conferencia sobre Educaci\u00f3n Emocional para docentes tucumanos\">[+]<\/a><\/p>\n","protected":false},"author":543,"featured_media":10807,"comment_status":"closed","ping_status":"closed","sticky":false,"template":"","format":"standard","meta":[],"categories":[7,6],"tags":[],"acf":[],"_links":{"self":[{"href":"https:\/\/des-tuc.infd.edu.ar\/sitio\/wp-json\/wp\/v2\/posts\/10806"}],"collection":[{"href":"https:\/\/des-tuc.infd.edu.ar\/sitio\/wp-json\/wp\/v2\/posts"}],"about":[{"href":"https:\/\/des-tuc.infd.edu.ar\/sitio\/wp-json\/wp\/v2\/types\/post"}],"author":[{"embeddable":true,"href":"https:\/\/des-tuc.infd.edu.ar\/sitio\/wp-json\/wp\/v2\/users\/543"}],"replies":[{"embeddable":true,"href":"https:\/\/des-tuc.infd.edu.ar\/sitio\/wp-json\/wp\/v2\/comments?post=10806"}],"version-history":[{"count":1,"href":"https:\/\/des-tuc.infd.edu.ar\/sitio\/wp-json\/wp\/v2\/posts\/10806\/revisions"}],"predecessor-version":[{"id":10808,"href":"https:\/\/des-tuc.infd.edu.ar\/sitio\/wp-json\/wp\/v2\/posts\/10806\/revisions\/10808"}],"wp:featuredmedia":[{"embeddable":true,"href":"https:\/\/des-tuc.infd.edu.ar\/sitio\/wp-json\/wp\/v2\/media\/10807"}],"wp:attachment":[{"href":"https:\/\/des-tuc.infd.edu.ar\/sitio\/wp-json\/wp\/v2\/media?parent=10806"}],"wp:term":[{"taxonomy":"category","embeddable":true,"href":"https:\/\/des-tuc.infd.edu.ar\/sitio\/wp-json\/wp\/v2\/categories?post=10806"},{"taxonomy":"post_tag","embeddable":true,"href":"https:\/\/des-tuc.infd.edu.ar\/sitio\/wp-json\/wp\/v2\/tags?post=10806"}],"curies":[{"name":"wp","href":"https:\/\/api.w.org\/{rel}","templated":true}]}}