{"id":10803,"date":"2024-10-28T15:06:32","date_gmt":"2024-10-28T18:06:32","guid":{"rendered":"https:\/\/des-tuc.infd.edu.ar\/sitio\/?p=10803"},"modified":"2024-10-28T15:06:33","modified_gmt":"2024-10-28T18:06:33","slug":"cuatro-escuelas-tucumanas-sobresalieron-en-el-eje-matematico-de-la-feria-nacional-de-ciencias-en-mar-del-plata","status":"publish","type":"post","link":"https:\/\/des-tuc.infd.edu.ar\/sitio\/cuatro-escuelas-tucumanas-sobresalieron-en-el-eje-matematico-de-la-feria-nacional-de-ciencias-en-mar-del-plata\/","title":{"rendered":"Cuatro escuelas tucumanas sobresalieron en el eje matem\u00e1tico de la Feria Nacional de Ciencias en Mar del Plata"},"content":{"rendered":"\n<p>Organizada por el Ministerio de Capital Humano, a trav\u00e9s de la Secretar\u00eda de Educaci\u00f3n, se llev\u00f3 a cabo en Mar del Plata la segunda fase (eje matem\u00e1tico) de la Feria Nacional de Educaci\u00f3n, Artes, Ciencias y Tecnolog\u00eda 2024. En ese marco, donde alrededor de 200 estudiantes junto con 70 docentes de 20 jurisdicciones del pa\u00eds presentaron 74 proyectos, Tucum\u00e1n obtuvo una menci\u00f3n especial, un proyecto destacado, una menci\u00f3n de socio honorario y una menci\u00f3n por participaci\u00f3n distinguida en desaf\u00edos matem\u00e1ticos.<\/p>\n\n\n\n<p>En ese sentido, el proyecto&nbsp;<strong>\u201cLa Huerta Geom\u00e9trica\u201d<\/strong>&nbsp;de los alumnos de 6\u00b0 grado de la Escuela \u201cDoctor Pedro Medrano\u201d, de Pueblo Viejo \u2013 La Cocha, obtuvo una Menci\u00f3n Especial.<\/p>\n\n\n\n<p>Adem\u00e1s, la propuesta \u201c<strong>Erast\u00f3tenes, el radio terrestre, sombras y algo m\u00e1s\u2026\u201d<\/strong>&nbsp;del Instituto de Educaci\u00f3n Superior \u201cLola Mora\u201d de San Miguel de Tucum\u00e1n, fue proyecto destacado.<\/p>\n\n\n\n<p>En tanto que, el proyecto invitado&nbsp;<strong>\u201c\u00bfQu\u00e9 esconde esta casa?\u201d,&nbsp;<\/strong>de los alumnos de la Escuela de Nivel Inicial N\u00b0 58 \u201cProvincia de Salta, de la localidad Gobernador Garmendia \u2013 Burruyac\u00fa, obtuvo la menci\u00f3n Socio Honorario por parte de la Biblioteca Nacional de Maestros.<\/p>\n\n\n\n<p>Finalmente, la Escuela N\u00b0 287 de Santa Ana, que particip\u00f3 en el desaf\u00edo educativo&nbsp;<strong>\u201cLa geometr\u00eda en el nivel primario\u201d<\/strong>, obtuvo menci\u00f3n por participaci\u00f3n distinguida.<\/p>\n\n\n\n<p>Las pr\u00f3ximas fases de la Feria Nacional de Educaci\u00f3n, Artes, Ciencias y Tecnolog\u00eda se desarrollar\u00e1n del 5 al 7 de noviembre en Villa Giardino, C\u00f3rdoba; y del 26 al 28 de noviembre en la Ciudad Aut\u00f3noma de Buenos Aires. Los proyectos que en estas instancias se exhiben tendr\u00e1n como eje lo cient\u00edfico y tecnol\u00f3gico.\u00a0<\/p>\n\n\n\n<p>Fuente: https:\/\/www.educaciontuc.gov.ar\/2024\/10\/25\/cuatro-escuelas-tucumanas-sobresalieron-en-el-eje-matematico-de-la-feria-nacional-de-ciencias-en-mar-del-plata\/<\/p>\n\n\n\n<p><\/p>\n\n\n\n<p><\/p>\n","protected":false},"excerpt":{"rendered":"<p>Organizada por el Ministerio de Capital Humano, a trav\u00e9s de la Secretar\u00eda de Educaci\u00f3n, se llev\u00f3 a cabo en Mar del Plata la segunda fase (eje matem\u00e1tico) de la Feria Nacional de Educaci\u00f3n, Artes, Ciencias y Tecnolog\u00eda 2024. En ese marco, donde alrededor de 200 estudiantes junto con 70 docentes de 20 jurisdicciones del pa\u00eds &#8230; <a title=\"Cuatro escuelas tucumanas sobresalieron en el eje matem\u00e1tico de la Feria Nacional de Ciencias en Mar del Plata\" class=\"read-more\" href=\"https:\/\/des-tuc.infd.edu.ar\/sitio\/cuatro-escuelas-tucumanas-sobresalieron-en-el-eje-matematico-de-la-feria-nacional-de-ciencias-en-mar-del-plata\/\" aria-label=\"More on Cuatro escuelas tucumanas sobresalieron en el eje matem\u00e1tico de la Feria Nacional de Ciencias en Mar del Plata\">[+]<\/a><\/p>\n","protected":false},"author":543,"featured_media":10804,"comment_status":"closed","ping_status":"closed","sticky":false,"template":"","format":"standard","meta":[],"categories":[7,6],"tags":[],"acf":[],"_links":{"self":[{"href":"https:\/\/des-tuc.infd.edu.ar\/sitio\/wp-json\/wp\/v2\/posts\/10803"}],"collection":[{"href":"https:\/\/des-tuc.infd.edu.ar\/sitio\/wp-json\/wp\/v2\/posts"}],"about":[{"href":"https:\/\/des-tuc.infd.edu.ar\/sitio\/wp-json\/wp\/v2\/types\/post"}],"author":[{"embeddable":true,"href":"https:\/\/des-tuc.infd.edu.ar\/sitio\/wp-json\/wp\/v2\/users\/543"}],"replies":[{"embeddable":true,"href":"https:\/\/des-tuc.infd.edu.ar\/sitio\/wp-json\/wp\/v2\/comments?post=10803"}],"version-history":[{"count":1,"href":"https:\/\/des-tuc.infd.edu.ar\/sitio\/wp-json\/wp\/v2\/posts\/10803\/revisions"}],"predecessor-version":[{"id":10805,"href":"https:\/\/des-tuc.infd.edu.ar\/sitio\/wp-json\/wp\/v2\/posts\/10803\/revisions\/10805"}],"wp:featuredmedia":[{"embeddable":true,"href":"https:\/\/des-tuc.infd.edu.ar\/sitio\/wp-json\/wp\/v2\/media\/10804"}],"wp:attachment":[{"href":"https:\/\/des-tuc.infd.edu.ar\/sitio\/wp-json\/wp\/v2\/media?parent=10803"}],"wp:term":[{"taxonomy":"category","embeddable":true,"href":"https:\/\/des-tuc.infd.edu.ar\/sitio\/wp-json\/wp\/v2\/categories?post=10803"},{"taxonomy":"post_tag","embeddable":true,"href":"https:\/\/des-tuc.infd.edu.ar\/sitio\/wp-json\/wp\/v2\/tags?post=10803"}],"curies":[{"name":"wp","href":"https:\/\/api.w.org\/{rel}","templated":true}]}}