{"id":10739,"date":"2024-10-22T10:36:32","date_gmt":"2024-10-22T13:36:32","guid":{"rendered":"https:\/\/des-tuc.infd.edu.ar\/sitio\/?p=10739"},"modified":"2024-10-22T10:36:34","modified_gmt":"2024-10-22T13:36:34","slug":"tucuman-cerro-con-exito-la-feria-nacional-de-educacion-artes-ciencias-y-tecnologia-2024","status":"publish","type":"post","link":"https:\/\/des-tuc.infd.edu.ar\/sitio\/tucuman-cerro-con-exito-la-feria-nacional-de-educacion-artes-ciencias-y-tecnologia-2024\/","title":{"rendered":"Tucum\u00e1n cerr\u00f3 con \u00e9xito la Feria Nacional de Educaci\u00f3n, Artes, Ciencias y Tecnolog\u00eda 2024"},"content":{"rendered":"\n<p>En el Teatro San Mart\u00edn, finaliz\u00f3 el eje art\u00edstico de la Feria Nacional de Educaci\u00f3n, Artes, Ciencias y Tecnolog\u00eda 2024, que tuvo a Tucum\u00e1n como provincia anfitriona, producto de un trabajo articulado con el Ministerio de Capital Humano.<\/p>\n\n\n\n<p>El acto de clausura y la entrega de distinciones estuvo encabezado por la ministra de Educaci\u00f3n,&nbsp;<strong>Susana Montaldo<\/strong>; y por parte del Ministerio de Capital Humano de la Naci\u00f3n y su Secretar\u00eda de Educaci\u00f3n, estuvo representando el director Nacional de Inclusi\u00f3n y Extensi\u00f3n Educativa,&nbsp;<strong>Mauricio Terr\u00f3n Miguez<\/strong>; y el coordinador del \u00e1rea de Actividades Cient\u00edficas,&nbsp;<strong>Horacio Tignanelli<\/strong>. Tambi\u00e9n participaron secretarios de Estado, subsecretarios, directores de nivel del Ministerio de Educaci\u00f3n de Tucum\u00e1n, coordinadores de \u00e1reas y modalidades.<\/p>\n\n\n\n<p>En la oportunidad, se realizaron n\u00fameros art\u00edsticos y musicales, a cargo de la Orquesta Bernab\u00e9 Ar\u00e1oz, de alumnos y docentes de las escuelas de alta monta\u00f1a: N\u00b0 50 Santa Cecilia, de la localidad de Los Zazos, y N\u00b0 10 Claudia V\u00e9lez de Cano, de la localidad de Amaicha del Valle. Adem\u00e1s, estudiantes del Conservatorio Provincial de M\u00fasica y de la Escuela Superior de Educaci\u00f3n Art\u00edstica (ESEA), alumnos de las escuelas<br>de Los Zazos y Amaicha, y el Coro Juvenil del Programa de Coros y Orquestas de Tucum\u00e1n.<\/p>\n\n\n\n<p>Finalmente, las delegaciones protagonistas culminaron la instancia compartiendo una merienda con achilatas y panchuques t\u00edpicos de Tucum\u00e1n, en las instalaciones del Colegio Nacional Bartolom\u00e9 Mitre.<\/p>\n\n\n\n<p>La Feria Nacional de Educaci\u00f3n, Artes, Ciencias y Tecnolog\u00eda 2024 (Eje Art\u00edstico), que convoc\u00f3 a 173 expositores de 19 provincias y 86 proyectos, cont\u00f3 con m\u00e1s de 3500 visitantes durante su desarrollo en la provincia de Tucum\u00e1n.<\/p>\n\n\n\n<p><strong>Trabajos destacados:<\/strong><\/p>\n\n\n\n<p>N\u00b0 58 \u2013 Proyecto: ReutilizARTE. Escuela Santiago Gallo (Primaria) \u2013 Localidad: La Esperanza, Tucum\u00e1n.<\/p>\n\n\n\n<p>N\u00b0 89 \u2013 Proyecto: Verde de Par\u00eds. Escuela Superior de Educaci\u00f3n Art\u00edstica en Artes Visuales \u201cLola Mora\u201d (Secundaria) \u2013 Localidad: CABA.<\/p>\n\n\n\n<p>N\u00b0 68 \u2013 Proyecto: Experiencias did\u00e1cticas en acci\u00f3n. Instituto de Educaci\u00f3n Superior N\u00b0 4. Localidad: San Salvador, Jujuy.<\/p>\n\n\n\n<p>N\u00b0 67 \u2013 Proyecto: Abriendo miradas. Colegio Inform\u00e1tico San Juan de Vera (Inicial). Localidad: Corrientes.<\/p>\n\n\n\n<p>N\u00b0 42 \u2013 Proyecto: Guardianes del fuego. Escuela de Educaci\u00f3n Especial N\u00b0 13 (Primaria). Localidad: Saujil, Catamarca.<\/p>\n\n\n\n<p>N\u00b0 80 \u2013 Proyecto: Encantados. EPEP N\u00b0 379 Soberan\u00eda Nacional (Primaria). Localidad: Formosa.<\/p>\n\n\n\n<p>N\u00b0 85 \u2013 Proyecto: Arte para la inclusi\u00f3n. Profesorado Superior Human\u00edstico T\u00e9cnico Vittorino Chizzolini (Superior). Localidad: Santiago del Estero.<\/p>\n\n\n\n<p>N\u00b0 76 \u2013 Proyecto: Luz, c\u00e1mara, acci\u00f3n. Escuela Provincial de Comercio Famatina (Secundaria). Localidad: Famatina, La Rioja.<\/p>\n\n\n\n<p>N\u00b0 39 \u2013 Proyecto: Arte textil para jugar y crear. Escuela N\u00b0 403 \u201cDomingo Faustino Sarmiento\u201d (Inicial). Localidad: Comodoro Rivadavia, Chubut.<\/p>\n\n\n\n<p>N\u00b0 95 \u2013 Proyecto: Instrumentos Musicales Ancestrales QOM. EPES N\u00b0 1 EIB NAMQOM (Secundaria). Localidad: Formosa.<\/p>\n\n\n\n<p><strong>Menciones especiales de la Comisi\u00f3n Nacional de Valoraci\u00f3n:<\/strong>&nbsp;Escuela N\u00b0 744 Pablo Pizzurno (Santa Fe), Escuela Superior en Educaci\u00f3n Art\u00edstica en Danza \u201cAida Victoria Mastrazzi\u201d (Bs. As.), EPES N\u00b0 2 Batalla de Maip\u00fa (Formosa), Escuela Servicio Hospitalaria y Domiciliaria N\u00b0 3 (Chaco), J.I.N N\u00b0 8 (Jujuy), Escuela Especial N\u00b0 504 Declaraci\u00f3n de los Derechos del Ni\u00f1o (Bs. As.), Colegio Secundario 1er Tte. de las F.A.A. Miguel \u00c1ngel Gim\u00e9nez (Corrientes), Escuela del Cono Sur (Tierra del Fuego e Islas del Atl\u00e1ntico Sur), Escuela N\u00b0 154 Mateo Jorge G\u00f3mez (La Rioja), Escuela Gral. Jos\u00e9 de San Mart\u00edn (C\u00f3rdoba).<\/p>\n\n\n\n<p><strong>Menciones especiales<\/strong>&nbsp;<strong>del Consejo Educativo Aut\u00f3nomo de los Pueblos Ind\u00edgenas:<\/strong>&nbsp;E.P.G.S. N\u00b0 7 (Chaco), Escuela EIB N\u00b0 970 (Misiones), Escuela Primaria Com\u00fan Albergue Dr. Federico Cantoni Emer (San Juan), EPEP N\u00b0 148 (Formosa), Escuela Primaria N\u00b0 320 (Neuqu\u00e9n), EPES N\u00b0 1 EIB NAMQOM (Formosa).<\/p>\n\n\n\n<p><strong>Menciones especiales de la Biblioteca Nacional de Maestros:<\/strong>&nbsp;E.E T\u00e9cnico Profesional N\u00b0 456 Hip\u00f3lito Yrigoyen (Santa Fe), Escuela Secundaria Barrio Valle Grande (San Juan), Escuela N\u00b0 471 (Jujuy), Colegio del Prado (San Juan), EPEP N\u00b0 254 Antonio Cabral (Formosa), NENI N\u00b0 2136 (Misiones), Instituto de Formaci\u00f3n Docente N\u00b0 4 (Neuqu\u00e9n), N\u00facleo Educativo N\u00b0 7178 (Salta), Escuela N\u00b0 154 Mateo Jorge G\u00f3mez (La Rioja), Instituto San Ignacio de Loyola (Santiago del Estero).<\/p>\n\n\n\n<p>Durante su discurso, la ministra Susana Montaldo, valor\u00f3: \u201cPara todos los que somos docentes, verlos a ustedes vincularse con el conocimiento, generar nuevos conocimientos con creatividad, realmente es como sentir que el trabajo est\u00e1 cumplido. Los chicos van a ser las pr\u00f3ximas generaciones que van a enriquecer este pa\u00eds, pero no solo por los conocimientos y la creatividad de cada uno de ustedes, no solo por los proyectos que nos han venido a mostrar en esta feria, sino tambi\u00e9n por los valores que han tra\u00eddo\u201d.<\/p>\n\n\n\n<p>Adem\u00e1s, la funcionaria agreg\u00f3: \u201cQuiero agradecer a todos los que est\u00e1n aqu\u00ed y a los que no est\u00e1n, pero que hicieron posible que esta feria se desarrollara del modo en el que se desarroll\u00f3. Traigo el afectuoso saludo del gobernador Osvaldo Jaldo, que disfrut\u00f3 con cada uno de los stands y personas que pudo visitar. Se fue muy contento, enriquecido y con un alto grado de esperanza. Esta feria ha sido para nosotros un soplo de esperanza; hay aqu\u00ed una ni\u00f1ez y una juventud pujante que quiere tener un pa\u00eds mejor, m\u00e1s solidario, m\u00e1s fraterno, m\u00e1s democr\u00e1tico\u201d.<\/p>\n\n\n\n<p>A su turno, Terr\u00f3n Miguez, expres\u00f3: \u201cRealmente han sido d\u00edas muy intensos, es muy bonito terminar en el Teatro San Mart\u00edn. Quiero agradecerle a todas las personas que colaboraron en esta semana. Tenemos que llevar y federalizar mucho m\u00e1s estas acciones, porque las provincias se tienen que conocer y hacerlo en Tucum\u00e1n tiene que ver con eso: dar las oportunidades a las provincias para que puedan mostrar todo su potencial, para que la Argentina pueda conocerse a s\u00ed misma. El arte tambi\u00e9n genera riqueza, valor agregado, y estos chicos estuvieron ac\u00e1 mostrando todo esto\u201d.<\/p>\n\n\n\n<p>Mar\u00eda Jos\u00e9 Oppido, alumna de la Escuela Lola Mora de C.A.B.A., cont\u00f3 sus emociones: \u201cTodav\u00eda no caigo. Ser premiados fue algo inesperado, llor\u00e9 porque hice historia en el colegio, es un premio muy honrado para m\u00ed y para toda la escuela. Es la primera vez que vengo a esta provincia y llegar ac\u00e1, ver todo esto, probar achilata fue lo mejor que me pas\u00f3\u201d.<\/p>\n\n\n\n<p>Sara, alumna de la Escuela Domingo de Oro, desliz\u00f3: \u201cEst\u00e1 lindo que vengan y conozcan Tucum\u00e1n. Es una provincia en la que pueden conocer muchas personas, estoy contenta, todos estamos contentos y me da gusto haber conocido una provincia que nunca hab\u00eda conocido.<\/p>\n\n\n\n<p>Alex, alumno de la Escuela N\u00b0 114, de Santa Mar\u00eda \u2013 Catamarca, cerr\u00f3: \u201cEstuvimos exponiendo todos juntos, no conoc\u00eda a Tucum\u00e1n, la verdad fue muy lindo venir y hacer el recorrido por la Casa de Gobierno. Fue divertido porque est\u00e1bamos juntos e hicimos nuevos amigos\u201d.<\/p>\n\n\n\n<p><strong><a rel=\"noreferrer noopener\" href=\"https:\/\/www.youtube.com\/live\/T-ROskfbHcA?si=q0OqRn0W7WPQhI2f\" target=\"_blank\">Reviv\u00ed el Acto de Clausura completo en este link.<\/a><\/strong><\/p>\n\n\n\n<p>Fuente: https:\/\/www.educaciontuc.gov.ar\/2024\/09\/27\/tucuman-cerro-con-exito-la-feria-nacional-de-educacion-artes-ciencias-y-tecnologia-2024\/<\/p>\n\n\n\n<figure class=\"wp-block-gallery has-nested-images columns-default is-cropped wp-block-gallery-1 is-layout-flex\">\n<figure class=\"wp-block-image size-full\"><img decoding=\"async\" loading=\"lazy\" width=\"1600\" height=\"1066\" data-id=\"10745\"  src=\"https:\/\/des-tuc.infd.edu.ar\/sitio\/wp-content\/uploads\/2024\/10\/Cierre-Feria-de-Cs-46.jpeg\" alt=\"\" class=\"wp-image-10745\" srcset=\"https:\/\/des-tuc.infd.edu.ar\/sitio\/wp-content\/uploads\/2024\/10\/Cierre-Feria-de-Cs-46.jpeg 1600w, https:\/\/des-tuc.infd.edu.ar\/sitio\/wp-content\/uploads\/2024\/10\/Cierre-Feria-de-Cs-46-1000x666.jpeg 1000w, https:\/\/des-tuc.infd.edu.ar\/sitio\/wp-content\/uploads\/2024\/10\/Cierre-Feria-de-Cs-46-768x512.jpeg 768w, https:\/\/des-tuc.infd.edu.ar\/sitio\/wp-content\/uploads\/2024\/10\/Cierre-Feria-de-Cs-46-1536x1023.jpeg 1536w\" sizes=\"(max-width: 1600px) 100vw, 1600px\" \/><\/figure>\n\n\n\n<figure class=\"wp-block-image size-full\"><img decoding=\"async\" loading=\"lazy\" width=\"1600\" height=\"1066\" data-id=\"10742\"  src=\"https:\/\/des-tuc.infd.edu.ar\/sitio\/wp-content\/uploads\/2024\/10\/Cierre-Feria-de-Cs-45.jpeg\" alt=\"\" class=\"wp-image-10742\" srcset=\"https:\/\/des-tuc.infd.edu.ar\/sitio\/wp-content\/uploads\/2024\/10\/Cierre-Feria-de-Cs-45.jpeg 1600w, https:\/\/des-tuc.infd.edu.ar\/sitio\/wp-content\/uploads\/2024\/10\/Cierre-Feria-de-Cs-45-1000x666.jpeg 1000w, https:\/\/des-tuc.infd.edu.ar\/sitio\/wp-content\/uploads\/2024\/10\/Cierre-Feria-de-Cs-45-768x512.jpeg 768w, https:\/\/des-tuc.infd.edu.ar\/sitio\/wp-content\/uploads\/2024\/10\/Cierre-Feria-de-Cs-45-1536x1023.jpeg 1536w\" sizes=\"(max-width: 1600px) 100vw, 1600px\" \/><\/figure>\n\n\n\n<figure class=\"wp-block-image size-full\"><img decoding=\"async\" loading=\"lazy\" width=\"1600\" height=\"1066\" data-id=\"10743\"  src=\"https:\/\/des-tuc.infd.edu.ar\/sitio\/wp-content\/uploads\/2024\/10\/Cierre-Feria-de-Cs-44.jpeg\" alt=\"\" class=\"wp-image-10743\" srcset=\"https:\/\/des-tuc.infd.edu.ar\/sitio\/wp-content\/uploads\/2024\/10\/Cierre-Feria-de-Cs-44.jpeg 1600w, https:\/\/des-tuc.infd.edu.ar\/sitio\/wp-content\/uploads\/2024\/10\/Cierre-Feria-de-Cs-44-1000x666.jpeg 1000w, https:\/\/des-tuc.infd.edu.ar\/sitio\/wp-content\/uploads\/2024\/10\/Cierre-Feria-de-Cs-44-768x512.jpeg 768w, https:\/\/des-tuc.infd.edu.ar\/sitio\/wp-content\/uploads\/2024\/10\/Cierre-Feria-de-Cs-44-1536x1023.jpeg 1536w\" sizes=\"(max-width: 1600px) 100vw, 1600px\" \/><\/figure>\n\n\n\n<figure class=\"wp-block-image size-full\"><img decoding=\"async\" loading=\"lazy\" width=\"1600\" height=\"1066\" data-id=\"10744\"  src=\"https:\/\/des-tuc.infd.edu.ar\/sitio\/wp-content\/uploads\/2024\/10\/Cierre-Feria-de-Cs-43.jpeg\" alt=\"\" class=\"wp-image-10744\" srcset=\"https:\/\/des-tuc.infd.edu.ar\/sitio\/wp-content\/uploads\/2024\/10\/Cierre-Feria-de-Cs-43.jpeg 1600w, https:\/\/des-tuc.infd.edu.ar\/sitio\/wp-content\/uploads\/2024\/10\/Cierre-Feria-de-Cs-43-1000x666.jpeg 1000w, https:\/\/des-tuc.infd.edu.ar\/sitio\/wp-content\/uploads\/2024\/10\/Cierre-Feria-de-Cs-43-768x512.jpeg 768w, https:\/\/des-tuc.infd.edu.ar\/sitio\/wp-content\/uploads\/2024\/10\/Cierre-Feria-de-Cs-43-1536x1023.jpeg 1536w\" sizes=\"(max-width: 1600px) 100vw, 1600px\" \/><\/figure>\n\n\n\n<figure class=\"wp-block-image size-full\"><img decoding=\"async\" loading=\"lazy\" width=\"1600\" height=\"1066\" data-id=\"10741\"  src=\"https:\/\/des-tuc.infd.edu.ar\/sitio\/wp-content\/uploads\/2024\/10\/Cierre-Feria-de-Cs-42.jpeg\" alt=\"\" class=\"wp-image-10741\" srcset=\"https:\/\/des-tuc.infd.edu.ar\/sitio\/wp-content\/uploads\/2024\/10\/Cierre-Feria-de-Cs-42.jpeg 1600w, https:\/\/des-tuc.infd.edu.ar\/sitio\/wp-content\/uploads\/2024\/10\/Cierre-Feria-de-Cs-42-1000x666.jpeg 1000w, https:\/\/des-tuc.infd.edu.ar\/sitio\/wp-content\/uploads\/2024\/10\/Cierre-Feria-de-Cs-42-768x512.jpeg 768w, https:\/\/des-tuc.infd.edu.ar\/sitio\/wp-content\/uploads\/2024\/10\/Cierre-Feria-de-Cs-42-1536x1023.jpeg 1536w\" sizes=\"(max-width: 1600px) 100vw, 1600px\" \/><\/figure>\n\n\n\n<figure class=\"wp-block-image size-full\"><img decoding=\"async\" loading=\"lazy\" width=\"1600\" height=\"1066\" data-id=\"10746\"  src=\"https:\/\/des-tuc.infd.edu.ar\/sitio\/wp-content\/uploads\/2024\/10\/Cierre-Feria-de-Cs-41.jpeg\" alt=\"\" class=\"wp-image-10746\" srcset=\"https:\/\/des-tuc.infd.edu.ar\/sitio\/wp-content\/uploads\/2024\/10\/Cierre-Feria-de-Cs-41.jpeg 1600w, https:\/\/des-tuc.infd.edu.ar\/sitio\/wp-content\/uploads\/2024\/10\/Cierre-Feria-de-Cs-41-1000x666.jpeg 1000w, https:\/\/des-tuc.infd.edu.ar\/sitio\/wp-content\/uploads\/2024\/10\/Cierre-Feria-de-Cs-41-768x512.jpeg 768w, https:\/\/des-tuc.infd.edu.ar\/sitio\/wp-content\/uploads\/2024\/10\/Cierre-Feria-de-Cs-41-1536x1023.jpeg 1536w\" sizes=\"(max-width: 1600px) 100vw, 1600px\" \/><\/figure>\n\n\n\n<figure class=\"wp-block-image size-full\"><img decoding=\"async\" loading=\"lazy\" width=\"1600\" height=\"1066\" data-id=\"10747\"  src=\"https:\/\/des-tuc.infd.edu.ar\/sitio\/wp-content\/uploads\/2024\/10\/Cierre-Feria-de-Cs-40.jpeg\" alt=\"\" class=\"wp-image-10747\" srcset=\"https:\/\/des-tuc.infd.edu.ar\/sitio\/wp-content\/uploads\/2024\/10\/Cierre-Feria-de-Cs-40.jpeg 1600w, https:\/\/des-tuc.infd.edu.ar\/sitio\/wp-content\/uploads\/2024\/10\/Cierre-Feria-de-Cs-40-1000x666.jpeg 1000w, https:\/\/des-tuc.infd.edu.ar\/sitio\/wp-content\/uploads\/2024\/10\/Cierre-Feria-de-Cs-40-768x512.jpeg 768w, https:\/\/des-tuc.infd.edu.ar\/sitio\/wp-content\/uploads\/2024\/10\/Cierre-Feria-de-Cs-40-1536x1023.jpeg 1536w\" sizes=\"(max-width: 1600px) 100vw, 1600px\" \/><\/figure>\n\n\n\n<figure class=\"wp-block-image size-full\"><img decoding=\"async\" loading=\"lazy\" width=\"1600\" height=\"1066\" data-id=\"10748\"  src=\"https:\/\/des-tuc.infd.edu.ar\/sitio\/wp-content\/uploads\/2024\/10\/Cierre-Feria-de-Cs-39.jpeg\" alt=\"\" class=\"wp-image-10748\" srcset=\"https:\/\/des-tuc.infd.edu.ar\/sitio\/wp-content\/uploads\/2024\/10\/Cierre-Feria-de-Cs-39.jpeg 1600w, https:\/\/des-tuc.infd.edu.ar\/sitio\/wp-content\/uploads\/2024\/10\/Cierre-Feria-de-Cs-39-1000x666.jpeg 1000w, https:\/\/des-tuc.infd.edu.ar\/sitio\/wp-content\/uploads\/2024\/10\/Cierre-Feria-de-Cs-39-768x512.jpeg 768w, https:\/\/des-tuc.infd.edu.ar\/sitio\/wp-content\/uploads\/2024\/10\/Cierre-Feria-de-Cs-39-1536x1023.jpeg 1536w\" sizes=\"(max-width: 1600px) 100vw, 1600px\" \/><\/figure>\n\n\n\n<figure class=\"wp-block-image size-full\"><img decoding=\"async\" loading=\"lazy\" width=\"1600\" height=\"1066\" data-id=\"10757\"  src=\"https:\/\/des-tuc.infd.edu.ar\/sitio\/wp-content\/uploads\/2024\/10\/Cierre-Feria-de-Cs-38.jpeg\" alt=\"\" class=\"wp-image-10757\" srcset=\"https:\/\/des-tuc.infd.edu.ar\/sitio\/wp-content\/uploads\/2024\/10\/Cierre-Feria-de-Cs-38.jpeg 1600w, https:\/\/des-tuc.infd.edu.ar\/sitio\/wp-content\/uploads\/2024\/10\/Cierre-Feria-de-Cs-38-1000x666.jpeg 1000w, https:\/\/des-tuc.infd.edu.ar\/sitio\/wp-content\/uploads\/2024\/10\/Cierre-Feria-de-Cs-38-768x512.jpeg 768w, https:\/\/des-tuc.infd.edu.ar\/sitio\/wp-content\/uploads\/2024\/10\/Cierre-Feria-de-Cs-38-1536x1023.jpeg 1536w\" sizes=\"(max-width: 1600px) 100vw, 1600px\" \/><\/figure>\n\n\n\n<figure class=\"wp-block-image size-full\"><img decoding=\"async\" loading=\"lazy\" width=\"1600\" height=\"1066\" data-id=\"10749\"  src=\"https:\/\/des-tuc.infd.edu.ar\/sitio\/wp-content\/uploads\/2024\/10\/Cierre-Feria-de-Cs-37.jpeg\" alt=\"\" class=\"wp-image-10749\" srcset=\"https:\/\/des-tuc.infd.edu.ar\/sitio\/wp-content\/uploads\/2024\/10\/Cierre-Feria-de-Cs-37.jpeg 1600w, https:\/\/des-tuc.infd.edu.ar\/sitio\/wp-content\/uploads\/2024\/10\/Cierre-Feria-de-Cs-37-1000x666.jpeg 1000w, https:\/\/des-tuc.infd.edu.ar\/sitio\/wp-content\/uploads\/2024\/10\/Cierre-Feria-de-Cs-37-768x512.jpeg 768w, https:\/\/des-tuc.infd.edu.ar\/sitio\/wp-content\/uploads\/2024\/10\/Cierre-Feria-de-Cs-37-1536x1023.jpeg 1536w\" sizes=\"(max-width: 1600px) 100vw, 1600px\" \/><\/figure>\n\n\n\n<figure class=\"wp-block-image size-full\"><img decoding=\"async\" loading=\"lazy\" width=\"1600\" height=\"1066\" data-id=\"10750\"  src=\"https:\/\/des-tuc.infd.edu.ar\/sitio\/wp-content\/uploads\/2024\/10\/Cierre-Feria-de-Cs-36.jpeg\" alt=\"\" class=\"wp-image-10750\" srcset=\"https:\/\/des-tuc.infd.edu.ar\/sitio\/wp-content\/uploads\/2024\/10\/Cierre-Feria-de-Cs-36.jpeg 1600w, https:\/\/des-tuc.infd.edu.ar\/sitio\/wp-content\/uploads\/2024\/10\/Cierre-Feria-de-Cs-36-1000x666.jpeg 1000w, https:\/\/des-tuc.infd.edu.ar\/sitio\/wp-content\/uploads\/2024\/10\/Cierre-Feria-de-Cs-36-768x512.jpeg 768w, https:\/\/des-tuc.infd.edu.ar\/sitio\/wp-content\/uploads\/2024\/10\/Cierre-Feria-de-Cs-36-1536x1023.jpeg 1536w\" sizes=\"(max-width: 1600px) 100vw, 1600px\" \/><\/figure>\n\n\n\n<figure class=\"wp-block-image size-full\"><img decoding=\"async\" loading=\"lazy\" width=\"1600\" height=\"1066\" data-id=\"10753\"  src=\"https:\/\/des-tuc.infd.edu.ar\/sitio\/wp-content\/uploads\/2024\/10\/Cierre-Feria-de-Cs-35.jpeg\" alt=\"\" class=\"wp-image-10753\" srcset=\"https:\/\/des-tuc.infd.edu.ar\/sitio\/wp-content\/uploads\/2024\/10\/Cierre-Feria-de-Cs-35.jpeg 1600w, https:\/\/des-tuc.infd.edu.ar\/sitio\/wp-content\/uploads\/2024\/10\/Cierre-Feria-de-Cs-35-1000x666.jpeg 1000w, https:\/\/des-tuc.infd.edu.ar\/sitio\/wp-content\/uploads\/2024\/10\/Cierre-Feria-de-Cs-35-768x512.jpeg 768w, https:\/\/des-tuc.infd.edu.ar\/sitio\/wp-content\/uploads\/2024\/10\/Cierre-Feria-de-Cs-35-1536x1023.jpeg 1536w\" sizes=\"(max-width: 1600px) 100vw, 1600px\" \/><\/figure>\n\n\n\n<figure class=\"wp-block-image size-full\"><img decoding=\"async\" loading=\"lazy\" width=\"1600\" height=\"1066\" data-id=\"10751\"  src=\"https:\/\/des-tuc.infd.edu.ar\/sitio\/wp-content\/uploads\/2024\/10\/Cierre-Feria-de-Cs-34.jpeg\" alt=\"\" class=\"wp-image-10751\" srcset=\"https:\/\/des-tuc.infd.edu.ar\/sitio\/wp-content\/uploads\/2024\/10\/Cierre-Feria-de-Cs-34.jpeg 1600w, https:\/\/des-tuc.infd.edu.ar\/sitio\/wp-content\/uploads\/2024\/10\/Cierre-Feria-de-Cs-34-1000x666.jpeg 1000w, https:\/\/des-tuc.infd.edu.ar\/sitio\/wp-content\/uploads\/2024\/10\/Cierre-Feria-de-Cs-34-768x512.jpeg 768w, https:\/\/des-tuc.infd.edu.ar\/sitio\/wp-content\/uploads\/2024\/10\/Cierre-Feria-de-Cs-34-1536x1023.jpeg 1536w\" sizes=\"(max-width: 1600px) 100vw, 1600px\" \/><\/figure>\n\n\n\n<figure class=\"wp-block-image size-full\"><img decoding=\"async\" loading=\"lazy\" width=\"1600\" height=\"1066\" data-id=\"10752\"  src=\"https:\/\/des-tuc.infd.edu.ar\/sitio\/wp-content\/uploads\/2024\/10\/Cierre-Feria-de-Cs-33.jpeg\" alt=\"\" class=\"wp-image-10752\" srcset=\"https:\/\/des-tuc.infd.edu.ar\/sitio\/wp-content\/uploads\/2024\/10\/Cierre-Feria-de-Cs-33.jpeg 1600w, https:\/\/des-tuc.infd.edu.ar\/sitio\/wp-content\/uploads\/2024\/10\/Cierre-Feria-de-Cs-33-1000x666.jpeg 1000w, https:\/\/des-tuc.infd.edu.ar\/sitio\/wp-content\/uploads\/2024\/10\/Cierre-Feria-de-Cs-33-768x512.jpeg 768w, https:\/\/des-tuc.infd.edu.ar\/sitio\/wp-content\/uploads\/2024\/10\/Cierre-Feria-de-Cs-33-1536x1023.jpeg 1536w\" sizes=\"(max-width: 1600px) 100vw, 1600px\" \/><\/figure>\n\n\n\n<figure class=\"wp-block-image size-full\"><img decoding=\"async\" loading=\"lazy\" width=\"1600\" height=\"1066\" data-id=\"10754\"  src=\"https:\/\/des-tuc.infd.edu.ar\/sitio\/wp-content\/uploads\/2024\/10\/Cierre-Feria-de-Cs-32.jpeg\" alt=\"\" class=\"wp-image-10754\" srcset=\"https:\/\/des-tuc.infd.edu.ar\/sitio\/wp-content\/uploads\/2024\/10\/Cierre-Feria-de-Cs-32.jpeg 1600w, https:\/\/des-tuc.infd.edu.ar\/sitio\/wp-content\/uploads\/2024\/10\/Cierre-Feria-de-Cs-32-1000x666.jpeg 1000w, https:\/\/des-tuc.infd.edu.ar\/sitio\/wp-content\/uploads\/2024\/10\/Cierre-Feria-de-Cs-32-768x512.jpeg 768w, https:\/\/des-tuc.infd.edu.ar\/sitio\/wp-content\/uploads\/2024\/10\/Cierre-Feria-de-Cs-32-1536x1023.jpeg 1536w\" sizes=\"(max-width: 1600px) 100vw, 1600px\" \/><\/figure>\n\n\n\n<figure class=\"wp-block-image size-full\"><img decoding=\"async\" loading=\"lazy\" width=\"1600\" height=\"1066\" data-id=\"10756\"  src=\"https:\/\/des-tuc.infd.edu.ar\/sitio\/wp-content\/uploads\/2024\/10\/Cierre-Feria-de-Cs-31.jpeg\" alt=\"\" class=\"wp-image-10756\" srcset=\"https:\/\/des-tuc.infd.edu.ar\/sitio\/wp-content\/uploads\/2024\/10\/Cierre-Feria-de-Cs-31.jpeg 1600w, https:\/\/des-tuc.infd.edu.ar\/sitio\/wp-content\/uploads\/2024\/10\/Cierre-Feria-de-Cs-31-1000x666.jpeg 1000w, https:\/\/des-tuc.infd.edu.ar\/sitio\/wp-content\/uploads\/2024\/10\/Cierre-Feria-de-Cs-31-768x512.jpeg 768w, https:\/\/des-tuc.infd.edu.ar\/sitio\/wp-content\/uploads\/2024\/10\/Cierre-Feria-de-Cs-31-1536x1023.jpeg 1536w\" sizes=\"(max-width: 1600px) 100vw, 1600px\" \/><\/figure>\n\n\n\n<figure class=\"wp-block-image size-full\"><img decoding=\"async\" loading=\"lazy\" width=\"1600\" height=\"1066\" data-id=\"10755\"  src=\"https:\/\/des-tuc.infd.edu.ar\/sitio\/wp-content\/uploads\/2024\/10\/Cierre-Feria-de-Cs-30.jpeg\" alt=\"\" class=\"wp-image-10755\" srcset=\"https:\/\/des-tuc.infd.edu.ar\/sitio\/wp-content\/uploads\/2024\/10\/Cierre-Feria-de-Cs-30.jpeg 1600w, https:\/\/des-tuc.infd.edu.ar\/sitio\/wp-content\/uploads\/2024\/10\/Cierre-Feria-de-Cs-30-1000x666.jpeg 1000w, https:\/\/des-tuc.infd.edu.ar\/sitio\/wp-content\/uploads\/2024\/10\/Cierre-Feria-de-Cs-30-768x512.jpeg 768w, https:\/\/des-tuc.infd.edu.ar\/sitio\/wp-content\/uploads\/2024\/10\/Cierre-Feria-de-Cs-30-1536x1023.jpeg 1536w\" sizes=\"(max-width: 1600px) 100vw, 1600px\" \/><\/figure>\n\n\n\n<figure class=\"wp-block-image size-full\"><img decoding=\"async\" loading=\"lazy\" width=\"1600\" height=\"1066\" data-id=\"10759\"  src=\"https:\/\/des-tuc.infd.edu.ar\/sitio\/wp-content\/uploads\/2024\/10\/Cierre-Feria-de-Cs-29.jpeg\" alt=\"\" class=\"wp-image-10759\" srcset=\"https:\/\/des-tuc.infd.edu.ar\/sitio\/wp-content\/uploads\/2024\/10\/Cierre-Feria-de-Cs-29.jpeg 1600w, https:\/\/des-tuc.infd.edu.ar\/sitio\/wp-content\/uploads\/2024\/10\/Cierre-Feria-de-Cs-29-1000x666.jpeg 1000w, https:\/\/des-tuc.infd.edu.ar\/sitio\/wp-content\/uploads\/2024\/10\/Cierre-Feria-de-Cs-29-768x512.jpeg 768w, https:\/\/des-tuc.infd.edu.ar\/sitio\/wp-content\/uploads\/2024\/10\/Cierre-Feria-de-Cs-29-1536x1023.jpeg 1536w\" sizes=\"(max-width: 1600px) 100vw, 1600px\" \/><\/figure>\n\n\n\n<figure class=\"wp-block-image size-full\"><img decoding=\"async\" loading=\"lazy\" width=\"1600\" height=\"1066\" data-id=\"10758\"  src=\"https:\/\/des-tuc.infd.edu.ar\/sitio\/wp-content\/uploads\/2024\/10\/Cierre-Feria-de-Cs-28.jpeg\" alt=\"\" class=\"wp-image-10758\" srcset=\"https:\/\/des-tuc.infd.edu.ar\/sitio\/wp-content\/uploads\/2024\/10\/Cierre-Feria-de-Cs-28.jpeg 1600w, https:\/\/des-tuc.infd.edu.ar\/sitio\/wp-content\/uploads\/2024\/10\/Cierre-Feria-de-Cs-28-1000x666.jpeg 1000w, https:\/\/des-tuc.infd.edu.ar\/sitio\/wp-content\/uploads\/2024\/10\/Cierre-Feria-de-Cs-28-768x512.jpeg 768w, https:\/\/des-tuc.infd.edu.ar\/sitio\/wp-content\/uploads\/2024\/10\/Cierre-Feria-de-Cs-28-1536x1023.jpeg 1536w\" sizes=\"(max-width: 1600px) 100vw, 1600px\" \/><\/figure>\n\n\n\n<figure class=\"wp-block-image size-full\"><img decoding=\"async\" loading=\"lazy\" width=\"1600\" height=\"1066\" data-id=\"10760\"  src=\"https:\/\/des-tuc.infd.edu.ar\/sitio\/wp-content\/uploads\/2024\/10\/Cierre-Feria-de-Cs-27.jpeg\" alt=\"\" class=\"wp-image-10760\" srcset=\"https:\/\/des-tuc.infd.edu.ar\/sitio\/wp-content\/uploads\/2024\/10\/Cierre-Feria-de-Cs-27.jpeg 1600w, https:\/\/des-tuc.infd.edu.ar\/sitio\/wp-content\/uploads\/2024\/10\/Cierre-Feria-de-Cs-27-1000x666.jpeg 1000w, https:\/\/des-tuc.infd.edu.ar\/sitio\/wp-content\/uploads\/2024\/10\/Cierre-Feria-de-Cs-27-768x512.jpeg 768w, https:\/\/des-tuc.infd.edu.ar\/sitio\/wp-content\/uploads\/2024\/10\/Cierre-Feria-de-Cs-27-1536x1023.jpeg 1536w\" sizes=\"(max-width: 1600px) 100vw, 1600px\" \/><\/figure>\n\n\n\n<figure class=\"wp-block-image size-full\"><img decoding=\"async\" loading=\"lazy\" width=\"1600\" height=\"1066\" data-id=\"10761\"  src=\"https:\/\/des-tuc.infd.edu.ar\/sitio\/wp-content\/uploads\/2024\/10\/Cierre-Feria-de-Cs-26.jpeg\" alt=\"\" class=\"wp-image-10761\" srcset=\"https:\/\/des-tuc.infd.edu.ar\/sitio\/wp-content\/uploads\/2024\/10\/Cierre-Feria-de-Cs-26.jpeg 1600w, https:\/\/des-tuc.infd.edu.ar\/sitio\/wp-content\/uploads\/2024\/10\/Cierre-Feria-de-Cs-26-1000x666.jpeg 1000w, https:\/\/des-tuc.infd.edu.ar\/sitio\/wp-content\/uploads\/2024\/10\/Cierre-Feria-de-Cs-26-768x512.jpeg 768w, https:\/\/des-tuc.infd.edu.ar\/sitio\/wp-content\/uploads\/2024\/10\/Cierre-Feria-de-Cs-26-1536x1023.jpeg 1536w\" sizes=\"(max-width: 1600px) 100vw, 1600px\" \/><\/figure>\n\n\n\n<figure class=\"wp-block-image size-full\"><img decoding=\"async\" loading=\"lazy\" width=\"1600\" height=\"1066\" data-id=\"10762\"  src=\"https:\/\/des-tuc.infd.edu.ar\/sitio\/wp-content\/uploads\/2024\/10\/Cierre-Feria-de-Cs-25.jpeg\" alt=\"\" class=\"wp-image-10762\" srcset=\"https:\/\/des-tuc.infd.edu.ar\/sitio\/wp-content\/uploads\/2024\/10\/Cierre-Feria-de-Cs-25.jpeg 1600w, https:\/\/des-tuc.infd.edu.ar\/sitio\/wp-content\/uploads\/2024\/10\/Cierre-Feria-de-Cs-25-1000x666.jpeg 1000w, https:\/\/des-tuc.infd.edu.ar\/sitio\/wp-content\/uploads\/2024\/10\/Cierre-Feria-de-Cs-25-768x512.jpeg 768w, https:\/\/des-tuc.infd.edu.ar\/sitio\/wp-content\/uploads\/2024\/10\/Cierre-Feria-de-Cs-25-1536x1023.jpeg 1536w\" sizes=\"(max-width: 1600px) 100vw, 1600px\" \/><\/figure>\n\n\n\n<figure class=\"wp-block-image size-full\"><img decoding=\"async\" loading=\"lazy\" width=\"1600\" height=\"1066\" data-id=\"10763\"  src=\"https:\/\/des-tuc.infd.edu.ar\/sitio\/wp-content\/uploads\/2024\/10\/Cierre-Feria-de-Cs-24.jpeg\" alt=\"\" class=\"wp-image-10763\" srcset=\"https:\/\/des-tuc.infd.edu.ar\/sitio\/wp-content\/uploads\/2024\/10\/Cierre-Feria-de-Cs-24.jpeg 1600w, https:\/\/des-tuc.infd.edu.ar\/sitio\/wp-content\/uploads\/2024\/10\/Cierre-Feria-de-Cs-24-1000x666.jpeg 1000w, https:\/\/des-tuc.infd.edu.ar\/sitio\/wp-content\/uploads\/2024\/10\/Cierre-Feria-de-Cs-24-768x512.jpeg 768w, https:\/\/des-tuc.infd.edu.ar\/sitio\/wp-content\/uploads\/2024\/10\/Cierre-Feria-de-Cs-24-1536x1023.jpeg 1536w\" sizes=\"(max-width: 1600px) 100vw, 1600px\" \/><\/figure>\n\n\n\n<figure class=\"wp-block-image size-full\"><img decoding=\"async\" loading=\"lazy\" width=\"1600\" height=\"1066\" data-id=\"10765\"  src=\"https:\/\/des-tuc.infd.edu.ar\/sitio\/wp-content\/uploads\/2024\/10\/Cierre-Feria-de-Cs-23.jpeg\" alt=\"\" class=\"wp-image-10765\" srcset=\"https:\/\/des-tuc.infd.edu.ar\/sitio\/wp-content\/uploads\/2024\/10\/Cierre-Feria-de-Cs-23.jpeg 1600w, https:\/\/des-tuc.infd.edu.ar\/sitio\/wp-content\/uploads\/2024\/10\/Cierre-Feria-de-Cs-23-1000x666.jpeg 1000w, https:\/\/des-tuc.infd.edu.ar\/sitio\/wp-content\/uploads\/2024\/10\/Cierre-Feria-de-Cs-23-768x512.jpeg 768w, https:\/\/des-tuc.infd.edu.ar\/sitio\/wp-content\/uploads\/2024\/10\/Cierre-Feria-de-Cs-23-1536x1023.jpeg 1536w\" sizes=\"(max-width: 1600px) 100vw, 1600px\" \/><\/figure>\n\n\n\n<figure class=\"wp-block-image size-full\"><img decoding=\"async\" loading=\"lazy\" width=\"1600\" height=\"1066\" data-id=\"10764\"  src=\"https:\/\/des-tuc.infd.edu.ar\/sitio\/wp-content\/uploads\/2024\/10\/Cierre-Feria-de-Cs-22.jpeg\" alt=\"\" class=\"wp-image-10764\" srcset=\"https:\/\/des-tuc.infd.edu.ar\/sitio\/wp-content\/uploads\/2024\/10\/Cierre-Feria-de-Cs-22.jpeg 1600w, https:\/\/des-tuc.infd.edu.ar\/sitio\/wp-content\/uploads\/2024\/10\/Cierre-Feria-de-Cs-22-1000x666.jpeg 1000w, https:\/\/des-tuc.infd.edu.ar\/sitio\/wp-content\/uploads\/2024\/10\/Cierre-Feria-de-Cs-22-768x512.jpeg 768w, https:\/\/des-tuc.infd.edu.ar\/sitio\/wp-content\/uploads\/2024\/10\/Cierre-Feria-de-Cs-22-1536x1023.jpeg 1536w\" sizes=\"(max-width: 1600px) 100vw, 1600px\" \/><\/figure>\n\n\n\n<figure class=\"wp-block-image size-full\"><img decoding=\"async\" loading=\"lazy\" width=\"1600\" height=\"1066\" data-id=\"10766\"  src=\"https:\/\/des-tuc.infd.edu.ar\/sitio\/wp-content\/uploads\/2024\/10\/Cierre-Feria-de-Cs-21.jpeg\" alt=\"\" class=\"wp-image-10766\" srcset=\"https:\/\/des-tuc.infd.edu.ar\/sitio\/wp-content\/uploads\/2024\/10\/Cierre-Feria-de-Cs-21.jpeg 1600w, https:\/\/des-tuc.infd.edu.ar\/sitio\/wp-content\/uploads\/2024\/10\/Cierre-Feria-de-Cs-21-1000x666.jpeg 1000w, https:\/\/des-tuc.infd.edu.ar\/sitio\/wp-content\/uploads\/2024\/10\/Cierre-Feria-de-Cs-21-768x512.jpeg 768w, https:\/\/des-tuc.infd.edu.ar\/sitio\/wp-content\/uploads\/2024\/10\/Cierre-Feria-de-Cs-21-1536x1023.jpeg 1536w\" sizes=\"(max-width: 1600px) 100vw, 1600px\" \/><\/figure>\n\n\n\n<figure class=\"wp-block-image size-full\"><img decoding=\"async\" loading=\"lazy\" width=\"1600\" height=\"1066\" data-id=\"10768\"  src=\"https:\/\/des-tuc.infd.edu.ar\/sitio\/wp-content\/uploads\/2024\/10\/Cierre-Feria-de-Cs-20.jpeg\" alt=\"\" class=\"wp-image-10768\" srcset=\"https:\/\/des-tuc.infd.edu.ar\/sitio\/wp-content\/uploads\/2024\/10\/Cierre-Feria-de-Cs-20.jpeg 1600w, https:\/\/des-tuc.infd.edu.ar\/sitio\/wp-content\/uploads\/2024\/10\/Cierre-Feria-de-Cs-20-1000x666.jpeg 1000w, https:\/\/des-tuc.infd.edu.ar\/sitio\/wp-content\/uploads\/2024\/10\/Cierre-Feria-de-Cs-20-768x512.jpeg 768w, https:\/\/des-tuc.infd.edu.ar\/sitio\/wp-content\/uploads\/2024\/10\/Cierre-Feria-de-Cs-20-1536x1023.jpeg 1536w\" sizes=\"(max-width: 1600px) 100vw, 1600px\" \/><\/figure>\n\n\n\n<figure class=\"wp-block-image size-full\"><img decoding=\"async\" loading=\"lazy\" width=\"1600\" height=\"1066\" data-id=\"10769\"  src=\"https:\/\/des-tuc.infd.edu.ar\/sitio\/wp-content\/uploads\/2024\/10\/Cierre-Feria-de-Cs-19.jpeg\" alt=\"\" class=\"wp-image-10769\" srcset=\"https:\/\/des-tuc.infd.edu.ar\/sitio\/wp-content\/uploads\/2024\/10\/Cierre-Feria-de-Cs-19.jpeg 1600w, https:\/\/des-tuc.infd.edu.ar\/sitio\/wp-content\/uploads\/2024\/10\/Cierre-Feria-de-Cs-19-1000x666.jpeg 1000w, https:\/\/des-tuc.infd.edu.ar\/sitio\/wp-content\/uploads\/2024\/10\/Cierre-Feria-de-Cs-19-768x512.jpeg 768w, https:\/\/des-tuc.infd.edu.ar\/sitio\/wp-content\/uploads\/2024\/10\/Cierre-Feria-de-Cs-19-1536x1023.jpeg 1536w\" sizes=\"(max-width: 1600px) 100vw, 1600px\" \/><\/figure>\n\n\n\n<figure class=\"wp-block-image size-full\"><img decoding=\"async\" loading=\"lazy\" width=\"1600\" height=\"1066\" data-id=\"10767\"  src=\"https:\/\/des-tuc.infd.edu.ar\/sitio\/wp-content\/uploads\/2024\/10\/Cierre-Feria-de-Cs-18.jpeg\" alt=\"\" class=\"wp-image-10767\" srcset=\"https:\/\/des-tuc.infd.edu.ar\/sitio\/wp-content\/uploads\/2024\/10\/Cierre-Feria-de-Cs-18.jpeg 1600w, https:\/\/des-tuc.infd.edu.ar\/sitio\/wp-content\/uploads\/2024\/10\/Cierre-Feria-de-Cs-18-1000x666.jpeg 1000w, https:\/\/des-tuc.infd.edu.ar\/sitio\/wp-content\/uploads\/2024\/10\/Cierre-Feria-de-Cs-18-768x512.jpeg 768w, https:\/\/des-tuc.infd.edu.ar\/sitio\/wp-content\/uploads\/2024\/10\/Cierre-Feria-de-Cs-18-1536x1023.jpeg 1536w\" sizes=\"(max-width: 1600px) 100vw, 1600px\" \/><\/figure>\n\n\n\n<figure class=\"wp-block-image size-full\"><img decoding=\"async\" loading=\"lazy\" width=\"1600\" height=\"1066\" data-id=\"10770\"  src=\"https:\/\/des-tuc.infd.edu.ar\/sitio\/wp-content\/uploads\/2024\/10\/Cierre-Feria-de-Cs-17.jpeg\" alt=\"\" class=\"wp-image-10770\" srcset=\"https:\/\/des-tuc.infd.edu.ar\/sitio\/wp-content\/uploads\/2024\/10\/Cierre-Feria-de-Cs-17.jpeg 1600w, https:\/\/des-tuc.infd.edu.ar\/sitio\/wp-content\/uploads\/2024\/10\/Cierre-Feria-de-Cs-17-1000x666.jpeg 1000w, https:\/\/des-tuc.infd.edu.ar\/sitio\/wp-content\/uploads\/2024\/10\/Cierre-Feria-de-Cs-17-768x512.jpeg 768w, https:\/\/des-tuc.infd.edu.ar\/sitio\/wp-content\/uploads\/2024\/10\/Cierre-Feria-de-Cs-17-1536x1023.jpeg 1536w\" sizes=\"(max-width: 1600px) 100vw, 1600px\" \/><\/figure>\n\n\n\n<figure class=\"wp-block-image size-full\"><img decoding=\"async\" loading=\"lazy\" width=\"1600\" height=\"1066\" data-id=\"10771\"  src=\"https:\/\/des-tuc.infd.edu.ar\/sitio\/wp-content\/uploads\/2024\/10\/Cierre-Feria-de-Cs-16.jpeg\" alt=\"\" class=\"wp-image-10771\" srcset=\"https:\/\/des-tuc.infd.edu.ar\/sitio\/wp-content\/uploads\/2024\/10\/Cierre-Feria-de-Cs-16.jpeg 1600w, https:\/\/des-tuc.infd.edu.ar\/sitio\/wp-content\/uploads\/2024\/10\/Cierre-Feria-de-Cs-16-1000x666.jpeg 1000w, https:\/\/des-tuc.infd.edu.ar\/sitio\/wp-content\/uploads\/2024\/10\/Cierre-Feria-de-Cs-16-768x512.jpeg 768w, https:\/\/des-tuc.infd.edu.ar\/sitio\/wp-content\/uploads\/2024\/10\/Cierre-Feria-de-Cs-16-1536x1023.jpeg 1536w\" sizes=\"(max-width: 1600px) 100vw, 1600px\" \/><\/figure>\n\n\n\n<figure class=\"wp-block-image size-full\"><img decoding=\"async\" loading=\"lazy\" width=\"1600\" height=\"1066\" data-id=\"10775\"  src=\"https:\/\/des-tuc.infd.edu.ar\/sitio\/wp-content\/uploads\/2024\/10\/Cierre-Feria-de-Cs-15.jpeg\" alt=\"\" class=\"wp-image-10775\" srcset=\"https:\/\/des-tuc.infd.edu.ar\/sitio\/wp-content\/uploads\/2024\/10\/Cierre-Feria-de-Cs-15.jpeg 1600w, https:\/\/des-tuc.infd.edu.ar\/sitio\/wp-content\/uploads\/2024\/10\/Cierre-Feria-de-Cs-15-1000x666.jpeg 1000w, https:\/\/des-tuc.infd.edu.ar\/sitio\/wp-content\/uploads\/2024\/10\/Cierre-Feria-de-Cs-15-768x512.jpeg 768w, https:\/\/des-tuc.infd.edu.ar\/sitio\/wp-content\/uploads\/2024\/10\/Cierre-Feria-de-Cs-15-1536x1023.jpeg 1536w\" sizes=\"(max-width: 1600px) 100vw, 1600px\" \/><\/figure>\n\n\n\n<figure class=\"wp-block-image size-full\"><img decoding=\"async\" loading=\"lazy\" width=\"1600\" height=\"1066\" data-id=\"10772\"  src=\"https:\/\/des-tuc.infd.edu.ar\/sitio\/wp-content\/uploads\/2024\/10\/Cierre-Feria-de-Cs-14.jpeg\" alt=\"\" class=\"wp-image-10772\" srcset=\"https:\/\/des-tuc.infd.edu.ar\/sitio\/wp-content\/uploads\/2024\/10\/Cierre-Feria-de-Cs-14.jpeg 1600w, https:\/\/des-tuc.infd.edu.ar\/sitio\/wp-content\/uploads\/2024\/10\/Cierre-Feria-de-Cs-14-1000x666.jpeg 1000w, https:\/\/des-tuc.infd.edu.ar\/sitio\/wp-content\/uploads\/2024\/10\/Cierre-Feria-de-Cs-14-768x512.jpeg 768w, https:\/\/des-tuc.infd.edu.ar\/sitio\/wp-content\/uploads\/2024\/10\/Cierre-Feria-de-Cs-14-1536x1023.jpeg 1536w\" sizes=\"(max-width: 1600px) 100vw, 1600px\" \/><\/figure>\n\n\n\n<figure class=\"wp-block-image size-full\"><img decoding=\"async\" loading=\"lazy\" width=\"1600\" height=\"1066\" data-id=\"10773\"  src=\"https:\/\/des-tuc.infd.edu.ar\/sitio\/wp-content\/uploads\/2024\/10\/Cierre-Feria-de-Cs-13.jpeg\" alt=\"\" class=\"wp-image-10773\" srcset=\"https:\/\/des-tuc.infd.edu.ar\/sitio\/wp-content\/uploads\/2024\/10\/Cierre-Feria-de-Cs-13.jpeg 1600w, https:\/\/des-tuc.infd.edu.ar\/sitio\/wp-content\/uploads\/2024\/10\/Cierre-Feria-de-Cs-13-1000x666.jpeg 1000w, https:\/\/des-tuc.infd.edu.ar\/sitio\/wp-content\/uploads\/2024\/10\/Cierre-Feria-de-Cs-13-768x512.jpeg 768w, https:\/\/des-tuc.infd.edu.ar\/sitio\/wp-content\/uploads\/2024\/10\/Cierre-Feria-de-Cs-13-1536x1023.jpeg 1536w\" sizes=\"(max-width: 1600px) 100vw, 1600px\" \/><\/figure>\n\n\n\n<figure class=\"wp-block-image size-full\"><img decoding=\"async\" loading=\"lazy\" width=\"1600\" height=\"1066\" data-id=\"10774\"  src=\"https:\/\/des-tuc.infd.edu.ar\/sitio\/wp-content\/uploads\/2024\/10\/Cierre-Feria-de-Cs-12.jpeg\" alt=\"\" class=\"wp-image-10774\" srcset=\"https:\/\/des-tuc.infd.edu.ar\/sitio\/wp-content\/uploads\/2024\/10\/Cierre-Feria-de-Cs-12.jpeg 1600w, https:\/\/des-tuc.infd.edu.ar\/sitio\/wp-content\/uploads\/2024\/10\/Cierre-Feria-de-Cs-12-1000x666.jpeg 1000w, https:\/\/des-tuc.infd.edu.ar\/sitio\/wp-content\/uploads\/2024\/10\/Cierre-Feria-de-Cs-12-768x512.jpeg 768w, https:\/\/des-tuc.infd.edu.ar\/sitio\/wp-content\/uploads\/2024\/10\/Cierre-Feria-de-Cs-12-1536x1023.jpeg 1536w\" sizes=\"(max-width: 1600px) 100vw, 1600px\" \/><\/figure>\n\n\n\n<figure class=\"wp-block-image size-full\"><img decoding=\"async\" loading=\"lazy\" width=\"1600\" height=\"1066\" data-id=\"10776\"  src=\"https:\/\/des-tuc.infd.edu.ar\/sitio\/wp-content\/uploads\/2024\/10\/Cierre-Feria-de-Cs-11.jpeg\" alt=\"\" class=\"wp-image-10776\" srcset=\"https:\/\/des-tuc.infd.edu.ar\/sitio\/wp-content\/uploads\/2024\/10\/Cierre-Feria-de-Cs-11.jpeg 1600w, https:\/\/des-tuc.infd.edu.ar\/sitio\/wp-content\/uploads\/2024\/10\/Cierre-Feria-de-Cs-11-1000x666.jpeg 1000w, https:\/\/des-tuc.infd.edu.ar\/sitio\/wp-content\/uploads\/2024\/10\/Cierre-Feria-de-Cs-11-768x512.jpeg 768w, https:\/\/des-tuc.infd.edu.ar\/sitio\/wp-content\/uploads\/2024\/10\/Cierre-Feria-de-Cs-11-1536x1023.jpeg 1536w\" sizes=\"(max-width: 1600px) 100vw, 1600px\" \/><\/figure>\n\n\n\n<figure class=\"wp-block-image size-full\"><img decoding=\"async\" loading=\"lazy\" width=\"1600\" height=\"1066\" data-id=\"10777\"  src=\"https:\/\/des-tuc.infd.edu.ar\/sitio\/wp-content\/uploads\/2024\/10\/Cierre-Feria-de-Cs-10.jpeg\" alt=\"\" class=\"wp-image-10777\" srcset=\"https:\/\/des-tuc.infd.edu.ar\/sitio\/wp-content\/uploads\/2024\/10\/Cierre-Feria-de-Cs-10.jpeg 1600w, https:\/\/des-tuc.infd.edu.ar\/sitio\/wp-content\/uploads\/2024\/10\/Cierre-Feria-de-Cs-10-1000x666.jpeg 1000w, https:\/\/des-tuc.infd.edu.ar\/sitio\/wp-content\/uploads\/2024\/10\/Cierre-Feria-de-Cs-10-768x512.jpeg 768w, https:\/\/des-tuc.infd.edu.ar\/sitio\/wp-content\/uploads\/2024\/10\/Cierre-Feria-de-Cs-10-1536x1023.jpeg 1536w\" sizes=\"(max-width: 1600px) 100vw, 1600px\" \/><\/figure>\n\n\n\n<figure class=\"wp-block-image size-full\"><img decoding=\"async\" loading=\"lazy\" width=\"1600\" height=\"1066\" data-id=\"10779\"  src=\"https:\/\/des-tuc.infd.edu.ar\/sitio\/wp-content\/uploads\/2024\/10\/Cierre-Feria-de-Cs-9.jpeg\" alt=\"\" class=\"wp-image-10779\" srcset=\"https:\/\/des-tuc.infd.edu.ar\/sitio\/wp-content\/uploads\/2024\/10\/Cierre-Feria-de-Cs-9.jpeg 1600w, https:\/\/des-tuc.infd.edu.ar\/sitio\/wp-content\/uploads\/2024\/10\/Cierre-Feria-de-Cs-9-1000x666.jpeg 1000w, https:\/\/des-tuc.infd.edu.ar\/sitio\/wp-content\/uploads\/2024\/10\/Cierre-Feria-de-Cs-9-768x512.jpeg 768w, https:\/\/des-tuc.infd.edu.ar\/sitio\/wp-content\/uploads\/2024\/10\/Cierre-Feria-de-Cs-9-1536x1023.jpeg 1536w\" sizes=\"(max-width: 1600px) 100vw, 1600px\" \/><\/figure>\n\n\n\n<figure class=\"wp-block-image size-full\"><img decoding=\"async\" loading=\"lazy\" width=\"1600\" height=\"1066\" data-id=\"10782\"  src=\"https:\/\/des-tuc.infd.edu.ar\/sitio\/wp-content\/uploads\/2024\/10\/Cierre-Feria-de-Cs-8.jpeg\" alt=\"\" class=\"wp-image-10782\" srcset=\"https:\/\/des-tuc.infd.edu.ar\/sitio\/wp-content\/uploads\/2024\/10\/Cierre-Feria-de-Cs-8.jpeg 1600w, https:\/\/des-tuc.infd.edu.ar\/sitio\/wp-content\/uploads\/2024\/10\/Cierre-Feria-de-Cs-8-1000x666.jpeg 1000w, https:\/\/des-tuc.infd.edu.ar\/sitio\/wp-content\/uploads\/2024\/10\/Cierre-Feria-de-Cs-8-768x512.jpeg 768w, https:\/\/des-tuc.infd.edu.ar\/sitio\/wp-content\/uploads\/2024\/10\/Cierre-Feria-de-Cs-8-1536x1023.jpeg 1536w\" sizes=\"(max-width: 1600px) 100vw, 1600px\" \/><\/figure>\n\n\n\n<figure class=\"wp-block-image size-full\"><img decoding=\"async\" loading=\"lazy\" width=\"1600\" height=\"1066\" data-id=\"10778\"  src=\"https:\/\/des-tuc.infd.edu.ar\/sitio\/wp-content\/uploads\/2024\/10\/Cierre-Feria-de-Cs-7.jpeg\" alt=\"\" class=\"wp-image-10778\" srcset=\"https:\/\/des-tuc.infd.edu.ar\/sitio\/wp-content\/uploads\/2024\/10\/Cierre-Feria-de-Cs-7.jpeg 1600w, https:\/\/des-tuc.infd.edu.ar\/sitio\/wp-content\/uploads\/2024\/10\/Cierre-Feria-de-Cs-7-1000x666.jpeg 1000w, https:\/\/des-tuc.infd.edu.ar\/sitio\/wp-content\/uploads\/2024\/10\/Cierre-Feria-de-Cs-7-768x512.jpeg 768w, https:\/\/des-tuc.infd.edu.ar\/sitio\/wp-content\/uploads\/2024\/10\/Cierre-Feria-de-Cs-7-1536x1023.jpeg 1536w\" sizes=\"(max-width: 1600px) 100vw, 1600px\" \/><\/figure>\n\n\n\n<figure class=\"wp-block-image size-full\"><img decoding=\"async\" loading=\"lazy\" width=\"1600\" height=\"1066\" data-id=\"10781\"  src=\"https:\/\/des-tuc.infd.edu.ar\/sitio\/wp-content\/uploads\/2024\/10\/Cierre-Feria-de-Cs-6.jpeg\" alt=\"\" class=\"wp-image-10781\" srcset=\"https:\/\/des-tuc.infd.edu.ar\/sitio\/wp-content\/uploads\/2024\/10\/Cierre-Feria-de-Cs-6.jpeg 1600w, https:\/\/des-tuc.infd.edu.ar\/sitio\/wp-content\/uploads\/2024\/10\/Cierre-Feria-de-Cs-6-1000x666.jpeg 1000w, https:\/\/des-tuc.infd.edu.ar\/sitio\/wp-content\/uploads\/2024\/10\/Cierre-Feria-de-Cs-6-768x512.jpeg 768w, https:\/\/des-tuc.infd.edu.ar\/sitio\/wp-content\/uploads\/2024\/10\/Cierre-Feria-de-Cs-6-1536x1023.jpeg 1536w\" sizes=\"(max-width: 1600px) 100vw, 1600px\" \/><\/figure>\n\n\n\n<figure class=\"wp-block-image size-full\"><img decoding=\"async\" loading=\"lazy\" width=\"1600\" height=\"1066\" data-id=\"10783\"  src=\"https:\/\/des-tuc.infd.edu.ar\/sitio\/wp-content\/uploads\/2024\/10\/Cierre-Feria-de-Cs-5.jpeg\" alt=\"\" class=\"wp-image-10783\" srcset=\"https:\/\/des-tuc.infd.edu.ar\/sitio\/wp-content\/uploads\/2024\/10\/Cierre-Feria-de-Cs-5.jpeg 1600w, https:\/\/des-tuc.infd.edu.ar\/sitio\/wp-content\/uploads\/2024\/10\/Cierre-Feria-de-Cs-5-1000x666.jpeg 1000w, https:\/\/des-tuc.infd.edu.ar\/sitio\/wp-content\/uploads\/2024\/10\/Cierre-Feria-de-Cs-5-768x512.jpeg 768w, https:\/\/des-tuc.infd.edu.ar\/sitio\/wp-content\/uploads\/2024\/10\/Cierre-Feria-de-Cs-5-1536x1023.jpeg 1536w\" sizes=\"(max-width: 1600px) 100vw, 1600px\" \/><\/figure>\n\n\n\n<figure class=\"wp-block-image size-full\"><img decoding=\"async\" loading=\"lazy\" width=\"1600\" height=\"1066\" data-id=\"10780\"  src=\"https:\/\/des-tuc.infd.edu.ar\/sitio\/wp-content\/uploads\/2024\/10\/Cierre-Feria-de-Cs-4.jpeg\" alt=\"\" class=\"wp-image-10780\" srcset=\"https:\/\/des-tuc.infd.edu.ar\/sitio\/wp-content\/uploads\/2024\/10\/Cierre-Feria-de-Cs-4.jpeg 1600w, https:\/\/des-tuc.infd.edu.ar\/sitio\/wp-content\/uploads\/2024\/10\/Cierre-Feria-de-Cs-4-1000x666.jpeg 1000w, https:\/\/des-tuc.infd.edu.ar\/sitio\/wp-content\/uploads\/2024\/10\/Cierre-Feria-de-Cs-4-768x512.jpeg 768w, https:\/\/des-tuc.infd.edu.ar\/sitio\/wp-content\/uploads\/2024\/10\/Cierre-Feria-de-Cs-4-1536x1023.jpeg 1536w\" sizes=\"(max-width: 1600px) 100vw, 1600px\" \/><\/figure>\n\n\n\n<figure class=\"wp-block-image size-full\"><img decoding=\"async\" loading=\"lazy\" width=\"1600\" height=\"1066\" data-id=\"10784\"  src=\"https:\/\/des-tuc.infd.edu.ar\/sitio\/wp-content\/uploads\/2024\/10\/Cierre-Feria-de-Cs-3.jpeg\" alt=\"\" class=\"wp-image-10784\" srcset=\"https:\/\/des-tuc.infd.edu.ar\/sitio\/wp-content\/uploads\/2024\/10\/Cierre-Feria-de-Cs-3.jpeg 1600w, https:\/\/des-tuc.infd.edu.ar\/sitio\/wp-content\/uploads\/2024\/10\/Cierre-Feria-de-Cs-3-1000x666.jpeg 1000w, https:\/\/des-tuc.infd.edu.ar\/sitio\/wp-content\/uploads\/2024\/10\/Cierre-Feria-de-Cs-3-768x512.jpeg 768w, https:\/\/des-tuc.infd.edu.ar\/sitio\/wp-content\/uploads\/2024\/10\/Cierre-Feria-de-Cs-3-1536x1023.jpeg 1536w\" sizes=\"(max-width: 1600px) 100vw, 1600px\" \/><\/figure>\n\n\n\n<figure class=\"wp-block-image size-full\"><img decoding=\"async\" loading=\"lazy\" width=\"1600\" height=\"1066\" data-id=\"10785\"  src=\"https:\/\/des-tuc.infd.edu.ar\/sitio\/wp-content\/uploads\/2024\/10\/Cierre-Feria-de-Cs-2.jpeg\" alt=\"\" class=\"wp-image-10785\" srcset=\"https:\/\/des-tuc.infd.edu.ar\/sitio\/wp-content\/uploads\/2024\/10\/Cierre-Feria-de-Cs-2.jpeg 1600w, https:\/\/des-tuc.infd.edu.ar\/sitio\/wp-content\/uploads\/2024\/10\/Cierre-Feria-de-Cs-2-1000x666.jpeg 1000w, https:\/\/des-tuc.infd.edu.ar\/sitio\/wp-content\/uploads\/2024\/10\/Cierre-Feria-de-Cs-2-768x512.jpeg 768w, https:\/\/des-tuc.infd.edu.ar\/sitio\/wp-content\/uploads\/2024\/10\/Cierre-Feria-de-Cs-2-1536x1023.jpeg 1536w\" sizes=\"(max-width: 1600px) 100vw, 1600px\" \/><\/figure>\n\n\n\n<figure class=\"wp-block-image size-full\"><img decoding=\"async\" loading=\"lazy\" width=\"1600\" height=\"1066\" data-id=\"10786\"  src=\"https:\/\/des-tuc.infd.edu.ar\/sitio\/wp-content\/uploads\/2024\/10\/Cierre-Feria-de-Cs-1.jpeg\" alt=\"\" class=\"wp-image-10786\" srcset=\"https:\/\/des-tuc.infd.edu.ar\/sitio\/wp-content\/uploads\/2024\/10\/Cierre-Feria-de-Cs-1.jpeg 1600w, https:\/\/des-tuc.infd.edu.ar\/sitio\/wp-content\/uploads\/2024\/10\/Cierre-Feria-de-Cs-1-1000x666.jpeg 1000w, https:\/\/des-tuc.infd.edu.ar\/sitio\/wp-content\/uploads\/2024\/10\/Cierre-Feria-de-Cs-1-768x512.jpeg 768w, https:\/\/des-tuc.infd.edu.ar\/sitio\/wp-content\/uploads\/2024\/10\/Cierre-Feria-de-Cs-1-1536x1023.jpeg 1536w\" sizes=\"(max-width: 1600px) 100vw, 1600px\" \/><\/figure>\n<\/figure>\n","protected":false},"excerpt":{"rendered":"<p>En el Teatro San Mart\u00edn, finaliz\u00f3 el eje art\u00edstico de la Feria Nacional de Educaci\u00f3n, Artes, Ciencias y Tecnolog\u00eda 2024, que tuvo a Tucum\u00e1n como provincia anfitriona, producto de un trabajo articulado con el Ministerio de Capital Humano. El acto de clausura y la entrega de distinciones estuvo encabezado por la ministra de Educaci\u00f3n,&nbsp;Susana Montaldo; &#8230; <a title=\"Tucum\u00e1n cerr\u00f3 con \u00e9xito la Feria Nacional de Educaci\u00f3n, Artes, Ciencias y Tecnolog\u00eda 2024\" class=\"read-more\" href=\"https:\/\/des-tuc.infd.edu.ar\/sitio\/tucuman-cerro-con-exito-la-feria-nacional-de-educacion-artes-ciencias-y-tecnologia-2024\/\" aria-label=\"More on Tucum\u00e1n cerr\u00f3 con \u00e9xito la Feria Nacional de Educaci\u00f3n, Artes, Ciencias y Tecnolog\u00eda 2024\">[+]<\/a><\/p>\n","protected":false},"author":543,"featured_media":10740,"comment_status":"closed","ping_status":"closed","sticky":false,"template":"","format":"standard","meta":[],"categories":[7,6],"tags":[],"acf":[],"_links":{"self":[{"href":"https:\/\/des-tuc.infd.edu.ar\/sitio\/wp-json\/wp\/v2\/posts\/10739"}],"collection":[{"href":"https:\/\/des-tuc.infd.edu.ar\/sitio\/wp-json\/wp\/v2\/posts"}],"about":[{"href":"https:\/\/des-tuc.infd.edu.ar\/sitio\/wp-json\/wp\/v2\/types\/post"}],"author":[{"embeddable":true,"href":"https:\/\/des-tuc.infd.edu.ar\/sitio\/wp-json\/wp\/v2\/users\/543"}],"replies":[{"embeddable":true,"href":"https:\/\/des-tuc.infd.edu.ar\/sitio\/wp-json\/wp\/v2\/comments?post=10739"}],"version-history":[{"count":1,"href":"https:\/\/des-tuc.infd.edu.ar\/sitio\/wp-json\/wp\/v2\/posts\/10739\/revisions"}],"predecessor-version":[{"id":10787,"href":"https:\/\/des-tuc.infd.edu.ar\/sitio\/wp-json\/wp\/v2\/posts\/10739\/revisions\/10787"}],"wp:featuredmedia":[{"embeddable":true,"href":"https:\/\/des-tuc.infd.edu.ar\/sitio\/wp-json\/wp\/v2\/media\/10740"}],"wp:attachment":[{"href":"https:\/\/des-tuc.infd.edu.ar\/sitio\/wp-json\/wp\/v2\/media?parent=10739"}],"wp:term":[{"taxonomy":"category","embeddable":true,"href":"https:\/\/des-tuc.infd.edu.ar\/sitio\/wp-json\/wp\/v2\/categories?post=10739"},{"taxonomy":"post_tag","embeddable":true,"href":"https:\/\/des-tuc.infd.edu.ar\/sitio\/wp-json\/wp\/v2\/tags?post=10739"}],"curies":[{"name":"wp","href":"https:\/\/api.w.org\/{rel}","templated":true}]}}