{"id":10712,"date":"2024-10-22T10:27:26","date_gmt":"2024-10-22T13:27:26","guid":{"rendered":"https:\/\/des-tuc.infd.edu.ar\/sitio\/?p=10712"},"modified":"2024-10-22T10:27:28","modified_gmt":"2024-10-22T13:27:28","slug":"cientos-de-estudiantes-visitaron-la-feria-nacional-de-educacion-artes-ciencias-y-tecnologia-2024","status":"publish","type":"post","link":"https:\/\/des-tuc.infd.edu.ar\/sitio\/cientos-de-estudiantes-visitaron-la-feria-nacional-de-educacion-artes-ciencias-y-tecnologia-2024\/","title":{"rendered":"Cientos de estudiantes visitaron\u00a0la Feria Nacional de Educaci\u00f3n, Artes, Ciencias y Tecnolog\u00eda 2024"},"content":{"rendered":"\n<p>En el Hotel Catalinas contin\u00faa el eje art\u00edstico de la&nbsp;<strong><em>Feria Nacional de Educaci\u00f3n, Artes, Ciencias y Tecnolog\u00eda 2024<\/em><\/strong>, que tiene a Tucum\u00e1n como provincia anfitriona en articulaci\u00f3n con el Ministerio de Capital Humano. Recibieron a los participantes la ministra de Educaci\u00f3n,&nbsp;<strong>Susana Montaldo<\/strong>;&nbsp;el subsecretario de Pol\u00edticas e Innovaci\u00f3n Educativa,&nbsp;<strong>Alfredo Vota<\/strong>; el director Nacional de Inclusi\u00f3n y Extensi\u00f3n Educativa,&nbsp;<strong>Mauricio Terr\u00f3n Miguez<\/strong>; y el coordinador del \u00e1rea de Actividades Cient\u00edficas de la Secretar\u00eda de Educaci\u00f3n de la Naci\u00f3n,&nbsp;<strong>Horacio Tignanelli<\/strong>,&nbsp;secretarios de Estado, subsecretarios, directores de nivel del Ministerio de Educaci\u00f3n, coordinadores de \u00e1reas y modalidades.<\/p>\n\n\n\n<p>La Feria Nacional de Educaci\u00f3n, Artes, Ciencias y Tecnolog\u00eda 2024 (Eje Art\u00edstico), que convoca a 173 expositores de 19 provincias y 86 proyectos, abre sus puertas gratuitamente al p\u00fablico en general y se desarrollar\u00e1 en el sal\u00f3n San Mart\u00edn y sal\u00f3n Juan B. Alberdi, del Hotel Catalinas Tucum\u00e1n (Av. Soldati N\u00b0 380 \u2013 SMT), los d\u00edas jueves 26\/09, de 08:30 a 19:00 horas; y viernes 27\/09, de 08:30 a 12:00, (exposici\u00f3n de stands); y el acto de clausura con entrega de distinciones ser\u00e1 a las 15 horas en el Teatro San Mart\u00edn.<\/p>\n\n\n\n<p><strong>Norma Broggi<\/strong>, Coordinadora Provincial de Feria de Ciencias, coment\u00f3: \u201cEstamos muy contentos de ser sede de la Feria Nacional de Arte, Ciencia y Tecnolog\u00eda edici\u00f3n 2024 y estamos recibiendo trabajos de los alumnos de 19 provincias que han decidido participar en esta convocatoria. Son sesiones de exposici\u00f3n donde participan los estudiantes, las familias y los visitantes. Esto objetiva el concepto de federalismo, del trabajo en equipo y la construcci\u00f3n de comunidades; esto es una manera de tejer lazos que sostienen la trayectoria de nuestros estudiantes, no solo de nuestra provincia que est\u00e1n trabajando bajo la pedagog\u00eda del cuidado, sino de todos los estudiantes que est\u00e1n participando de este hermoso encuentro\u201d.<\/p>\n\n\n\n<p><strong>Vanina L\u00f3pez Patty<\/strong>, alumna, desliz\u00f3: \u201cEstudio en la Escuela Comercio 1 de Tucum\u00e1n y voy a sexto a\u00f1o. La Feria de Ciencias fue muy interesante, al conocer todas las muestras de los alumnos de otras provincias. Hay una en particular que me llam\u00f3 la atenci\u00f3n de unas chicas que trabajaron sobre unos cristales que los hac\u00edan con az\u00facar&nbsp;y agua t\u00f3nica. Fue muy linda experiencia\u201d.<\/p>\n\n\n\n<p><strong>Yessia Medina<\/strong>, visitante, cont\u00f3: \u201cVengo del Instituto Pro Universitario San Pablo T. Me pareci\u00f3 hermoso todo. No hay nada que no me haya gustado. Todos los que estamos aqu\u00ed somos artistas. Cada uno tiene su estilo propio de dibujar las cosas. Todos los dibujos tienen un sentimiento\u201d.<\/p>\n\n\n\n<p><strong>Mayra Cofre<\/strong>, alumna, dijo: \u201cVengo de Pellegrini, de la provincia de Buenos Aires. La estoy pasando muy linda; Tucum\u00e1n es lindo. Hemos tra\u00eddo arcilla de nuestra escuela&nbsp;y todos los materiales para nuestro proyecto. Mi escuela es rural, est\u00e1 en el campo. Me encant\u00f3 ver la casa de Tucum\u00e1n, est\u00e1 muy linda\u201d.<\/p>\n\n\n\n<p>Por \u00faltimo,\u00a0<strong>Estefan\u00eda Maidana<\/strong>, cont\u00f3: \u201cYo soy de Corrientes. Estudio en la Escuela 956 Nuestra Se\u00f1ora de la Medalla Milagrosa. La feria me gust\u00f3 mucho. Nosotros llegamos para contarles a todos sobre nuestro baile, el chamam\u00e9. Lo bailamos y nos encant\u00f3\u201d.<\/p>\n\n\n\n<p><\/p>\n\n\n\n<p>Fuente: https:\/\/www.educaciontuc.gov.ar\/2024\/09\/26\/cientos-de-estudiantes-visitaron-la-feria-nacional-de-educacion-artes-ciencias-y-tecnologia-2024\/<\/p>\n\n\n\n<p><\/p>\n\n\n\n<figure class=\"wp-block-gallery has-nested-images columns-default is-cropped wp-block-gallery-1 is-layout-flex\">\n<figure class=\"wp-block-image size-large\"><img decoding=\"async\" loading=\"lazy\" width=\"1900\" height=\"1266\" data-id=\"10714\"  src=\"https:\/\/des-tuc.infd.edu.ar\/sitio\/wp-content\/uploads\/2024\/10\/Feria-de-Cs-Jornada-2-10-1900x1266.jpeg\" alt=\"\" class=\"wp-image-10714\" srcset=\"https:\/\/des-tuc.infd.edu.ar\/sitio\/wp-content\/uploads\/2024\/10\/Feria-de-Cs-Jornada-2-10-1900x1266.jpeg 1900w, https:\/\/des-tuc.infd.edu.ar\/sitio\/wp-content\/uploads\/2024\/10\/Feria-de-Cs-Jornada-2-10-1000x666.jpeg 1000w, https:\/\/des-tuc.infd.edu.ar\/sitio\/wp-content\/uploads\/2024\/10\/Feria-de-Cs-Jornada-2-10-768x512.jpeg 768w, https:\/\/des-tuc.infd.edu.ar\/sitio\/wp-content\/uploads\/2024\/10\/Feria-de-Cs-Jornada-2-10-1536x1024.jpeg 1536w, https:\/\/des-tuc.infd.edu.ar\/sitio\/wp-content\/uploads\/2024\/10\/Feria-de-Cs-Jornada-2-10-2048x1365.jpeg 2048w\" sizes=\"(max-width: 1900px) 100vw, 1900px\" \/><\/figure>\n\n\n\n<figure class=\"wp-block-image size-large\"><img decoding=\"async\" loading=\"lazy\" width=\"1900\" height=\"1266\" data-id=\"10715\"  src=\"https:\/\/des-tuc.infd.edu.ar\/sitio\/wp-content\/uploads\/2024\/10\/Feria-de-Cs-Jornada-2-8-1900x1266.jpeg\" alt=\"\" class=\"wp-image-10715\" srcset=\"https:\/\/des-tuc.infd.edu.ar\/sitio\/wp-content\/uploads\/2024\/10\/Feria-de-Cs-Jornada-2-8-1900x1266.jpeg 1900w, https:\/\/des-tuc.infd.edu.ar\/sitio\/wp-content\/uploads\/2024\/10\/Feria-de-Cs-Jornada-2-8-1000x666.jpeg 1000w, https:\/\/des-tuc.infd.edu.ar\/sitio\/wp-content\/uploads\/2024\/10\/Feria-de-Cs-Jornada-2-8-768x512.jpeg 768w, https:\/\/des-tuc.infd.edu.ar\/sitio\/wp-content\/uploads\/2024\/10\/Feria-de-Cs-Jornada-2-8-1536x1024.jpeg 1536w, https:\/\/des-tuc.infd.edu.ar\/sitio\/wp-content\/uploads\/2024\/10\/Feria-de-Cs-Jornada-2-8-2048x1365.jpeg 2048w\" sizes=\"(max-width: 1900px) 100vw, 1900px\" \/><\/figure>\n\n\n\n<figure class=\"wp-block-image size-large\"><img decoding=\"async\" loading=\"lazy\" width=\"1900\" height=\"1266\" data-id=\"10717\"  src=\"https:\/\/des-tuc.infd.edu.ar\/sitio\/wp-content\/uploads\/2024\/10\/Feria-de-Cs-Jornada-2-7-1900x1266.jpeg\" alt=\"\" class=\"wp-image-10717\" srcset=\"https:\/\/des-tuc.infd.edu.ar\/sitio\/wp-content\/uploads\/2024\/10\/Feria-de-Cs-Jornada-2-7-1900x1266.jpeg 1900w, https:\/\/des-tuc.infd.edu.ar\/sitio\/wp-content\/uploads\/2024\/10\/Feria-de-Cs-Jornada-2-7-1000x666.jpeg 1000w, https:\/\/des-tuc.infd.edu.ar\/sitio\/wp-content\/uploads\/2024\/10\/Feria-de-Cs-Jornada-2-7-768x512.jpeg 768w, https:\/\/des-tuc.infd.edu.ar\/sitio\/wp-content\/uploads\/2024\/10\/Feria-de-Cs-Jornada-2-7-1536x1024.jpeg 1536w, https:\/\/des-tuc.infd.edu.ar\/sitio\/wp-content\/uploads\/2024\/10\/Feria-de-Cs-Jornada-2-7-2048x1365.jpeg 2048w\" sizes=\"(max-width: 1900px) 100vw, 1900px\" \/><\/figure>\n\n\n\n<figure class=\"wp-block-image size-large\"><img decoding=\"async\" loading=\"lazy\" width=\"1900\" height=\"1267\" data-id=\"10716\"  src=\"https:\/\/des-tuc.infd.edu.ar\/sitio\/wp-content\/uploads\/2024\/10\/Feria-de-Cs-Jornada-2-6-1-1900x1267.jpeg\" alt=\"\" class=\"wp-image-10716\" srcset=\"https:\/\/des-tuc.infd.edu.ar\/sitio\/wp-content\/uploads\/2024\/10\/Feria-de-Cs-Jornada-2-6-1-1900x1267.jpeg 1900w, https:\/\/des-tuc.infd.edu.ar\/sitio\/wp-content\/uploads\/2024\/10\/Feria-de-Cs-Jornada-2-6-1-1000x667.jpeg 1000w, https:\/\/des-tuc.infd.edu.ar\/sitio\/wp-content\/uploads\/2024\/10\/Feria-de-Cs-Jornada-2-6-1-768x512.jpeg 768w, https:\/\/des-tuc.infd.edu.ar\/sitio\/wp-content\/uploads\/2024\/10\/Feria-de-Cs-Jornada-2-6-1-1536x1024.jpeg 1536w, https:\/\/des-tuc.infd.edu.ar\/sitio\/wp-content\/uploads\/2024\/10\/Feria-de-Cs-Jornada-2-6-1-2048x1366.jpeg 2048w\" sizes=\"(max-width: 1900px) 100vw, 1900px\" \/><\/figure>\n\n\n\n<figure class=\"wp-block-image size-large\"><img decoding=\"async\" loading=\"lazy\" width=\"1900\" height=\"1266\" data-id=\"10718\"  src=\"https:\/\/des-tuc.infd.edu.ar\/sitio\/wp-content\/uploads\/2024\/10\/Feria-de-Cs-Jornada-2-5-1900x1266.jpeg\" alt=\"\" class=\"wp-image-10718\" srcset=\"https:\/\/des-tuc.infd.edu.ar\/sitio\/wp-content\/uploads\/2024\/10\/Feria-de-Cs-Jornada-2-5-1900x1266.jpeg 1900w, https:\/\/des-tuc.infd.edu.ar\/sitio\/wp-content\/uploads\/2024\/10\/Feria-de-Cs-Jornada-2-5-1000x666.jpeg 1000w, https:\/\/des-tuc.infd.edu.ar\/sitio\/wp-content\/uploads\/2024\/10\/Feria-de-Cs-Jornada-2-5-768x512.jpeg 768w, https:\/\/des-tuc.infd.edu.ar\/sitio\/wp-content\/uploads\/2024\/10\/Feria-de-Cs-Jornada-2-5-1536x1024.jpeg 1536w, https:\/\/des-tuc.infd.edu.ar\/sitio\/wp-content\/uploads\/2024\/10\/Feria-de-Cs-Jornada-2-5-2048x1365.jpeg 2048w\" sizes=\"(max-width: 1900px) 100vw, 1900px\" \/><\/figure>\n\n\n\n<figure class=\"wp-block-image size-large\"><img decoding=\"async\" loading=\"lazy\" width=\"1900\" height=\"1266\" data-id=\"10719\"  src=\"https:\/\/des-tuc.infd.edu.ar\/sitio\/wp-content\/uploads\/2024\/10\/Feria-de-Cs-Jornada-2-4-1900x1266.jpeg\" alt=\"\" class=\"wp-image-10719\" srcset=\"https:\/\/des-tuc.infd.edu.ar\/sitio\/wp-content\/uploads\/2024\/10\/Feria-de-Cs-Jornada-2-4-1900x1266.jpeg 1900w, https:\/\/des-tuc.infd.edu.ar\/sitio\/wp-content\/uploads\/2024\/10\/Feria-de-Cs-Jornada-2-4-1000x666.jpeg 1000w, https:\/\/des-tuc.infd.edu.ar\/sitio\/wp-content\/uploads\/2024\/10\/Feria-de-Cs-Jornada-2-4-768x512.jpeg 768w, https:\/\/des-tuc.infd.edu.ar\/sitio\/wp-content\/uploads\/2024\/10\/Feria-de-Cs-Jornada-2-4-1536x1024.jpeg 1536w, https:\/\/des-tuc.infd.edu.ar\/sitio\/wp-content\/uploads\/2024\/10\/Feria-de-Cs-Jornada-2-4-2048x1365.jpeg 2048w\" sizes=\"(max-width: 1900px) 100vw, 1900px\" \/><\/figure>\n\n\n\n<figure class=\"wp-block-image size-large\"><img decoding=\"async\" loading=\"lazy\" width=\"1900\" height=\"1266\" data-id=\"10720\"  src=\"https:\/\/des-tuc.infd.edu.ar\/sitio\/wp-content\/uploads\/2024\/10\/Feria-de-Cs-Jornada-2-3-1900x1266.jpeg\" alt=\"\" class=\"wp-image-10720\" srcset=\"https:\/\/des-tuc.infd.edu.ar\/sitio\/wp-content\/uploads\/2024\/10\/Feria-de-Cs-Jornada-2-3-1900x1266.jpeg 1900w, https:\/\/des-tuc.infd.edu.ar\/sitio\/wp-content\/uploads\/2024\/10\/Feria-de-Cs-Jornada-2-3-1000x666.jpeg 1000w, https:\/\/des-tuc.infd.edu.ar\/sitio\/wp-content\/uploads\/2024\/10\/Feria-de-Cs-Jornada-2-3-768x512.jpeg 768w, https:\/\/des-tuc.infd.edu.ar\/sitio\/wp-content\/uploads\/2024\/10\/Feria-de-Cs-Jornada-2-3-1536x1024.jpeg 1536w, https:\/\/des-tuc.infd.edu.ar\/sitio\/wp-content\/uploads\/2024\/10\/Feria-de-Cs-Jornada-2-3-2048x1365.jpeg 2048w\" sizes=\"(max-width: 1900px) 100vw, 1900px\" \/><\/figure>\n\n\n\n<figure class=\"wp-block-image size-large\"><img decoding=\"async\" loading=\"lazy\" width=\"1900\" height=\"1266\" data-id=\"10721\"  src=\"https:\/\/des-tuc.infd.edu.ar\/sitio\/wp-content\/uploads\/2024\/10\/Feria-de-Cs-Jornada-2-2-1900x1266.jpeg\" alt=\"\" class=\"wp-image-10721\" srcset=\"https:\/\/des-tuc.infd.edu.ar\/sitio\/wp-content\/uploads\/2024\/10\/Feria-de-Cs-Jornada-2-2-1900x1266.jpeg 1900w, https:\/\/des-tuc.infd.edu.ar\/sitio\/wp-content\/uploads\/2024\/10\/Feria-de-Cs-Jornada-2-2-1000x666.jpeg 1000w, https:\/\/des-tuc.infd.edu.ar\/sitio\/wp-content\/uploads\/2024\/10\/Feria-de-Cs-Jornada-2-2-768x512.jpeg 768w, https:\/\/des-tuc.infd.edu.ar\/sitio\/wp-content\/uploads\/2024\/10\/Feria-de-Cs-Jornada-2-2-1536x1024.jpeg 1536w, https:\/\/des-tuc.infd.edu.ar\/sitio\/wp-content\/uploads\/2024\/10\/Feria-de-Cs-Jornada-2-2-2048x1365.jpeg 2048w\" sizes=\"(max-width: 1900px) 100vw, 1900px\" \/><\/figure>\n\n\n\n<figure class=\"wp-block-image size-large\"><img decoding=\"async\" loading=\"lazy\" width=\"1900\" height=\"1266\" data-id=\"10722\"  src=\"https:\/\/des-tuc.infd.edu.ar\/sitio\/wp-content\/uploads\/2024\/10\/Feria-de-Cs-Jornada-2-1-1900x1266.jpeg\" alt=\"\" class=\"wp-image-10722\" srcset=\"https:\/\/des-tuc.infd.edu.ar\/sitio\/wp-content\/uploads\/2024\/10\/Feria-de-Cs-Jornada-2-1-1900x1266.jpeg 1900w, https:\/\/des-tuc.infd.edu.ar\/sitio\/wp-content\/uploads\/2024\/10\/Feria-de-Cs-Jornada-2-1-1000x666.jpeg 1000w, https:\/\/des-tuc.infd.edu.ar\/sitio\/wp-content\/uploads\/2024\/10\/Feria-de-Cs-Jornada-2-1-768x512.jpeg 768w, https:\/\/des-tuc.infd.edu.ar\/sitio\/wp-content\/uploads\/2024\/10\/Feria-de-Cs-Jornada-2-1-1536x1024.jpeg 1536w, https:\/\/des-tuc.infd.edu.ar\/sitio\/wp-content\/uploads\/2024\/10\/Feria-de-Cs-Jornada-2-1-2048x1365.jpeg 2048w\" sizes=\"(max-width: 1900px) 100vw, 1900px\" \/><\/figure>\n<\/figure>\n","protected":false},"excerpt":{"rendered":"<p>En el Hotel Catalinas contin\u00faa el eje art\u00edstico de la&nbsp;Feria Nacional de Educaci\u00f3n, Artes, Ciencias y Tecnolog\u00eda 2024, que tiene a Tucum\u00e1n como provincia anfitriona en articulaci\u00f3n con el Ministerio de Capital Humano. Recibieron a los participantes la ministra de Educaci\u00f3n,&nbsp;Susana Montaldo;&nbsp;el subsecretario de Pol\u00edticas e Innovaci\u00f3n Educativa,&nbsp;Alfredo Vota; el director Nacional de Inclusi\u00f3n y &#8230; <a title=\"Cientos de estudiantes visitaron\u00a0la Feria Nacional de Educaci\u00f3n, Artes, Ciencias y Tecnolog\u00eda 2024\" class=\"read-more\" href=\"https:\/\/des-tuc.infd.edu.ar\/sitio\/cientos-de-estudiantes-visitaron-la-feria-nacional-de-educacion-artes-ciencias-y-tecnologia-2024\/\" aria-label=\"More on Cientos de estudiantes visitaron\u00a0la Feria Nacional de Educaci\u00f3n, Artes, Ciencias y Tecnolog\u00eda 2024\">[+]<\/a><\/p>\n","protected":false},"author":543,"featured_media":10720,"comment_status":"closed","ping_status":"closed","sticky":false,"template":"","format":"standard","meta":[],"categories":[7,6],"tags":[],"acf":[],"_links":{"self":[{"href":"https:\/\/des-tuc.infd.edu.ar\/sitio\/wp-json\/wp\/v2\/posts\/10712"}],"collection":[{"href":"https:\/\/des-tuc.infd.edu.ar\/sitio\/wp-json\/wp\/v2\/posts"}],"about":[{"href":"https:\/\/des-tuc.infd.edu.ar\/sitio\/wp-json\/wp\/v2\/types\/post"}],"author":[{"embeddable":true,"href":"https:\/\/des-tuc.infd.edu.ar\/sitio\/wp-json\/wp\/v2\/users\/543"}],"replies":[{"embeddable":true,"href":"https:\/\/des-tuc.infd.edu.ar\/sitio\/wp-json\/wp\/v2\/comments?post=10712"}],"version-history":[{"count":1,"href":"https:\/\/des-tuc.infd.edu.ar\/sitio\/wp-json\/wp\/v2\/posts\/10712\/revisions"}],"predecessor-version":[{"id":10723,"href":"https:\/\/des-tuc.infd.edu.ar\/sitio\/wp-json\/wp\/v2\/posts\/10712\/revisions\/10723"}],"wp:featuredmedia":[{"embeddable":true,"href":"https:\/\/des-tuc.infd.edu.ar\/sitio\/wp-json\/wp\/v2\/media\/10720"}],"wp:attachment":[{"href":"https:\/\/des-tuc.infd.edu.ar\/sitio\/wp-json\/wp\/v2\/media?parent=10712"}],"wp:term":[{"taxonomy":"category","embeddable":true,"href":"https:\/\/des-tuc.infd.edu.ar\/sitio\/wp-json\/wp\/v2\/categories?post=10712"},{"taxonomy":"post_tag","embeddable":true,"href":"https:\/\/des-tuc.infd.edu.ar\/sitio\/wp-json\/wp\/v2\/tags?post=10712"}],"curies":[{"name":"wp","href":"https:\/\/api.w.org\/{rel}","templated":true}]}}