{"id":10687,"date":"2024-10-22T10:24:20","date_gmt":"2024-10-22T13:24:20","guid":{"rendered":"https:\/\/des-tuc.infd.edu.ar\/sitio\/?p=10687"},"modified":"2024-10-22T10:24:23","modified_gmt":"2024-10-22T13:24:23","slug":"comenzo-en-tucuman-la-feria-nacional-de-educacion-artes-ciencias-y-tecnologia-2024","status":"publish","type":"post","link":"https:\/\/des-tuc.infd.edu.ar\/sitio\/comenzo-en-tucuman-la-feria-nacional-de-educacion-artes-ciencias-y-tecnologia-2024\/","title":{"rendered":"Comenz\u00f3 en Tucum\u00e1n la Feria Nacional de Educaci\u00f3n, Artes, Ciencias y Tecnolog\u00eda 2024"},"content":{"rendered":"\n<p>En el Hotel Catalinas y con la presencia de la ministra de Educaci\u00f3n,&nbsp;<strong>Susana Montaldo<\/strong>; el subsecretario de Pol\u00edticas e Innovaci\u00f3n Educativa,&nbsp;<strong>Alfredo Vota<\/strong>; el director Nacional de Inclusi\u00f3n y Extensi\u00f3n Educativa,&nbsp;<strong>Mauricio Terr\u00f3n Miguez<\/strong>; y el coordinador del \u00e1rea de Actividades Cient\u00edficas de la Secretar\u00eda de Educaci\u00f3n de la Naci\u00f3n,&nbsp;<strong>Horacio Tignanelli<\/strong>, comenz\u00f3 el eje art\u00edstico de la Feria Nacional de Educaci\u00f3n, Artes, Ciencias y Tecnolog\u00eda 2024, que con el apoyo del gobernador,<strong>&nbsp;Osvaldo Jaldo<\/strong>, tiene a Tucum\u00e1n como provincia anfitriona en articulaci\u00f3n con el Ministerio de Capital Humano.<\/p>\n\n\n\n<p>Del acto inaugural, tambi\u00e9n participaron secretarios de Estado, subsecretarios, directores de nivel del Ministerio de Educaci\u00f3n, coordinadores de \u00e1reas y modalidades, supervisores, docentes, estudiantes y familias, referentes, docentes expositores, evaluadores y equipos jurisdiccionales de: Buenos Aires, CABA, Catamarca, Chaco, Chubut, Corrientes, C\u00f3rdoba, Entre R\u00edos, Formosa, Jujuy, La Rioja, Mendoza, Misiones, Neuqu\u00e9n, Salta, San Juan, San Luis, Santa Cruz, Santa Fe, Santiago del Estero, Tierra del Fuego y Tucum\u00e1n.<\/p>\n\n\n\n<p>La Feria Nacional de Educaci\u00f3n, Artes, Ciencias y Tecnolog\u00eda 2024 (Eje Art\u00edstico), que convoca a 173 expositores de 19 provincias y 86 proyectos, abre sus puertas gratuitamente al p\u00fablico en general y se desarrollar\u00e1 en el sal\u00f3n San Mart\u00edn y sal\u00f3n Juan B. Alberdi, del Hotel Catalinas Tucum\u00e1n (Av. Soldati N\u00b0 380 \u2013 SMT), los d\u00edas mi\u00e9rcoles 25\/09, de 15:30 hasta las 19:00 horas; jueves 26\/09, de 08:30 a 19:00 horas; y viernes 27\/09, de 08:30 a 12:00, (exposici\u00f3n de stands); y el acto de clausura con entrega de distinciones ser\u00e1 a las 15 horas en el Teatro San Mart\u00edn.<\/p>\n\n\n\n<p>Durante la inauguraci\u00f3n de la instancia, la ministra Montaldo, cont\u00f3: \u201cEstoy feliz de realizar la apertura de esta Feria de Ciencias, acompa\u00f1ada por el Subsecretario de Educaci\u00f3n de Naci\u00f3n y todo su equipo. Poder ver tantos j\u00f3venes y ni\u00f1os de distintos puntos del pa\u00eds ofreciendo una expresi\u00f3n art\u00edstica de distintos tipos. Cada uno ha tenido un espacio de creatividad que pudo usar, y nos traen una expresi\u00f3n de cultura de cada provincia de nuestro pa\u00eds. Esto es muy enriquecedor y esperanzador para la educaci\u00f3n\u201d.<\/p>\n\n\n\n<p>En tanto que, el subsecretario Vota, desliz\u00f3: \u201cEs un enorme orgullo para la provincia recibir a la Feria de Ciencias. Los felicito por la organizaci\u00f3n, por el trabajo de los docentes, alumnos y de la ministra. Los proyectos implican instancias de aprendizaje donde los alumnos vuelcan lo mejor de s\u00ed, y segundo porque fueron reconocidos a nivel nacional. Poder mostrar su trabajo, arte, esfuerzo y creatividad a todo el pa\u00eds es muy importante para todos\u201d.<\/p>\n\n\n\n<p>Patricia, docente de la delegaci\u00f3n salte\u00f1a, dijo: \u201cSoy de la provincia de Salta, de un pueblo bien al norte que se llama Aguaray. Soy profesora de nivel inicial, tengo sala de 5 en la&nbsp;Escuela N\u00ba 4440 Mar\u00eda Agapita Toro de Lahud. Esta es una hermosa experiencia, los chicos est\u00e1n muy contentos porque pasamos a la instancia nacional. Para nosotros, como profesores, tambi\u00e9n es muy enriquecedor, poder conocer a otros colegas y compartir experiencias. Nuestro proyecto se llama \u00b4Lo que el mate nos dej\u00f3\u00b4 y trabajamos haciendo macetas biodegradables\u201d.<\/p>\n\n\n\n<p>Angelina Navarro, participante, expres\u00f3:&nbsp;\u201cSoy de la provincia de San Juan y vengo a representar al Colegio del Prado. Es la primera vez que participamos, estamos muy c\u00f3modos, sali\u00f3 muy lindo todo. Nos sorprendimos mucho de poder estar aqu\u00ed. Participar es una experiencia muy linda, siento muchas emociones. Nuestro trabajo es un hidrocartonero, es una editorial la cual creamos desde cero y es un libro escrito por adolescentes\u201d.<\/p>\n\n\n\n<p>Luego, Gabriel Monteros, cerr\u00f3: \u201cSomos de la Escuela Cono Sur. Vengo de R\u00edo Grande, Tierra del Fuego. Conoc\u00ed Tucum\u00e1n, chicos de otras provincias y eso es muy bueno. Queremos promover el turismo y que la gente conozca R\u00edo Grande. Intentamos captar turismo con fotos para mostrar la belleza de sus paisajes. Con un profe de fotograf\u00eda logramos mejorar nuestro trabajo\u201d.<\/p>\n\n\n\n<p>Fuente: https:\/\/www.educaciontuc.gov.ar\/2024\/09\/25\/comenzo-en-tucuman-la-feria-nacional-de-educacion-artes-ciencias-y-tecnologia-2024\/<\/p>\n\n\n\n<figure class=\"wp-block-gallery has-nested-images columns-default is-cropped wp-block-gallery-1 is-layout-flex\">\n<figure class=\"wp-block-image size-large\"><img decoding=\"async\" loading=\"lazy\" width=\"1200\" height=\"800\" data-id=\"10690\"  src=\"https:\/\/des-tuc.infd.edu.ar\/sitio\/wp-content\/uploads\/2024\/10\/Inicio-Feria-de-Ciencias-9-1200x800-1-2.jpeg\" alt=\"\" class=\"wp-image-10690\" srcset=\"https:\/\/des-tuc.infd.edu.ar\/sitio\/wp-content\/uploads\/2024\/10\/Inicio-Feria-de-Ciencias-9-1200x800-1-2.jpeg 1200w, https:\/\/des-tuc.infd.edu.ar\/sitio\/wp-content\/uploads\/2024\/10\/Inicio-Feria-de-Ciencias-9-1200x800-1-2-1000x667.jpeg 1000w, https:\/\/des-tuc.infd.edu.ar\/sitio\/wp-content\/uploads\/2024\/10\/Inicio-Feria-de-Ciencias-9-1200x800-1-2-768x512.jpeg 768w\" sizes=\"(max-width: 1200px) 100vw, 1200px\" \/><\/figure>\n\n\n\n<figure class=\"wp-block-image size-large\"><img decoding=\"async\" loading=\"lazy\" width=\"1900\" height=\"1266\" data-id=\"10693\"  src=\"https:\/\/des-tuc.infd.edu.ar\/sitio\/wp-content\/uploads\/2024\/10\/Inicio-Feria-de-Ciencias-19-1900x1266.jpeg\" alt=\"\" class=\"wp-image-10693\" srcset=\"https:\/\/des-tuc.infd.edu.ar\/sitio\/wp-content\/uploads\/2024\/10\/Inicio-Feria-de-Ciencias-19-1900x1266.jpeg 1900w, https:\/\/des-tuc.infd.edu.ar\/sitio\/wp-content\/uploads\/2024\/10\/Inicio-Feria-de-Ciencias-19-1000x666.jpeg 1000w, https:\/\/des-tuc.infd.edu.ar\/sitio\/wp-content\/uploads\/2024\/10\/Inicio-Feria-de-Ciencias-19-768x512.jpeg 768w, https:\/\/des-tuc.infd.edu.ar\/sitio\/wp-content\/uploads\/2024\/10\/Inicio-Feria-de-Ciencias-19-1536x1024.jpeg 1536w, https:\/\/des-tuc.infd.edu.ar\/sitio\/wp-content\/uploads\/2024\/10\/Inicio-Feria-de-Ciencias-19-2048x1365.jpeg 2048w\" sizes=\"(max-width: 1900px) 100vw, 1900px\" \/><\/figure>\n\n\n\n<figure class=\"wp-block-image size-large\"><img decoding=\"async\" loading=\"lazy\" width=\"1900\" height=\"1266\" data-id=\"10694\"  src=\"https:\/\/des-tuc.infd.edu.ar\/sitio\/wp-content\/uploads\/2024\/10\/Inicio-Feria-de-Ciencias-18-1900x1266.jpeg\" alt=\"\" class=\"wp-image-10694\" srcset=\"https:\/\/des-tuc.infd.edu.ar\/sitio\/wp-content\/uploads\/2024\/10\/Inicio-Feria-de-Ciencias-18-1900x1266.jpeg 1900w, https:\/\/des-tuc.infd.edu.ar\/sitio\/wp-content\/uploads\/2024\/10\/Inicio-Feria-de-Ciencias-18-1000x666.jpeg 1000w, https:\/\/des-tuc.infd.edu.ar\/sitio\/wp-content\/uploads\/2024\/10\/Inicio-Feria-de-Ciencias-18-768x512.jpeg 768w, https:\/\/des-tuc.infd.edu.ar\/sitio\/wp-content\/uploads\/2024\/10\/Inicio-Feria-de-Ciencias-18-1536x1024.jpeg 1536w, https:\/\/des-tuc.infd.edu.ar\/sitio\/wp-content\/uploads\/2024\/10\/Inicio-Feria-de-Ciencias-18-2048x1365.jpeg 2048w\" sizes=\"(max-width: 1900px) 100vw, 1900px\" \/><\/figure>\n\n\n\n<figure class=\"wp-block-image size-large\"><img decoding=\"async\" loading=\"lazy\" width=\"1900\" height=\"1266\" data-id=\"10691\"  src=\"https:\/\/des-tuc.infd.edu.ar\/sitio\/wp-content\/uploads\/2024\/10\/Inicio-Feria-de-Ciencias-17-1900x1266.jpeg\" alt=\"\" class=\"wp-image-10691\" srcset=\"https:\/\/des-tuc.infd.edu.ar\/sitio\/wp-content\/uploads\/2024\/10\/Inicio-Feria-de-Ciencias-17-1900x1266.jpeg 1900w, https:\/\/des-tuc.infd.edu.ar\/sitio\/wp-content\/uploads\/2024\/10\/Inicio-Feria-de-Ciencias-17-1000x666.jpeg 1000w, https:\/\/des-tuc.infd.edu.ar\/sitio\/wp-content\/uploads\/2024\/10\/Inicio-Feria-de-Ciencias-17-768x512.jpeg 768w, https:\/\/des-tuc.infd.edu.ar\/sitio\/wp-content\/uploads\/2024\/10\/Inicio-Feria-de-Ciencias-17-1536x1024.jpeg 1536w, https:\/\/des-tuc.infd.edu.ar\/sitio\/wp-content\/uploads\/2024\/10\/Inicio-Feria-de-Ciencias-17-2048x1365.jpeg 2048w\" sizes=\"(max-width: 1900px) 100vw, 1900px\" \/><\/figure>\n\n\n\n<figure class=\"wp-block-image size-large\"><img decoding=\"async\" loading=\"lazy\" width=\"1900\" height=\"1266\" data-id=\"10695\"  src=\"https:\/\/des-tuc.infd.edu.ar\/sitio\/wp-content\/uploads\/2024\/10\/Inicio-Feria-de-Ciencias-16-1900x1266.jpeg\" alt=\"\" class=\"wp-image-10695\" srcset=\"https:\/\/des-tuc.infd.edu.ar\/sitio\/wp-content\/uploads\/2024\/10\/Inicio-Feria-de-Ciencias-16-1900x1266.jpeg 1900w, https:\/\/des-tuc.infd.edu.ar\/sitio\/wp-content\/uploads\/2024\/10\/Inicio-Feria-de-Ciencias-16-1000x666.jpeg 1000w, https:\/\/des-tuc.infd.edu.ar\/sitio\/wp-content\/uploads\/2024\/10\/Inicio-Feria-de-Ciencias-16-768x512.jpeg 768w, https:\/\/des-tuc.infd.edu.ar\/sitio\/wp-content\/uploads\/2024\/10\/Inicio-Feria-de-Ciencias-16-1536x1024.jpeg 1536w, https:\/\/des-tuc.infd.edu.ar\/sitio\/wp-content\/uploads\/2024\/10\/Inicio-Feria-de-Ciencias-16-2048x1365.jpeg 2048w\" sizes=\"(max-width: 1900px) 100vw, 1900px\" \/><\/figure>\n\n\n\n<figure class=\"wp-block-image size-large\"><img decoding=\"async\" loading=\"lazy\" width=\"1900\" height=\"1266\" data-id=\"10692\"  src=\"https:\/\/des-tuc.infd.edu.ar\/sitio\/wp-content\/uploads\/2024\/10\/Inicio-Feria-de-Ciencias-15-1900x1266.jpeg\" alt=\"\" class=\"wp-image-10692\" srcset=\"https:\/\/des-tuc.infd.edu.ar\/sitio\/wp-content\/uploads\/2024\/10\/Inicio-Feria-de-Ciencias-15-1900x1266.jpeg 1900w, https:\/\/des-tuc.infd.edu.ar\/sitio\/wp-content\/uploads\/2024\/10\/Inicio-Feria-de-Ciencias-15-1000x666.jpeg 1000w, https:\/\/des-tuc.infd.edu.ar\/sitio\/wp-content\/uploads\/2024\/10\/Inicio-Feria-de-Ciencias-15-768x512.jpeg 768w, https:\/\/des-tuc.infd.edu.ar\/sitio\/wp-content\/uploads\/2024\/10\/Inicio-Feria-de-Ciencias-15-1536x1024.jpeg 1536w, https:\/\/des-tuc.infd.edu.ar\/sitio\/wp-content\/uploads\/2024\/10\/Inicio-Feria-de-Ciencias-15-2048x1365.jpeg 2048w\" sizes=\"(max-width: 1900px) 100vw, 1900px\" \/><\/figure>\n\n\n\n<figure class=\"wp-block-image size-large\"><img decoding=\"async\" loading=\"lazy\" width=\"1900\" height=\"1266\" data-id=\"10696\"  src=\"https:\/\/des-tuc.infd.edu.ar\/sitio\/wp-content\/uploads\/2024\/10\/Inicio-Feria-de-Ciencias-14-1900x1266.jpeg\" alt=\"\" class=\"wp-image-10696\" srcset=\"https:\/\/des-tuc.infd.edu.ar\/sitio\/wp-content\/uploads\/2024\/10\/Inicio-Feria-de-Ciencias-14-1900x1266.jpeg 1900w, https:\/\/des-tuc.infd.edu.ar\/sitio\/wp-content\/uploads\/2024\/10\/Inicio-Feria-de-Ciencias-14-1000x666.jpeg 1000w, https:\/\/des-tuc.infd.edu.ar\/sitio\/wp-content\/uploads\/2024\/10\/Inicio-Feria-de-Ciencias-14-768x512.jpeg 768w, https:\/\/des-tuc.infd.edu.ar\/sitio\/wp-content\/uploads\/2024\/10\/Inicio-Feria-de-Ciencias-14-1536x1024.jpeg 1536w, https:\/\/des-tuc.infd.edu.ar\/sitio\/wp-content\/uploads\/2024\/10\/Inicio-Feria-de-Ciencias-14-2048x1365.jpeg 2048w\" sizes=\"(max-width: 1900px) 100vw, 1900px\" \/><\/figure>\n\n\n\n<figure class=\"wp-block-image size-large\"><img decoding=\"async\" loading=\"lazy\" width=\"1900\" height=\"1266\" data-id=\"10698\"  src=\"https:\/\/des-tuc.infd.edu.ar\/sitio\/wp-content\/uploads\/2024\/10\/Inicio-Feria-de-Ciencias-13-1900x1266.jpeg\" alt=\"\" class=\"wp-image-10698\" srcset=\"https:\/\/des-tuc.infd.edu.ar\/sitio\/wp-content\/uploads\/2024\/10\/Inicio-Feria-de-Ciencias-13-1900x1266.jpeg 1900w, https:\/\/des-tuc.infd.edu.ar\/sitio\/wp-content\/uploads\/2024\/10\/Inicio-Feria-de-Ciencias-13-1000x666.jpeg 1000w, https:\/\/des-tuc.infd.edu.ar\/sitio\/wp-content\/uploads\/2024\/10\/Inicio-Feria-de-Ciencias-13-768x512.jpeg 768w, https:\/\/des-tuc.infd.edu.ar\/sitio\/wp-content\/uploads\/2024\/10\/Inicio-Feria-de-Ciencias-13-1536x1024.jpeg 1536w, https:\/\/des-tuc.infd.edu.ar\/sitio\/wp-content\/uploads\/2024\/10\/Inicio-Feria-de-Ciencias-13-2048x1365.jpeg 2048w\" sizes=\"(max-width: 1900px) 100vw, 1900px\" \/><\/figure>\n\n\n\n<figure class=\"wp-block-image size-large\"><img decoding=\"async\" loading=\"lazy\" width=\"1900\" height=\"1266\" data-id=\"10702\"  src=\"https:\/\/des-tuc.infd.edu.ar\/sitio\/wp-content\/uploads\/2024\/10\/Inicio-Feria-de-Ciencias-11-1900x1266.jpeg\" alt=\"\" class=\"wp-image-10702\" srcset=\"https:\/\/des-tuc.infd.edu.ar\/sitio\/wp-content\/uploads\/2024\/10\/Inicio-Feria-de-Ciencias-11-1900x1266.jpeg 1900w, https:\/\/des-tuc.infd.edu.ar\/sitio\/wp-content\/uploads\/2024\/10\/Inicio-Feria-de-Ciencias-11-1000x666.jpeg 1000w, https:\/\/des-tuc.infd.edu.ar\/sitio\/wp-content\/uploads\/2024\/10\/Inicio-Feria-de-Ciencias-11-768x512.jpeg 768w, https:\/\/des-tuc.infd.edu.ar\/sitio\/wp-content\/uploads\/2024\/10\/Inicio-Feria-de-Ciencias-11-1536x1024.jpeg 1536w, https:\/\/des-tuc.infd.edu.ar\/sitio\/wp-content\/uploads\/2024\/10\/Inicio-Feria-de-Ciencias-11-2048x1365.jpeg 2048w\" sizes=\"(max-width: 1900px) 100vw, 1900px\" \/><\/figure>\n\n\n\n<figure class=\"wp-block-image size-large\"><img decoding=\"async\" loading=\"lazy\" width=\"1900\" height=\"1266\" data-id=\"10699\"  src=\"https:\/\/des-tuc.infd.edu.ar\/sitio\/wp-content\/uploads\/2024\/10\/Inicio-Feria-de-Ciencias-10-1900x1266.jpeg\" alt=\"\" class=\"wp-image-10699\" srcset=\"https:\/\/des-tuc.infd.edu.ar\/sitio\/wp-content\/uploads\/2024\/10\/Inicio-Feria-de-Ciencias-10-1900x1266.jpeg 1900w, https:\/\/des-tuc.infd.edu.ar\/sitio\/wp-content\/uploads\/2024\/10\/Inicio-Feria-de-Ciencias-10-1000x666.jpeg 1000w, https:\/\/des-tuc.infd.edu.ar\/sitio\/wp-content\/uploads\/2024\/10\/Inicio-Feria-de-Ciencias-10-768x512.jpeg 768w, https:\/\/des-tuc.infd.edu.ar\/sitio\/wp-content\/uploads\/2024\/10\/Inicio-Feria-de-Ciencias-10-1536x1024.jpeg 1536w, https:\/\/des-tuc.infd.edu.ar\/sitio\/wp-content\/uploads\/2024\/10\/Inicio-Feria-de-Ciencias-10-2048x1365.jpeg 2048w\" sizes=\"(max-width: 1900px) 100vw, 1900px\" \/><\/figure>\n\n\n\n<figure class=\"wp-block-image size-large\"><img decoding=\"async\" loading=\"lazy\" width=\"1900\" height=\"1266\" data-id=\"10700\"  src=\"https:\/\/des-tuc.infd.edu.ar\/sitio\/wp-content\/uploads\/2024\/10\/Inicio-Feria-de-Ciencias-9-1900x1266.jpeg\" alt=\"\" class=\"wp-image-10700\" srcset=\"https:\/\/des-tuc.infd.edu.ar\/sitio\/wp-content\/uploads\/2024\/10\/Inicio-Feria-de-Ciencias-9-1900x1266.jpeg 1900w, https:\/\/des-tuc.infd.edu.ar\/sitio\/wp-content\/uploads\/2024\/10\/Inicio-Feria-de-Ciencias-9-1000x666.jpeg 1000w, https:\/\/des-tuc.infd.edu.ar\/sitio\/wp-content\/uploads\/2024\/10\/Inicio-Feria-de-Ciencias-9-768x512.jpeg 768w, https:\/\/des-tuc.infd.edu.ar\/sitio\/wp-content\/uploads\/2024\/10\/Inicio-Feria-de-Ciencias-9-1536x1024.jpeg 1536w, https:\/\/des-tuc.infd.edu.ar\/sitio\/wp-content\/uploads\/2024\/10\/Inicio-Feria-de-Ciencias-9-2048x1365.jpeg 2048w\" sizes=\"(max-width: 1900px) 100vw, 1900px\" \/><\/figure>\n\n\n\n<figure class=\"wp-block-image size-large\"><img decoding=\"async\" loading=\"lazy\" width=\"1900\" height=\"1266\" data-id=\"10701\"  src=\"https:\/\/des-tuc.infd.edu.ar\/sitio\/wp-content\/uploads\/2024\/10\/Inicio-Feria-de-Ciencias-8-1900x1266.jpeg\" alt=\"\" class=\"wp-image-10701\" srcset=\"https:\/\/des-tuc.infd.edu.ar\/sitio\/wp-content\/uploads\/2024\/10\/Inicio-Feria-de-Ciencias-8-1900x1266.jpeg 1900w, https:\/\/des-tuc.infd.edu.ar\/sitio\/wp-content\/uploads\/2024\/10\/Inicio-Feria-de-Ciencias-8-1000x666.jpeg 1000w, https:\/\/des-tuc.infd.edu.ar\/sitio\/wp-content\/uploads\/2024\/10\/Inicio-Feria-de-Ciencias-8-768x512.jpeg 768w, https:\/\/des-tuc.infd.edu.ar\/sitio\/wp-content\/uploads\/2024\/10\/Inicio-Feria-de-Ciencias-8-1536x1024.jpeg 1536w, https:\/\/des-tuc.infd.edu.ar\/sitio\/wp-content\/uploads\/2024\/10\/Inicio-Feria-de-Ciencias-8-2048x1365.jpeg 2048w\" sizes=\"(max-width: 1900px) 100vw, 1900px\" \/><\/figure>\n\n\n\n<figure class=\"wp-block-image size-large\"><img decoding=\"async\" loading=\"lazy\" width=\"1900\" height=\"1266\" data-id=\"10703\"  src=\"https:\/\/des-tuc.infd.edu.ar\/sitio\/wp-content\/uploads\/2024\/10\/Inicio-Feria-de-Ciencias-7-1900x1266.jpeg\" alt=\"\" class=\"wp-image-10703\" srcset=\"https:\/\/des-tuc.infd.edu.ar\/sitio\/wp-content\/uploads\/2024\/10\/Inicio-Feria-de-Ciencias-7-1900x1266.jpeg 1900w, https:\/\/des-tuc.infd.edu.ar\/sitio\/wp-content\/uploads\/2024\/10\/Inicio-Feria-de-Ciencias-7-1000x666.jpeg 1000w, https:\/\/des-tuc.infd.edu.ar\/sitio\/wp-content\/uploads\/2024\/10\/Inicio-Feria-de-Ciencias-7-768x512.jpeg 768w, https:\/\/des-tuc.infd.edu.ar\/sitio\/wp-content\/uploads\/2024\/10\/Inicio-Feria-de-Ciencias-7-1536x1024.jpeg 1536w, https:\/\/des-tuc.infd.edu.ar\/sitio\/wp-content\/uploads\/2024\/10\/Inicio-Feria-de-Ciencias-7-2048x1365.jpeg 2048w\" sizes=\"(max-width: 1900px) 100vw, 1900px\" \/><\/figure>\n\n\n\n<figure class=\"wp-block-image size-large\"><img decoding=\"async\" loading=\"lazy\" width=\"1900\" height=\"1266\" data-id=\"10705\"  src=\"https:\/\/des-tuc.infd.edu.ar\/sitio\/wp-content\/uploads\/2024\/10\/Inicio-Feria-de-Ciencias-6-1900x1266.jpeg\" alt=\"\" class=\"wp-image-10705\" srcset=\"https:\/\/des-tuc.infd.edu.ar\/sitio\/wp-content\/uploads\/2024\/10\/Inicio-Feria-de-Ciencias-6-1900x1266.jpeg 1900w, https:\/\/des-tuc.infd.edu.ar\/sitio\/wp-content\/uploads\/2024\/10\/Inicio-Feria-de-Ciencias-6-1000x666.jpeg 1000w, https:\/\/des-tuc.infd.edu.ar\/sitio\/wp-content\/uploads\/2024\/10\/Inicio-Feria-de-Ciencias-6-768x512.jpeg 768w, https:\/\/des-tuc.infd.edu.ar\/sitio\/wp-content\/uploads\/2024\/10\/Inicio-Feria-de-Ciencias-6-1536x1024.jpeg 1536w, https:\/\/des-tuc.infd.edu.ar\/sitio\/wp-content\/uploads\/2024\/10\/Inicio-Feria-de-Ciencias-6-2048x1365.jpeg 2048w\" sizes=\"(max-width: 1900px) 100vw, 1900px\" \/><\/figure>\n\n\n\n<figure class=\"wp-block-image size-large\"><img decoding=\"async\" loading=\"lazy\" width=\"1900\" height=\"1266\" data-id=\"10704\"  src=\"https:\/\/des-tuc.infd.edu.ar\/sitio\/wp-content\/uploads\/2024\/10\/Inicio-Feria-de-Ciencias-5-1900x1266.jpeg\" alt=\"\" class=\"wp-image-10704\" srcset=\"https:\/\/des-tuc.infd.edu.ar\/sitio\/wp-content\/uploads\/2024\/10\/Inicio-Feria-de-Ciencias-5-1900x1266.jpeg 1900w, https:\/\/des-tuc.infd.edu.ar\/sitio\/wp-content\/uploads\/2024\/10\/Inicio-Feria-de-Ciencias-5-1000x666.jpeg 1000w, https:\/\/des-tuc.infd.edu.ar\/sitio\/wp-content\/uploads\/2024\/10\/Inicio-Feria-de-Ciencias-5-768x512.jpeg 768w, https:\/\/des-tuc.infd.edu.ar\/sitio\/wp-content\/uploads\/2024\/10\/Inicio-Feria-de-Ciencias-5-1536x1024.jpeg 1536w, https:\/\/des-tuc.infd.edu.ar\/sitio\/wp-content\/uploads\/2024\/10\/Inicio-Feria-de-Ciencias-5-2048x1365.jpeg 2048w\" sizes=\"(max-width: 1900px) 100vw, 1900px\" \/><\/figure>\n\n\n\n<figure class=\"wp-block-image size-large\"><img decoding=\"async\" loading=\"lazy\" width=\"1900\" height=\"1266\" data-id=\"10708\"  src=\"https:\/\/des-tuc.infd.edu.ar\/sitio\/wp-content\/uploads\/2024\/10\/Inicio-Feria-de-Ciencias-4-1900x1266.jpeg\" alt=\"\" class=\"wp-image-10708\" srcset=\"https:\/\/des-tuc.infd.edu.ar\/sitio\/wp-content\/uploads\/2024\/10\/Inicio-Feria-de-Ciencias-4-1900x1266.jpeg 1900w, https:\/\/des-tuc.infd.edu.ar\/sitio\/wp-content\/uploads\/2024\/10\/Inicio-Feria-de-Ciencias-4-1000x666.jpeg 1000w, https:\/\/des-tuc.infd.edu.ar\/sitio\/wp-content\/uploads\/2024\/10\/Inicio-Feria-de-Ciencias-4-768x512.jpeg 768w, https:\/\/des-tuc.infd.edu.ar\/sitio\/wp-content\/uploads\/2024\/10\/Inicio-Feria-de-Ciencias-4-1536x1024.jpeg 1536w, https:\/\/des-tuc.infd.edu.ar\/sitio\/wp-content\/uploads\/2024\/10\/Inicio-Feria-de-Ciencias-4-2048x1365.jpeg 2048w\" sizes=\"(max-width: 1900px) 100vw, 1900px\" \/><\/figure>\n\n\n\n<figure class=\"wp-block-image size-large\"><img decoding=\"async\" loading=\"lazy\" width=\"1900\" height=\"1266\" data-id=\"10707\"  src=\"https:\/\/des-tuc.infd.edu.ar\/sitio\/wp-content\/uploads\/2024\/10\/Inicio-Feria-de-Ciencias-3-1900x1266.jpeg\" alt=\"\" class=\"wp-image-10707\" srcset=\"https:\/\/des-tuc.infd.edu.ar\/sitio\/wp-content\/uploads\/2024\/10\/Inicio-Feria-de-Ciencias-3-1900x1266.jpeg 1900w, https:\/\/des-tuc.infd.edu.ar\/sitio\/wp-content\/uploads\/2024\/10\/Inicio-Feria-de-Ciencias-3-1000x666.jpeg 1000w, https:\/\/des-tuc.infd.edu.ar\/sitio\/wp-content\/uploads\/2024\/10\/Inicio-Feria-de-Ciencias-3-768x512.jpeg 768w, https:\/\/des-tuc.infd.edu.ar\/sitio\/wp-content\/uploads\/2024\/10\/Inicio-Feria-de-Ciencias-3-1536x1024.jpeg 1536w, https:\/\/des-tuc.infd.edu.ar\/sitio\/wp-content\/uploads\/2024\/10\/Inicio-Feria-de-Ciencias-3-2048x1365.jpeg 2048w\" sizes=\"(max-width: 1900px) 100vw, 1900px\" \/><\/figure>\n\n\n\n<figure class=\"wp-block-image size-large\"><img decoding=\"async\" loading=\"lazy\" width=\"1900\" height=\"1266\" data-id=\"10706\"  src=\"https:\/\/des-tuc.infd.edu.ar\/sitio\/wp-content\/uploads\/2024\/10\/Inicio-Feria-de-Ciencias-2-1900x1266.jpeg\" alt=\"\" class=\"wp-image-10706\" srcset=\"https:\/\/des-tuc.infd.edu.ar\/sitio\/wp-content\/uploads\/2024\/10\/Inicio-Feria-de-Ciencias-2-1900x1266.jpeg 1900w, https:\/\/des-tuc.infd.edu.ar\/sitio\/wp-content\/uploads\/2024\/10\/Inicio-Feria-de-Ciencias-2-1000x666.jpeg 1000w, https:\/\/des-tuc.infd.edu.ar\/sitio\/wp-content\/uploads\/2024\/10\/Inicio-Feria-de-Ciencias-2-768x512.jpeg 768w, https:\/\/des-tuc.infd.edu.ar\/sitio\/wp-content\/uploads\/2024\/10\/Inicio-Feria-de-Ciencias-2-1536x1024.jpeg 1536w, https:\/\/des-tuc.infd.edu.ar\/sitio\/wp-content\/uploads\/2024\/10\/Inicio-Feria-de-Ciencias-2-2048x1365.jpeg 2048w\" sizes=\"(max-width: 1900px) 100vw, 1900px\" \/><\/figure>\n\n\n\n<figure class=\"wp-block-image size-large\"><img decoding=\"async\" loading=\"lazy\" width=\"1900\" height=\"1267\" data-id=\"10709\"  src=\"https:\/\/des-tuc.infd.edu.ar\/sitio\/wp-content\/uploads\/2024\/10\/Inicio-Feria-de-Ciencias-1-1900x1267.jpeg\" alt=\"\" class=\"wp-image-10709\" srcset=\"https:\/\/des-tuc.infd.edu.ar\/sitio\/wp-content\/uploads\/2024\/10\/Inicio-Feria-de-Ciencias-1-1900x1267.jpeg 1900w, https:\/\/des-tuc.infd.edu.ar\/sitio\/wp-content\/uploads\/2024\/10\/Inicio-Feria-de-Ciencias-1-1000x667.jpeg 1000w, https:\/\/des-tuc.infd.edu.ar\/sitio\/wp-content\/uploads\/2024\/10\/Inicio-Feria-de-Ciencias-1-768x512.jpeg 768w, https:\/\/des-tuc.infd.edu.ar\/sitio\/wp-content\/uploads\/2024\/10\/Inicio-Feria-de-Ciencias-1-1536x1024.jpeg 1536w, https:\/\/des-tuc.infd.edu.ar\/sitio\/wp-content\/uploads\/2024\/10\/Inicio-Feria-de-Ciencias-1-2048x1366.jpeg 2048w\" sizes=\"(max-width: 1900px) 100vw, 1900px\" \/><\/figure>\n<\/figure>\n\n\n\n<p><\/p>\n","protected":false},"excerpt":{"rendered":"<p>En el Hotel Catalinas y con la presencia de la ministra de Educaci\u00f3n,&nbsp;Susana Montaldo; el subsecretario de Pol\u00edticas e Innovaci\u00f3n Educativa,&nbsp;Alfredo Vota; el director Nacional de Inclusi\u00f3n y Extensi\u00f3n Educativa,&nbsp;Mauricio Terr\u00f3n Miguez; y el coordinador del \u00e1rea de Actividades Cient\u00edficas de la Secretar\u00eda de Educaci\u00f3n de la Naci\u00f3n,&nbsp;Horacio Tignanelli, comenz\u00f3 el eje art\u00edstico de la &#8230; <a title=\"Comenz\u00f3 en Tucum\u00e1n la Feria Nacional de Educaci\u00f3n, Artes, Ciencias y Tecnolog\u00eda 2024\" class=\"read-more\" href=\"https:\/\/des-tuc.infd.edu.ar\/sitio\/comenzo-en-tucuman-la-feria-nacional-de-educacion-artes-ciencias-y-tecnologia-2024\/\" aria-label=\"More on Comenz\u00f3 en Tucum\u00e1n la Feria Nacional de Educaci\u00f3n, Artes, Ciencias y Tecnolog\u00eda 2024\">[+]<\/a><\/p>\n","protected":false},"author":543,"featured_media":10689,"comment_status":"closed","ping_status":"closed","sticky":false,"template":"","format":"standard","meta":[],"categories":[7,6],"tags":[],"acf":[],"_links":{"self":[{"href":"https:\/\/des-tuc.infd.edu.ar\/sitio\/wp-json\/wp\/v2\/posts\/10687"}],"collection":[{"href":"https:\/\/des-tuc.infd.edu.ar\/sitio\/wp-json\/wp\/v2\/posts"}],"about":[{"href":"https:\/\/des-tuc.infd.edu.ar\/sitio\/wp-json\/wp\/v2\/types\/post"}],"author":[{"embeddable":true,"href":"https:\/\/des-tuc.infd.edu.ar\/sitio\/wp-json\/wp\/v2\/users\/543"}],"replies":[{"embeddable":true,"href":"https:\/\/des-tuc.infd.edu.ar\/sitio\/wp-json\/wp\/v2\/comments?post=10687"}],"version-history":[{"count":1,"href":"https:\/\/des-tuc.infd.edu.ar\/sitio\/wp-json\/wp\/v2\/posts\/10687\/revisions"}],"predecessor-version":[{"id":10710,"href":"https:\/\/des-tuc.infd.edu.ar\/sitio\/wp-json\/wp\/v2\/posts\/10687\/revisions\/10710"}],"wp:featuredmedia":[{"embeddable":true,"href":"https:\/\/des-tuc.infd.edu.ar\/sitio\/wp-json\/wp\/v2\/media\/10689"}],"wp:attachment":[{"href":"https:\/\/des-tuc.infd.edu.ar\/sitio\/wp-json\/wp\/v2\/media?parent=10687"}],"wp:term":[{"taxonomy":"category","embeddable":true,"href":"https:\/\/des-tuc.infd.edu.ar\/sitio\/wp-json\/wp\/v2\/categories?post=10687"},{"taxonomy":"post_tag","embeddable":true,"href":"https:\/\/des-tuc.infd.edu.ar\/sitio\/wp-json\/wp\/v2\/tags?post=10687"}],"curies":[{"name":"wp","href":"https:\/\/api.w.org\/{rel}","templated":true}]}}