{"id":10678,"date":"2024-10-22T10:14:13","date_gmt":"2024-10-22T13:14:13","guid":{"rendered":"https:\/\/des-tuc.infd.edu.ar\/sitio\/?p=10678"},"modified":"2024-10-22T10:14:14","modified_gmt":"2024-10-22T13:14:14","slug":"educacion-y-el-conicet-noa-sur-trabajan-para-fortalecer-la-formacion-docente-en-fisica","status":"publish","type":"post","link":"https:\/\/des-tuc.infd.edu.ar\/sitio\/educacion-y-el-conicet-noa-sur-trabajan-para-fortalecer-la-formacion-docente-en-fisica\/","title":{"rendered":"Educaci\u00f3n y el Conicet NOA Sur trabajan para fortalecer la formaci\u00f3n docente en f\u00edsica"},"content":{"rendered":"\n<p>Con el objetivo de articular acciones para profesionalizar y fortalecer la formaci\u00f3n docente en el \u00e1rea de f\u00edsica, la ministra de Educaci\u00f3n,&nbsp;<strong>Susana Montaldo<\/strong>, recibi\u00f3 en el despacho de Casa de Gobierno a miembros del Conicet NOA Sur, entre ellos su director de proyectos,&nbsp;<strong>Dirk Trotteyn<\/strong>; a la directora del Instituto de F\u00edsica del NOA (INFINOA),&nbsp;<strong>Ana Clelia G\u00f3mez<\/strong>; y al director del Instituto de Investigaci\u00f3n en Luz, Ambiente y Visi\u00f3n (ILAV),&nbsp;<strong>Luis Issolio<\/strong>.<\/p>\n\n\n\n<p>Adem\u00e1s, por parte del Ministerio de Educaci\u00f3n, estuvo la directora de Educaci\u00f3n Superior,&nbsp;<strong>Silvina Fern\u00e1ndez<\/strong>; y el coordinador Acad\u00e9mico del CIIDEPT,&nbsp;<strong>Marcelo Ju\u00e1rez<\/strong>.<\/p>\n\n\n\n<p>Tras la reuni\u00f3n, el director de proyectos del Conicet NOA Sur, Dirk Trotteyn, cont\u00f3:&nbsp;<em>\u201cEstuvimos en una reuni\u00f3n muy fruct\u00edfera, conversamos en un espacio de articulaci\u00f3n entre el Conicet y el Ministerio, puntualmente para tratar distintos temas como la f\u00edsica, apuntar a lo que es la profesionalizaci\u00f3n de la formaci\u00f3n docente en la materia\u201d<\/em>.<\/p>\n\n\n\n<p>Adem\u00e1s, Trotteyn agreg\u00f3:\u00a0<em>\u201cHemos trabajado tambi\u00e9n en jornadas de actualizaci\u00f3n docente, en la posibilidad de algunas pr\u00e1cticas, dentro de lo que es el Conicet y, por sobre todo, para poder explorar todo lo que son el parque geol\u00f3gico, el parque de Horco Molle, en las distintas disciplinas para poder aprovechar que los chicos puedan conocer el entorno y las realidades que tiene la provincia<\/em>\u201c.<\/p>\n\n\n\n<p>Fuente: https:\/\/www.educaciontuc.gov.ar\/2024\/10\/14\/educacion-y-el-conicet-noa-sur-trabajan-para-fortalecer-la-formacion-docente-en-fisica\/<\/p>\n\n\n\n<p><\/p>\n\n\n\n<figure class=\"wp-block-gallery has-nested-images columns-default is-cropped wp-block-gallery-1 is-layout-flex\">\n<figure class=\"wp-block-image size-large\"><img decoding=\"async\" loading=\"lazy\" width=\"1900\" height=\"1266\" data-id=\"10680\"  src=\"https:\/\/des-tuc.infd.edu.ar\/sitio\/wp-content\/uploads\/2024\/10\/Reunion-Conicet-NOA-Sur-5-1900x1266.jpeg\" alt=\"\" class=\"wp-image-10680\" srcset=\"https:\/\/des-tuc.infd.edu.ar\/sitio\/wp-content\/uploads\/2024\/10\/Reunion-Conicet-NOA-Sur-5-1900x1266.jpeg 1900w, https:\/\/des-tuc.infd.edu.ar\/sitio\/wp-content\/uploads\/2024\/10\/Reunion-Conicet-NOA-Sur-5-1000x666.jpeg 1000w, https:\/\/des-tuc.infd.edu.ar\/sitio\/wp-content\/uploads\/2024\/10\/Reunion-Conicet-NOA-Sur-5-768x512.jpeg 768w, https:\/\/des-tuc.infd.edu.ar\/sitio\/wp-content\/uploads\/2024\/10\/Reunion-Conicet-NOA-Sur-5-1536x1024.jpeg 1536w, https:\/\/des-tuc.infd.edu.ar\/sitio\/wp-content\/uploads\/2024\/10\/Reunion-Conicet-NOA-Sur-5-2048x1365.jpeg 2048w\" sizes=\"(max-width: 1900px) 100vw, 1900px\" \/><\/figure>\n\n\n\n<figure class=\"wp-block-image size-large\"><img decoding=\"async\" loading=\"lazy\" width=\"1900\" height=\"1266\" data-id=\"10684\"  src=\"https:\/\/des-tuc.infd.edu.ar\/sitio\/wp-content\/uploads\/2024\/10\/Reunion-Conicet-NOA-Sur-4-1900x1266.jpeg\" alt=\"\" class=\"wp-image-10684\" srcset=\"https:\/\/des-tuc.infd.edu.ar\/sitio\/wp-content\/uploads\/2024\/10\/Reunion-Conicet-NOA-Sur-4-1900x1266.jpeg 1900w, https:\/\/des-tuc.infd.edu.ar\/sitio\/wp-content\/uploads\/2024\/10\/Reunion-Conicet-NOA-Sur-4-1000x666.jpeg 1000w, https:\/\/des-tuc.infd.edu.ar\/sitio\/wp-content\/uploads\/2024\/10\/Reunion-Conicet-NOA-Sur-4-768x512.jpeg 768w, https:\/\/des-tuc.infd.edu.ar\/sitio\/wp-content\/uploads\/2024\/10\/Reunion-Conicet-NOA-Sur-4-1536x1024.jpeg 1536w, https:\/\/des-tuc.infd.edu.ar\/sitio\/wp-content\/uploads\/2024\/10\/Reunion-Conicet-NOA-Sur-4-2048x1365.jpeg 2048w\" sizes=\"(max-width: 1900px) 100vw, 1900px\" \/><\/figure>\n\n\n\n<figure class=\"wp-block-image size-large\"><img decoding=\"async\" loading=\"lazy\" width=\"1900\" height=\"1266\" data-id=\"10683\"  src=\"https:\/\/des-tuc.infd.edu.ar\/sitio\/wp-content\/uploads\/2024\/10\/Reunion-Conicet-NOA-Sur-3-1900x1266.jpeg\" alt=\"\" class=\"wp-image-10683\" srcset=\"https:\/\/des-tuc.infd.edu.ar\/sitio\/wp-content\/uploads\/2024\/10\/Reunion-Conicet-NOA-Sur-3-1900x1266.jpeg 1900w, https:\/\/des-tuc.infd.edu.ar\/sitio\/wp-content\/uploads\/2024\/10\/Reunion-Conicet-NOA-Sur-3-1000x666.jpeg 1000w, https:\/\/des-tuc.infd.edu.ar\/sitio\/wp-content\/uploads\/2024\/10\/Reunion-Conicet-NOA-Sur-3-768x512.jpeg 768w, https:\/\/des-tuc.infd.edu.ar\/sitio\/wp-content\/uploads\/2024\/10\/Reunion-Conicet-NOA-Sur-3-1536x1024.jpeg 1536w, https:\/\/des-tuc.infd.edu.ar\/sitio\/wp-content\/uploads\/2024\/10\/Reunion-Conicet-NOA-Sur-3-2048x1365.jpeg 2048w\" sizes=\"(max-width: 1900px) 100vw, 1900px\" \/><\/figure>\n\n\n\n<figure class=\"wp-block-image size-large\"><img decoding=\"async\" loading=\"lazy\" width=\"1900\" height=\"1266\" data-id=\"10681\"  src=\"https:\/\/des-tuc.infd.edu.ar\/sitio\/wp-content\/uploads\/2024\/10\/Reunion-Conicet-NOA-Sur-2-1900x1266.jpeg\" alt=\"\" class=\"wp-image-10681\" srcset=\"https:\/\/des-tuc.infd.edu.ar\/sitio\/wp-content\/uploads\/2024\/10\/Reunion-Conicet-NOA-Sur-2-1900x1266.jpeg 1900w, https:\/\/des-tuc.infd.edu.ar\/sitio\/wp-content\/uploads\/2024\/10\/Reunion-Conicet-NOA-Sur-2-1000x666.jpeg 1000w, https:\/\/des-tuc.infd.edu.ar\/sitio\/wp-content\/uploads\/2024\/10\/Reunion-Conicet-NOA-Sur-2-768x512.jpeg 768w, https:\/\/des-tuc.infd.edu.ar\/sitio\/wp-content\/uploads\/2024\/10\/Reunion-Conicet-NOA-Sur-2-1536x1024.jpeg 1536w, https:\/\/des-tuc.infd.edu.ar\/sitio\/wp-content\/uploads\/2024\/10\/Reunion-Conicet-NOA-Sur-2-2048x1365.jpeg 2048w\" sizes=\"(max-width: 1900px) 100vw, 1900px\" \/><\/figure>\n\n\n\n<figure class=\"wp-block-image size-large\"><img decoding=\"async\" loading=\"lazy\" width=\"1900\" height=\"1266\" data-id=\"10682\"  src=\"https:\/\/des-tuc.infd.edu.ar\/sitio\/wp-content\/uploads\/2024\/10\/Reunion-Conicet-NOA-Sur-1-1900x1266.jpeg\" alt=\"\" class=\"wp-image-10682\" srcset=\"https:\/\/des-tuc.infd.edu.ar\/sitio\/wp-content\/uploads\/2024\/10\/Reunion-Conicet-NOA-Sur-1-1900x1266.jpeg 1900w, https:\/\/des-tuc.infd.edu.ar\/sitio\/wp-content\/uploads\/2024\/10\/Reunion-Conicet-NOA-Sur-1-1000x666.jpeg 1000w, https:\/\/des-tuc.infd.edu.ar\/sitio\/wp-content\/uploads\/2024\/10\/Reunion-Conicet-NOA-Sur-1-768x512.jpeg 768w, https:\/\/des-tuc.infd.edu.ar\/sitio\/wp-content\/uploads\/2024\/10\/Reunion-Conicet-NOA-Sur-1-1536x1024.jpeg 1536w, https:\/\/des-tuc.infd.edu.ar\/sitio\/wp-content\/uploads\/2024\/10\/Reunion-Conicet-NOA-Sur-1-2048x1365.jpeg 2048w\" sizes=\"(max-width: 1900px) 100vw, 1900px\" \/><\/figure>\n<\/figure>\n\n\n\n<p><\/p>\n","protected":false},"excerpt":{"rendered":"<p>Con el objetivo de articular acciones para profesionalizar y fortalecer la formaci\u00f3n docente en el \u00e1rea de f\u00edsica, la ministra de Educaci\u00f3n,&nbsp;Susana Montaldo, recibi\u00f3 en el despacho de Casa de Gobierno a miembros del Conicet NOA Sur, entre ellos su director de proyectos,&nbsp;Dirk Trotteyn; a la directora del Instituto de F\u00edsica del NOA (INFINOA),&nbsp;Ana Clelia &#8230; <a title=\"Educaci\u00f3n y el Conicet NOA Sur trabajan para fortalecer la formaci\u00f3n docente en f\u00edsica\" class=\"read-more\" href=\"https:\/\/des-tuc.infd.edu.ar\/sitio\/educacion-y-el-conicet-noa-sur-trabajan-para-fortalecer-la-formacion-docente-en-fisica\/\" aria-label=\"More on Educaci\u00f3n y el Conicet NOA Sur trabajan para fortalecer la formaci\u00f3n docente en f\u00edsica\">[+]<\/a><\/p>\n","protected":false},"author":543,"featured_media":10679,"comment_status":"closed","ping_status":"closed","sticky":false,"template":"","format":"standard","meta":[],"categories":[7,6],"tags":[],"acf":[],"_links":{"self":[{"href":"https:\/\/des-tuc.infd.edu.ar\/sitio\/wp-json\/wp\/v2\/posts\/10678"}],"collection":[{"href":"https:\/\/des-tuc.infd.edu.ar\/sitio\/wp-json\/wp\/v2\/posts"}],"about":[{"href":"https:\/\/des-tuc.infd.edu.ar\/sitio\/wp-json\/wp\/v2\/types\/post"}],"author":[{"embeddable":true,"href":"https:\/\/des-tuc.infd.edu.ar\/sitio\/wp-json\/wp\/v2\/users\/543"}],"replies":[{"embeddable":true,"href":"https:\/\/des-tuc.infd.edu.ar\/sitio\/wp-json\/wp\/v2\/comments?post=10678"}],"version-history":[{"count":1,"href":"https:\/\/des-tuc.infd.edu.ar\/sitio\/wp-json\/wp\/v2\/posts\/10678\/revisions"}],"predecessor-version":[{"id":10685,"href":"https:\/\/des-tuc.infd.edu.ar\/sitio\/wp-json\/wp\/v2\/posts\/10678\/revisions\/10685"}],"wp:featuredmedia":[{"embeddable":true,"href":"https:\/\/des-tuc.infd.edu.ar\/sitio\/wp-json\/wp\/v2\/media\/10679"}],"wp:attachment":[{"href":"https:\/\/des-tuc.infd.edu.ar\/sitio\/wp-json\/wp\/v2\/media?parent=10678"}],"wp:term":[{"taxonomy":"category","embeddable":true,"href":"https:\/\/des-tuc.infd.edu.ar\/sitio\/wp-json\/wp\/v2\/categories?post=10678"},{"taxonomy":"post_tag","embeddable":true,"href":"https:\/\/des-tuc.infd.edu.ar\/sitio\/wp-json\/wp\/v2\/tags?post=10678"}],"curies":[{"name":"wp","href":"https:\/\/api.w.org\/{rel}","templated":true}]}}